{"id":2551,"date":"2025-04-11T17:59:58","date_gmt":"2025-04-11T14:59:58","guid":{"rendered":"https:\/\/avukatimtv.com\/?p=2551"},"modified":"2025-04-11T17:59:58","modified_gmt":"2025-04-11T14:59:58","slug":"esenyurtta-palet-hirsizligina-direnis","status":"publish","type":"post","link":"https:\/\/avukatimtv.com\/index.php\/2025\/04\/11\/esenyurtta-palet-hirsizligina-direnis\/","title":{"rendered":"Esenyurt&#8217;ta Palet H\u0131rs\u0131zl\u0131\u011f\u0131na Direni\u015f"},"content":{"rendered":"<p>Sema Gezici, h\u0131rs\u0131zlara kar\u015f\u0131 koyarak \u00e7ald\u0131klar\u0131 paletleri geri kazand\u0131rd\u0131. Korktu ama pes etmedi.<\/p>\n<p>Esenyurt&#8217;ta palet h\u0131rs\u0131zlar\u0131na direnen market \u00e7al\u0131\u015fan\u0131 gen\u00e7 k\u0131z ya\u015fad\u0131klar\u0131n\u0131 anlatt\u0131. Sema Gezici &#8220;Birinin h\u0131rs\u0131zlara dur demesi gerekiyordu. Ben de bunu yapt\u0131m. Pe\u015flerinden ko\u015ftum arabaya bindim. Beni de g\u00f6t\u00fcrecekler diye bir an korktum ama bizi kim alabilir&#8221; dedi.<\/p>\n<p>Esenyurt&#8217;ta ya\u015fanan olayda market \u00e7al\u0131\u015fan\u0131 gen\u00e7 k\u0131z palet \u00e7almaya \u00e7al\u0131\u015fan h\u0131rs\u0131zlara direnmi\u015f, o anlar sosyal medyada b\u00fcy\u00fck ilgi g\u00f6rm\u00fc\u015ft\u00fc. G\u00f6r\u00fcnt\u00fclerde h\u0131rs\u0131zlar\u0131n paletine atlayan gen\u00e7 k\u0131z, h\u0131rs\u0131zlara b\u00fcy\u00fck bir \u015fok ya\u015fatm\u0131\u015ft\u0131. Beklemedikleri bir tepki ile kar\u015f\u0131layan h\u0131rs\u0131zlar, gen\u00e7 k\u0131z\u0131n talimatlar\u0131na uyarak \u00e7ald\u0131klar\u0131 paletleri yerine geri b\u0131rakm\u0131\u015ft\u0131.<\/p>\n<p>Ya\u015fananlar\u0131 anlatan 18 ya\u015f\u0131ndaki Sema Gezici isimli gen\u00e7 k\u0131z &#8220;S\u00fcrekli palet \u00e7al\u0131nd\u0131\u011f\u0131n\u0131 fark ettim. Fark etmedi\u011fimizde b\u00fct\u00fcn paletlerimizin \u00e7al\u0131nd\u0131\u011f\u0131 zamanlar olmu\u015ftu. Pe\u015flerinden ko\u015ftum. Bir an beni de g\u00f6t\u00fcrecekler diye korktum ama \u00f6yle bir \u015fey olmad\u0131. Bizi kim alabilir&#8221; diye konu\u015ftu.<\/p>\n<p>Ya\u015fananlardan sonra h\u0131rs\u0131zlar\u0131n bir daha geri gelece\u011fini d\u00fc\u015f\u00fcnmedi\u011fini s\u00f6yleyen gen\u00e7 k\u0131z, &#8220;Buna birinin dur demesi laz\u0131md\u0131. \u00c7\u00fcnk\u00fc emek h\u0131rs\u0131zl\u0131\u011f\u0131 bu, haks\u0131zl\u0131k bu. Ben de buna dur demek istedim. Ko\u015ftum pe\u015flerinden. Ald\u0131klar\u0131 gibi yerine b\u0131rakt\u0131rd\u0131m paletleri. Daha da gelemezler&#8221; ifadelerini kulland\u0131.<\/p>\n<p>&nbsp;<\/p>\n<p>&nbsp;<\/p>\n<p><strong>KAYNAK:SONDAK\u0130KA<\/strong><\/p>\n","protected":false},"excerpt":{"rendered":"<p>Sema Gezici, h\u0131rs\u0131zlara kar\u015f\u0131 koyarak \u00e7ald\u0131klar\u0131 paletleri geri kazand\u0131rd\u0131. Korktu ama pes etmedi. Esenyurt&#8217;ta palet h\u0131rs\u0131zlar\u0131na direnen market \u00e7al\u0131\u015fan\u0131 gen\u00e7 k\u0131z ya\u015fad\u0131klar\u0131n\u0131 anlatt\u0131. Sema Gezici &#8220;Birinin h\u0131rs\u0131zlara dur demesi gerekiyordu. Ben de bunu yapt\u0131m. Pe\u015flerinden ko\u015ftum arabaya bindim. Beni de g\u00f6t\u00fcrecekler diye bir an korktum ama bizi kim alabilir&#8221; dedi. Esenyurt&#8217;ta ya\u015fanan olayda market \u00e7al\u0131\u015fan\u0131 [&hellip;]<\/p>\n","protected":false},"author":1,"featured_media":2552,"comment_status":"closed","ping_status":"closed","sticky":false,"template":"","format":"standard","meta":{"footnotes":""},"categories":[7,39],"tags":[152,175,204,33],"class_list":["post-2551","post","type-post","status-publish","format-standard","has-post-thumbnail","hentry","category-gundem","category-haber","tag-esenyurt","tag-guvenlik","tag-hirsizlik","tag-yasam"],"_links":{"self":[{"href":"https:\/\/avukatimtv.com\/index.php\/wp-json\/wp\/v2\/posts\/2551","targetHints":{"allow":["GET"]}}],"collection":[{"href":"https:\/\/avukatimtv.com\/index.php\/wp-json\/wp\/v2\/posts"}],"about":[{"href":"https:\/\/avukatimtv.com\/index.php\/wp-json\/wp\/v2\/types\/post"}],"author":[{"embeddable":true,"href":"https:\/\/avukatimtv.com\/index.php\/wp-json\/wp\/v2\/users\/1"}],"replies":[{"embeddable":true,"href":"https:\/\/avukatimtv.com\/index.php\/wp-json\/wp\/v2\/comments?post=2551"}],"version-history":[{"count":1,"href":"https:\/\/avukatimtv.com\/index.php\/wp-json\/wp\/v2\/posts\/2551\/revisions"}],"predecessor-version":[{"id":2553,"href":"https:\/\/avukatimtv.com\/index.php\/wp-json\/wp\/v2\/posts\/2551\/revisions\/2553"}],"wp:featuredmedia":[{"embeddable":true,"href":"https:\/\/avukatimtv.com\/index.php\/wp-json\/wp\/v2\/media\/2552"}],"wp:attachment":[{"href":"https:\/\/avukatimtv.com\/index.php\/wp-json\/wp\/v2\/media?parent=2551"}],"wp:term":[{"taxonomy":"category","embeddable":true,"href":"https:\/\/avukatimtv.com\/index.php\/wp-json\/wp\/v2\/categories?post=2551"},{"taxonomy":"post_tag","embeddable":true,"href":"https:\/\/avukatimtv.com\/index.php\/wp-json\/wp\/v2\/tags?post=2551"}],"curies":[{"name":"wp","href":"https:\/\/api.w.org\/{rel}","templated":true}]}}