{"id":2555,"date":"2025-04-11T18:39:57","date_gmt":"2025-04-11T15:39:57","guid":{"rendered":"https:\/\/avukatimtv.com\/?p=2555"},"modified":"2025-04-11T18:39:57","modified_gmt":"2025-04-11T15:39:57","slug":"kotu-koku-korkunc-gercegi-ortaya-cikardi-5-gunluk-ceset-bulundu","status":"publish","type":"post","link":"https:\/\/avukatimtv.com\/index.php\/2025\/04\/11\/kotu-koku-korkunc-gercegi-ortaya-cikardi-5-gunluk-ceset-bulundu\/","title":{"rendered":"K\u00f6t\u00fc koku korkun\u00e7 ger\u00e7e\u011fi ortaya \u00e7\u0131kard\u0131, 5 g\u00fcnl\u00fck ceset bulundu"},"content":{"rendered":"<h2 id=\"spot\" class=\"mt10 haber_ozet\">\u0130zmir&#8217;de k\u00f6t\u00fc koku yay\u0131lan bir daireye ihbar \u00fczerine polis ve sa\u011fl\u0131k ekipleri sevk edildi. Kap\u0131y\u0131 a\u00e7an ekipler 60 ya\u015f\u0131ndaki adam\u0131n cans\u0131z bedeniyle kar\u015f\u0131la\u015ft\u0131. \u0130ncelemelerde \u015fahs\u0131n 5 g\u00fcn \u00f6nce \u00f6ld\u00fc\u011f\u00fc de\u011ferlendirilirken pet \u015fi\u015fede bulunan alkolden numune al\u0131nd\u0131.<\/h2>\n<div class=\"hbptDate\">\u0130zmir&#8217;in\u00a0Bornova\u00a0il\u00e7esine ba\u011fl\u0131 Barbaros Mahallesi&#8217;nde yer alan 3 katl\u0131 binada bir daireden k\u00f6t\u00fc koku yay\u0131lmas\u0131 \u00fczerine bina sakinleri 112 Acil \u00c7a\u011fr\u0131 Merkezi&#8217;ne ihbarda bulundu. \u0130hbar \u00fczerine adrese sa\u011fl\u0131k ve polis ekipleri sevk edildi.<\/div>\n<div><\/div>\n<div><img decoding=\"async\" src=\"http:\/\/foto.sondakika.com\/haber\/2025\/04\/11\/kotu-koku-korkunc-gercegi-ortaya-cikardi-5-18503868_313_m.jpg\" alt=\"K\u00f6t\u00fc koku korkun\u00e7 ger\u00e7e\u011fi ortaya \u00e7\u0131kard\u0131, 5 g\u00fcnl\u00fck ceset bulundu\" \/><\/div>\n<div><\/div>\n<div>\n<h3>5 G\u00dcNL\u00dcK CESET BULUNDU<\/h3>\n<p>Dairede ikamet eden\u00a0H\u00fcseyin Yavuz&#8217;un (60) akrabalar\u0131n\u0131n yard\u0131m\u0131yla polis ekipleri kap\u0131y\u0131 a\u00e7t\u0131. Eve giren ekipler Yavuz&#8217;un cans\u0131z bedeniyle kar\u015f\u0131la\u015ft\u0131. Yavuz&#8217;un cenazesi, savc\u0131n\u0131n olay yerindeki incelemesinin ard\u0131ndan \u0130zmir\u00a0Adli T\u0131p Kurumu\u00a0morguna g\u00f6t\u00fcr\u00fcld\u00fc. Ekiplerce yap\u0131lan ilk incelemede, cesedin yakla\u015f\u0131k 5 g\u00fcnl\u00fck oldu\u011fu de\u011ferlendiriliyor.<\/p>\n<p><img decoding=\"async\" src=\"http:\/\/foto.sondakika.com\/haber\/2025\/04\/11\/kotu-koku-korkunc-gercegi-ortaya-cikardi-5-18503868_2571_m.jpg\" alt=\"K\u00f6t\u00fc koku korkun\u00e7 ger\u00e7e\u011fi ortaya \u00e7\u0131kard\u0131, 5 g\u00fcnl\u00fck ceset bulundu\" \/><\/p>\n<\/div>\n<h3>SAHTE ALKOL \u015e\u00dcPHES\u0130<\/h3>\n<p>Pet \u015fi\u015fede alkol bulan ve zehirlenme \u015f\u00fcphesini de de\u011ferlendiren polis ekipleri, alkolden al\u0131nan numuneyi incelenmesi i\u00e7in \u0130l\u00a0Tar\u0131m\u00a0ve Orman M\u00fcd\u00fcrl\u00fc\u011f\u00fcne g\u00f6nderdi.<\/p>\n<p><img decoding=\"async\" src=\"https:\/\/foto.sondakika.com\/haber\/2025\/04\/11\/kotu-koku-korkunc-gercegi-ortaya-cikardi-5-18503868_2604_amp.jpg\" alt=\"K\u00f6t\u00fc koku korkun\u00e7 ger\u00e7e\u011fi ortaya \u00e7\u0131kard\u0131, 5 g\u00fcnl\u00fck ceset bulundu\" \/><\/p>\n<p>&nbsp;<\/p>\n<p>&nbsp;<\/p>\n<p><strong>KAYNAK:SONDAK\u0130KA<\/strong><\/p>\n","protected":false},"excerpt":{"rendered":"<p>\u0130zmir&#8217;de k\u00f6t\u00fc koku yay\u0131lan bir daireye ihbar \u00fczerine polis ve sa\u011fl\u0131k ekipleri sevk edildi. Kap\u0131y\u0131 a\u00e7an ekipler 60 ya\u015f\u0131ndaki adam\u0131n cans\u0131z bedeniyle kar\u015f\u0131la\u015ft\u0131. \u0130ncelemelerde \u015fahs\u0131n 5 g\u00fcn \u00f6nce \u00f6ld\u00fc\u011f\u00fc de\u011ferlendirilirken pet \u015fi\u015fede bulunan alkolden numune al\u0131nd\u0131. \u0130zmir&#8217;in\u00a0Bornova\u00a0il\u00e7esine ba\u011fl\u0131 Barbaros Mahallesi&#8217;nde yer alan 3 katl\u0131 binada bir daireden k\u00f6t\u00fc koku yay\u0131lmas\u0131 \u00fczerine bina sakinleri 112 Acil [&hellip;]<\/p>\n","protected":false},"author":1,"featured_media":2556,"comment_status":"closed","ping_status":"closed","sticky":false,"template":"","format":"standard","meta":{"footnotes":""},"categories":[7,39],"tags":[224,49,382,362,384,383,33,331],"class_list":["post-2555","post","type-post","status-publish","format-standard","has-post-thumbnail","hentry","category-gundem","category-haber","tag-izmir","tag-polis","tag-adli-tip-kurumu","tag-asayis","tag-bornova","tag-huseyin-yavuz","tag-yasam","tag-yerel-haberler"],"_links":{"self":[{"href":"https:\/\/avukatimtv.com\/index.php\/wp-json\/wp\/v2\/posts\/2555","targetHints":{"allow":["GET"]}}],"collection":[{"href":"https:\/\/avukatimtv.com\/index.php\/wp-json\/wp\/v2\/posts"}],"about":[{"href":"https:\/\/avukatimtv.com\/index.php\/wp-json\/wp\/v2\/types\/post"}],"author":[{"embeddable":true,"href":"https:\/\/avukatimtv.com\/index.php\/wp-json\/wp\/v2\/users\/1"}],"replies":[{"embeddable":true,"href":"https:\/\/avukatimtv.com\/index.php\/wp-json\/wp\/v2\/comments?post=2555"}],"version-history":[{"count":1,"href":"https:\/\/avukatimtv.com\/index.php\/wp-json\/wp\/v2\/posts\/2555\/revisions"}],"predecessor-version":[{"id":2557,"href":"https:\/\/avukatimtv.com\/index.php\/wp-json\/wp\/v2\/posts\/2555\/revisions\/2557"}],"wp:featuredmedia":[{"embeddable":true,"href":"https:\/\/avukatimtv.com\/index.php\/wp-json\/wp\/v2\/media\/2556"}],"wp:attachment":[{"href":"https:\/\/avukatimtv.com\/index.php\/wp-json\/wp\/v2\/media?parent=2555"}],"wp:term":[{"taxonomy":"category","embeddable":true,"href":"https:\/\/avukatimtv.com\/index.php\/wp-json\/wp\/v2\/categories?post=2555"},{"taxonomy":"post_tag","embeddable":true,"href":"https:\/\/avukatimtv.com\/index.php\/wp-json\/wp\/v2\/tags?post=2555"}],"curies":[{"name":"wp","href":"https:\/\/api.w.org\/{rel}","templated":true}]}}