{"id":2558,"date":"2025-04-12T12:20:06","date_gmt":"2025-04-12T09:20:06","guid":{"rendered":"https:\/\/avukatimtv.com\/?p=2558"},"modified":"2025-04-12T12:20:06","modified_gmt":"2025-04-12T09:20:06","slug":"cinayet-zanlisina-3-kez-agirlastirilmis-muebbet","status":"publish","type":"post","link":"https:\/\/avukatimtv.com\/index.php\/2025\/04\/12\/cinayet-zanlisina-3-kez-agirlastirilmis-muebbet\/","title":{"rendered":"Cinayet Zanl\u0131s\u0131na 3 Kez A\u011f\u0131rla\u015ft\u0131r\u0131lm\u0131\u015f M\u00fcebbet"},"content":{"rendered":"<h2 id=\"spot\" class=\"mt10 haber_ozet\">Adana&#8217;da o\u011flunun \u00f6l\u00fcm\u00fcnden sorumlu tuttu\u011fu gelinini ve ailesini \u00f6ld\u00fcren \u015eemsettin Erkuvan&#8217;a ceza verildi.<\/h2>\n<p>Adana&#8217;da o\u011flunun \u00f6l\u00fcm\u00fcnden sorumlu tuttu\u011fu gelini ile birlikte gelininin annesi ve ablas\u0131n\u0131 mezarl\u0131kta silahla \u00f6ld\u00fcren \u015eemsettin Erkuvan&#8217;a verilen 3 kez a\u011f\u0131rla\u015ft\u0131r\u0131lm\u0131\u015f m\u00fcebbet hapis cezas\u0131n\u0131n gerek\u00e7eli karar\u0131 yaz\u0131ld\u0131. Kararda san\u0131\u011f\u0131n, fiilden sonraki ve yarg\u0131lama s\u00fcrecindeki davran\u0131\u015flar\u0131 dolay\u0131s\u0131yla su\u00e7 i\u015flemeyi hakl\u0131 g\u00f6rd\u00fc\u011f\u00fc ve su\u00e7u i\u015flemi\u015f olmaktan pi\u015fmanl\u0131k duymad\u0131\u011f\u0131na yer verildi.<\/p>\n<p>Adana&#8217;da, bir k\u0131z \u00e7ocu\u011fu annesi 21 ya\u015f\u0131ndaki G\u00fcldane Ger\u00e7ek, \u015fiddetli ge\u00e7imsizlik nedeniyle dini nikahla birlikte ya\u015fad\u0131\u011f\u0131 e\u015fi Muzaffer Erkuvan&#8217;\u0131 terk etti. E\u015fiyle bar\u0131\u015fmak i\u00e7in kay\u0131nvalidesi \u015eenay&#8217;\u0131n evine giden Erkuvan, bar\u0131\u015fma teklifinin reddedilmesi \u00fczerine d\u0131\u015far\u0131 \u00e7\u0131k\u0131p, kendini a\u011faca asarak intihar etti. Olay sonras\u0131 o\u011flunun \u00f6l\u00fcm\u00fcnden G\u00fcldane ile annesi \u015eenay ve k\u0131z karde\u015fi Gaye Ger\u00e7ek&#8217;i (25) sorumlu tutan \u015eemsettin Erkuvan, o\u011flunun mezar\u0131n\u0131 ziyarete giden anne ve iki k\u0131z\u0131na mezarl\u0131kta musalla ta\u015f\u0131na yak\u0131n bir noktadaki banklarda oturduklar\u0131 s\u0131rada tabancayla kur\u015fun ya\u011fd\u0131rd\u0131. Ba\u015flar\u0131ndan vurulan \u015eenay, G\u00fcldane ve Gaye Ger\u00e7ek olay yerinde hayat\u0131n\u0131 kaybetti.<\/p>\n<p>3 kez a\u011f\u0131rla\u015ft\u0131r\u0131lm\u0131\u015f m\u00fcebbet hapis cezas\u0131<\/p>\n<p>Cinayetler sonras\u0131 sakland\u0131\u011f\u0131 oyukta yakalanarak tutuklanan 3 kad\u0131n\u0131n katil zanl\u0131s\u0131 \u015eemsettin Erkuvan hakk\u0131nda &#8216;Kasten \u00f6ld\u00fcrme ve ruhsats\u0131z silah bulundurma&#8217; su\u00e7lar\u0131ndan yarg\u0131land\u0131. Adana 10. A\u011f\u0131r Ceza Mahkemesi&#8217;nde a\u00e7\u0131lan davan\u0131n 5 Mart&#8217;ta yap\u0131lan karar duru\u015fmas\u0131nda san\u0131k Erkuvan&#8217;a &#8220;3 kad\u0131na kar\u015f\u0131 kasten \u00f6ld\u00fcrme&#8221; su\u00e7undan ayr\u0131 ayr\u0131 verilen 3 kez a\u011f\u0131rla\u015ft\u0131r\u0131lm\u0131\u015f m\u00fcebbet hapis cezas\u0131n\u0131n gerek\u00e7eli karar\u0131 yaz\u0131ld\u0131. Kararda, san\u0131\u011f\u0131n a\u015famalardaki ikrar\u0131, tan\u0131k beyanlar\u0131, olay yeri inceleme raporu, kamera g\u00f6r\u00fcnt\u00fcleri t\u00fcm dosya kapsam\u0131nda sabit oldu\u011fu, san\u0131\u011f\u0131n olay tarihinde kad\u0131n olan \u00fc\u00e7 ki\u015fiye kar\u015f\u0131 silahla kasten \u00f6ld\u00fcrme su\u00e7unu i\u015fledi\u011fi, TCK&#8217;n\u0131n 82\/1-f maddesi gere\u011fince cezaland\u0131r\u0131ld\u0131\u011f\u0131na yer verildi.<\/p>\n<p>San\u0131\u011f\u0131n, 6136 say\u0131l\u0131 yasa kapsam\u0131na g\u00f6re yasak niteli\u011fine haiz tabanca ile maktulleri \u00f6ld\u00fcrmek amac\u0131yla ate\u015f etti\u011fi, yine 6136 yasa kapsam\u0131nda olan 13\/1 maddesinde belirtilen su\u00e7u i\u015flemesi nedeniyle 1 y\u0131l hapis ve 30 g\u00fcn adli para cezas\u0131na mahkum edildi\u011fi belirtildi.<\/p>\n<p>&#8216;San\u0131\u011f\u0131n savunmas\u0131na itibar edilmedi&#8217;<\/p>\n<p>San\u0131k Erkuvan&#8217;\u0131n savunmas\u0131nda, o\u011flunun \u00f6l\u00fcm\u00fcnden maktulleri sorumlu tuttu\u011fu i\u00e7in \u00f6ld\u00fcrd\u00fc\u011f\u00fc ifade edilen gerek\u00e7eli kararda, &#8220;O\u011flunun \u00f6ld\u00fcr\u00fclmesinde maktullerle hareket eden kimlik bilgilerini bilmedi\u011fi ki\u015filerden de tehdit edildi\u011fini belirtmi\u015f ise de, o\u011flunun \u00f6l\u00fcm nedeninin intihar oldu\u011fu, san\u0131\u011f\u0131n tehdit edilmesine y\u00f6nelik bir \u015fikayetinin bulunmad\u0131\u011f\u0131, bu konuda dinlenen savunma tan\u0131\u011f\u0131n\u0131n san\u0131\u011f\u0131n damad\u0131 oldu\u011fu, taziye evinde ve savunma tan\u0131\u011f\u0131 olan damad\u0131n\u0131n yan\u0131nda san\u0131\u011f\u0131n kimlik bilgileri belli olmayan ki\u015filer taraf\u0131ndan tehdit edilmesinin hayat\u0131n ola\u011fan ak\u0131\u015f\u0131na uygun olmad\u0131\u011f\u0131 gibi bu konuda bir \u015fikayetin olmad\u0131\u011f\u0131, somut olayda san\u0131\u011fa y\u00f6nelen ve haks\u0131z tahrik olu\u015fturan s\u00f6z ve ya davran\u0131\u015f bulunmad\u0131\u011f\u0131 anla\u015f\u0131ld\u0131\u011f\u0131ndan, san\u0131\u011f\u0131n savunmas\u0131na itibar edilmemi\u015f, haks\u0131z tahrik h\u00fck\u00fcmleri uygulanmamas\u0131na yer verilmi\u015ftir&#8221; denildi.<\/p>\n<p>Tasarlayarak \u00f6ld\u00fcrmedi<\/p>\n<p>Yan\u0131nda silah ta\u015f\u0131yan san\u0131\u011f\u0131n olay\u0131 tek bir plan dahilinde ger\u00e7ekle\u015ftirmedi\u011fine yer verilen gerek\u00e7eli kararda, yine 6136 kapsam\u0131nda silah ta\u015f\u0131mas\u0131n\u0131n bu su\u00e7u i\u015flemek i\u00e7in plan yapt\u0131\u011f\u0131 anlam\u0131na gelmedi\u011fi ifade edilerek san\u0131\u011f\u0131n, cinayeti ger\u00e7ekle\u015ftirirken program ve kurgu yapt\u0131\u011f\u0131 y\u00f6n\u00fcnde dosya kapsam\u0131nda delil bulunmamas\u0131 nedeniyle su\u00e7un tasarlama kapsam\u0131na kalmad\u0131\u011f\u0131na karar verildi\u011fi ifade edildi.<\/p>\n<p>Pi\u015fmanl\u0131k duymad\u0131<\/p>\n<p>Savunmas\u0131nda kad\u0131nlar\u0131 \u00f6ld\u00fcrd\u00fc\u011f\u00fcn\u00fc kabul eden san\u0131k Erkuvan&#8217;\u0131n, o\u011flunun \u00f6l\u00fcm\u00fcnden dolay\u0131 maktulleri sorumlu tutarak su\u00e7 i\u015flemeyi hakl\u0131 g\u00f6rd\u00fc\u011f\u00fc, olay\u0131n olu\u015f \u015fekli itibariyle san\u0131\u011f\u0131n kast\u0131n\u0131n yo\u011funlu\u011fu, fiilden sonraki ve yarg\u0131lama s\u00fcrecindeki davran\u0131\u015flar\u0131 dolay\u0131s\u0131yla da su\u00e7u i\u015flemi\u015f olmaktan samimi bir \u015fekilde pi\u015fmanl\u0131k duymad\u0131\u011f\u0131 kaydedildi.<\/p>\n<p>Kararda, sab\u0131kal\u0131 ge\u00e7mi\u015fi oldu\u011fu dikkate al\u0131narak san\u0131k hakk\u0131nda yasal \u015fartlar\u0131 olu\u015fmad\u0131\u011f\u0131ndan TCK&#8217;n\u0131n 62. Maddesinin takdiren uygun olmad\u0131\u011f\u0131na karar verilerek, san\u0131k \u015eemsettin Erkuvan&#8217;\u0131n \u00fczerine at\u0131l\u0131 maktuller Gaye, G\u00fcldan ve \u015eenay Ger\u00e7ek&#8217;e y\u00f6nelik &#8216;Kad\u0131na kar\u015f\u0131 kasten \u00f6ld\u00fcrme&#8217; su\u00e7unu i\u015fledi\u011fi sabit oldu\u011fundan eylemine uyan TCK&#8217;n\u0131n 82\/1-f maddesi gere\u011fince 3 kez ayr\u0131 ayr\u0131 a\u011f\u0131rla\u015ft\u0131r\u0131lm\u0131\u015f m\u00fcebbet hapis cezas\u0131na mahkum edildi\u011fi belirtildi.<\/p>\n<p>Dava dosyas\u0131 B\u00f6lge \u0130stinaf Mahkemesi&#8217;ne g\u00f6nderildi.<\/p>\n<p>&nbsp;<\/p>\n<p><strong>KAYNAK:SONDAK\u0130KA<\/strong><\/p>\n","protected":false},"excerpt":{"rendered":"<p>Adana&#8217;da o\u011flunun \u00f6l\u00fcm\u00fcnden sorumlu tuttu\u011fu gelinini ve ailesini \u00f6ld\u00fcren \u015eemsettin Erkuvan&#8217;a ceza verildi. Adana&#8217;da o\u011flunun \u00f6l\u00fcm\u00fcnden sorumlu tuttu\u011fu gelini ile birlikte gelininin annesi ve ablas\u0131n\u0131 mezarl\u0131kta silahla \u00f6ld\u00fcren \u015eemsettin Erkuvan&#8217;a verilen 3 kez a\u011f\u0131rla\u015ft\u0131r\u0131lm\u0131\u015f m\u00fcebbet hapis cezas\u0131n\u0131n gerek\u00e7eli karar\u0131 yaz\u0131ld\u0131. Kararda san\u0131\u011f\u0131n, fiilden sonraki ve yarg\u0131lama s\u00fcrecindeki davran\u0131\u015flar\u0131 dolay\u0131s\u0131yla su\u00e7 i\u015flemeyi hakl\u0131 g\u00f6rd\u00fc\u011f\u00fc ve su\u00e7u [&hellip;]<\/p>\n","protected":false},"author":1,"featured_media":2559,"comment_status":"closed","ping_status":"closed","sticky":false,"template":"","format":"standard","meta":{"footnotes":""},"categories":[7,39],"tags":[128,188,60,385,319,52,121],"class_list":["post-2558","post","type-post","status-publish","format-standard","has-post-thumbnail","hentry","category-gundem","category-haber","tag-adana","tag-ceza","tag-cinayet","tag-intihar","tag-muebbet-hapis","tag-olay","tag-zanli"],"_links":{"self":[{"href":"https:\/\/avukatimtv.com\/index.php\/wp-json\/wp\/v2\/posts\/2558","targetHints":{"allow":["GET"]}}],"collection":[{"href":"https:\/\/avukatimtv.com\/index.php\/wp-json\/wp\/v2\/posts"}],"about":[{"href":"https:\/\/avukatimtv.com\/index.php\/wp-json\/wp\/v2\/types\/post"}],"author":[{"embeddable":true,"href":"https:\/\/avukatimtv.com\/index.php\/wp-json\/wp\/v2\/users\/1"}],"replies":[{"embeddable":true,"href":"https:\/\/avukatimtv.com\/index.php\/wp-json\/wp\/v2\/comments?post=2558"}],"version-history":[{"count":1,"href":"https:\/\/avukatimtv.com\/index.php\/wp-json\/wp\/v2\/posts\/2558\/revisions"}],"predecessor-version":[{"id":2560,"href":"https:\/\/avukatimtv.com\/index.php\/wp-json\/wp\/v2\/posts\/2558\/revisions\/2560"}],"wp:featuredmedia":[{"embeddable":true,"href":"https:\/\/avukatimtv.com\/index.php\/wp-json\/wp\/v2\/media\/2559"}],"wp:attachment":[{"href":"https:\/\/avukatimtv.com\/index.php\/wp-json\/wp\/v2\/media?parent=2558"}],"wp:term":[{"taxonomy":"category","embeddable":true,"href":"https:\/\/avukatimtv.com\/index.php\/wp-json\/wp\/v2\/categories?post=2558"},{"taxonomy":"post_tag","embeddable":true,"href":"https:\/\/avukatimtv.com\/index.php\/wp-json\/wp\/v2\/tags?post=2558"}],"curies":[{"name":"wp","href":"https:\/\/api.w.org\/{rel}","templated":true}]}}