{"id":2561,"date":"2025-04-12T12:47:01","date_gmt":"2025-04-12T09:47:01","guid":{"rendered":"https:\/\/avukatimtv.com\/?p=2561"},"modified":"2025-04-12T14:10:02","modified_gmt":"2025-04-12T11:10:02","slug":"hirsizliktan-aranan-supheli-hastaneden-tutuklandi","status":"publish","type":"post","link":"https:\/\/avukatimtv.com\/index.php\/2025\/04\/12\/hirsizliktan-aranan-supheli-hastaneden-tutuklandi\/","title":{"rendered":"H\u0131rs\u0131zl\u0131ktan Aranan \u015e\u00fcpheli Hastaneden Tutukland\u0131"},"content":{"rendered":"<h2 id=\"spot\" class=\"mt10 haber_ozet\"><\/h2>\n<h2 class=\"mt10 haber_ozet\">Aksaray&#8217;da h\u0131rs\u0131zl\u0131k su\u00e7undan aranan \u015fah\u0131s, balkondan atlayarak ka\u00e7maya \u00e7al\u0131\u015f\u0131rken yaraland\u0131.<\/h2>\n<p>Aksaray&#8217;da h\u0131rs\u0131zl\u0131k su\u00e7undan kesinle\u015fmi\u015f hapis cezas\u0131yla aranan ve polisin evine d\u00fczenledi\u011fi operasyonda balkondan atlay\u0131p ka\u00e7mak isterken yaralanan \u015f\u00fcpheli, hastaneden taburcu olmas\u0131n\u0131n ard\u0131ndan tutuklanarak cezaevine g\u00f6nderildi.<\/p>\n<p>Olay, d\u00fcn sabah saatlerinde Hac\u0131lar Harman\u0131 Mahallesi 5538 Sokak&#8217;ta bulunan 3 katl\u0131 binada meydana geldi. Edinilen bilgiye g\u00f6re, h\u0131rs\u0131zl\u0131k su\u00e7undan aranmas\u0131 ve 2 y\u0131l 8 ay kesinle\u015fmi\u015f hapis cezas\u0131 bulunan \u00dc.A. (40) isimli \u015fahs\u0131n pe\u015fine d\u00fc\u015fen \u0130l Emniyet M\u00fcd\u00fcrl\u00fc\u011f\u00fc\u00a0Asayi\u015f\u00a0\u015eubesi ekipleri, \u015fahs\u0131n sakland\u0131\u011f\u0131 adresi tespit etti. Aksaray\u00a0Cumhuriyet Ba\u015fsavc\u0131l\u0131\u011f\u0131\u00a0koordinesinde harekete ge\u00e7en asayi\u015f ekipleri belirlenen adresteki 3 katl\u0131 binan\u0131n 2. kat\u0131ndaki dairede bulunan \u015f\u00fcpheliyi yakalamak i\u00e7in operasyon d\u00fczenledi. Polislerin geldi\u011fini fark ederek ka\u00e7mak isteyen \u015f\u00fcpheli 2. kattaki dairenin balkonundan atlad\u0131. Yaralanan \u015fah\u0131s polis taraf\u0131ndan g\u00f6zalt\u0131na al\u0131narak tedavisi i\u00e7in hastaneye g\u00f6t\u00fcr\u00fcld\u00fc. Hastanede tedavisi tamamlanan \u00dc.A., 2 y\u0131l 8 ay kesinle\u015fmi\u015f hapis cezas\u0131ndan Aksaray Adliyesine sevk edildi. \u015eahs\u0131n adliyedeki i\u015flemleri s\u0131ras\u0131nda hakk\u0131nda ba\u015fka bir dosyadan da 2 y\u0131l kesinle\u015fmi\u015f hapis cezas\u0131 oldu\u011fu ortaya \u00e7\u0131kt\u0131. \u015e\u00fcphelinin toplam cezas\u0131 4 y\u0131l 8 aya \u00e7\u0131karken, 17 ayr\u0131 su\u00e7 kayd\u0131n\u0131n oldu\u011fu belirlendi. \u00dc.A. tutuklanarak cezaevine g\u00f6nderildi.<\/p>\n<p><strong>KAYNAK:SONDAK\u0130KA<\/strong><\/p>\n<p>&nbsp;<\/p>\n","protected":false},"excerpt":{"rendered":"<p>Aksaray&#8217;da h\u0131rs\u0131zl\u0131k su\u00e7undan aranan \u015fah\u0131s, balkondan atlayarak ka\u00e7maya \u00e7al\u0131\u015f\u0131rken yaraland\u0131. Aksaray&#8217;da h\u0131rs\u0131zl\u0131k su\u00e7undan kesinle\u015fmi\u015f hapis cezas\u0131yla aranan ve polisin evine d\u00fczenledi\u011fi operasyonda balkondan atlay\u0131p ka\u00e7mak isterken yaralanan \u015f\u00fcpheli, hastaneden taburcu olmas\u0131n\u0131n ard\u0131ndan tutuklanarak cezaevine g\u00f6nderildi. Olay, d\u00fcn sabah saatlerinde Hac\u0131lar Harman\u0131 Mahallesi 5538 Sokak&#8217;ta bulunan 3 katl\u0131 binada meydana geldi. Edinilen bilgiye g\u00f6re, h\u0131rs\u0131zl\u0131k su\u00e7undan [&hellip;]<\/p>\n","protected":false},"author":1,"featured_media":2562,"comment_status":"closed","ping_status":"closed","sticky":false,"template":"","format":"standard","meta":{"footnotes":""},"categories":[7,39],"tags":[386,188,132,387,51,204,79,94,362],"class_list":["post-2561","post","type-post","status-publish","format-standard","has-post-thumbnail","hentry","category-gundem","category-haber","tag-aksaray","tag-ceza","tag-cezaevi","tag-emniyetmudurlugu","tag-gozalti","tag-hirsizlik","tag-operasyon","tag-yakalandi","tag-asayis"],"_links":{"self":[{"href":"https:\/\/avukatimtv.com\/index.php\/wp-json\/wp\/v2\/posts\/2561","targetHints":{"allow":["GET"]}}],"collection":[{"href":"https:\/\/avukatimtv.com\/index.php\/wp-json\/wp\/v2\/posts"}],"about":[{"href":"https:\/\/avukatimtv.com\/index.php\/wp-json\/wp\/v2\/types\/post"}],"author":[{"embeddable":true,"href":"https:\/\/avukatimtv.com\/index.php\/wp-json\/wp\/v2\/users\/1"}],"replies":[{"embeddable":true,"href":"https:\/\/avukatimtv.com\/index.php\/wp-json\/wp\/v2\/comments?post=2561"}],"version-history":[{"count":2,"href":"https:\/\/avukatimtv.com\/index.php\/wp-json\/wp\/v2\/posts\/2561\/revisions"}],"predecessor-version":[{"id":2564,"href":"https:\/\/avukatimtv.com\/index.php\/wp-json\/wp\/v2\/posts\/2561\/revisions\/2564"}],"wp:featuredmedia":[{"embeddable":true,"href":"https:\/\/avukatimtv.com\/index.php\/wp-json\/wp\/v2\/media\/2562"}],"wp:attachment":[{"href":"https:\/\/avukatimtv.com\/index.php\/wp-json\/wp\/v2\/media?parent=2561"}],"wp:term":[{"taxonomy":"category","embeddable":true,"href":"https:\/\/avukatimtv.com\/index.php\/wp-json\/wp\/v2\/categories?post=2561"},{"taxonomy":"post_tag","embeddable":true,"href":"https:\/\/avukatimtv.com\/index.php\/wp-json\/wp\/v2\/tags?post=2561"}],"curies":[{"name":"wp","href":"https:\/\/api.w.org\/{rel}","templated":true}]}}