{"id":2565,"date":"2025-04-12T14:19:37","date_gmt":"2025-04-12T11:19:37","guid":{"rendered":"https:\/\/avukatimtv.com\/?p=2565"},"modified":"2025-04-12T14:19:37","modified_gmt":"2025-04-12T11:19:37","slug":"viransehirde-1720-paket-kacak-sigara-ele-gecirildi","status":"publish","type":"post","link":"https:\/\/avukatimtv.com\/index.php\/2025\/04\/12\/viransehirde-1720-paket-kacak-sigara-ele-gecirildi\/","title":{"rendered":"Viran\u015fehir&#8217;de 1,720 Paket Ka\u00e7ak Sigara Ele Ge\u00e7irildi"},"content":{"rendered":"<h2 id=\"spot\" class=\"mt10 haber_ozet\">\u015eanl\u0131urfa&#8217;n\u0131n Viran\u015fehir il\u00e7esinde yap\u0131lan yol aramas\u0131nda 1,720 paket g\u00fcmr\u00fck ka\u00e7a\u011f\u0131 sigara bulundu.<\/h2>\n<p>\u015eanl\u0131urfa&#8217;n\u0131n\u00a0Viran\u015fehir\u00a0il\u00e7esinde bin 720 paket g\u00fcmr\u00fck ka\u00e7a\u011f\u0131 sigara ele ge\u00e7irildi.<\/p>\n<p>Viran\u015fehir \u0130l\u00e7e Jandarma Komutanl\u0131\u011f\u0131na ba\u011fl\u0131\u00a0Ka\u00e7ak\u00e7\u0131l\u0131k\u00a0ve Organize Su\u00e7larla M\u00fccadele (KOM) \u015eube ekiplerinin kat\u0131l\u0131m\u0131yla hassas burunlu k\u00f6peklerin de yer ald\u0131\u011f\u0131 &#8220;\u015fok yol aramas\u0131&#8221; ger\u00e7ekle\u015ftirildi. Yap\u0131lan arama sonucunda bir ara\u00e7ta bin 720 paket g\u00fcmr\u00fck ka\u00e7a\u011f\u0131 sigara ele ge\u00e7irildi.<\/p>\n<p>Olayla ilgili soru\u015fturma ba\u015flat\u0131ld\u0131.<\/p>\n<p><strong>KAYNAK:SONDAK\u0130KA<\/strong><\/p>\n","protected":false},"excerpt":{"rendered":"<p>\u015eanl\u0131urfa&#8217;n\u0131n Viran\u015fehir il\u00e7esinde yap\u0131lan yol aramas\u0131nda 1,720 paket g\u00fcmr\u00fck ka\u00e7a\u011f\u0131 sigara bulundu. \u015eanl\u0131urfa&#8217;n\u0131n\u00a0Viran\u015fehir\u00a0il\u00e7esinde bin 720 paket g\u00fcmr\u00fck ka\u00e7a\u011f\u0131 sigara ele ge\u00e7irildi. Viran\u015fehir \u0130l\u00e7e Jandarma Komutanl\u0131\u011f\u0131na ba\u011fl\u0131\u00a0Ka\u00e7ak\u00e7\u0131l\u0131k\u00a0ve Organize Su\u00e7larla M\u00fccadele (KOM) \u015eube ekiplerinin kat\u0131l\u0131m\u0131yla hassas burunlu k\u00f6peklerin de yer ald\u0131\u011f\u0131 &#8220;\u015fok yol aramas\u0131&#8221; ger\u00e7ekle\u015ftirildi. Yap\u0131lan arama sonucunda bir ara\u00e7ta bin 720 paket g\u00fcmr\u00fck ka\u00e7a\u011f\u0131 sigara ele [&hellip;]<\/p>\n","protected":false},"author":1,"featured_media":2567,"comment_status":"closed","ping_status":"closed","sticky":false,"template":"","format":"standard","meta":{"footnotes":""},"categories":[7,39],"tags":[388,379,381,42,57,67],"class_list":["post-2565","post","type-post","status-publish","format-standard","has-post-thumbnail","hentry","category-gundem","category-haber","tag-arama","tag-elegecirme","tag-kacak","tag-kacakcilik","tag-sanliurfa","tag-sorusturma"],"_links":{"self":[{"href":"https:\/\/avukatimtv.com\/index.php\/wp-json\/wp\/v2\/posts\/2565","targetHints":{"allow":["GET"]}}],"collection":[{"href":"https:\/\/avukatimtv.com\/index.php\/wp-json\/wp\/v2\/posts"}],"about":[{"href":"https:\/\/avukatimtv.com\/index.php\/wp-json\/wp\/v2\/types\/post"}],"author":[{"embeddable":true,"href":"https:\/\/avukatimtv.com\/index.php\/wp-json\/wp\/v2\/users\/1"}],"replies":[{"embeddable":true,"href":"https:\/\/avukatimtv.com\/index.php\/wp-json\/wp\/v2\/comments?post=2565"}],"version-history":[{"count":1,"href":"https:\/\/avukatimtv.com\/index.php\/wp-json\/wp\/v2\/posts\/2565\/revisions"}],"predecessor-version":[{"id":2568,"href":"https:\/\/avukatimtv.com\/index.php\/wp-json\/wp\/v2\/posts\/2565\/revisions\/2568"}],"wp:featuredmedia":[{"embeddable":true,"href":"https:\/\/avukatimtv.com\/index.php\/wp-json\/wp\/v2\/media\/2567"}],"wp:attachment":[{"href":"https:\/\/avukatimtv.com\/index.php\/wp-json\/wp\/v2\/media?parent=2565"}],"wp:term":[{"taxonomy":"category","embeddable":true,"href":"https:\/\/avukatimtv.com\/index.php\/wp-json\/wp\/v2\/categories?post=2565"},{"taxonomy":"post_tag","embeddable":true,"href":"https:\/\/avukatimtv.com\/index.php\/wp-json\/wp\/v2\/tags?post=2565"}],"curies":[{"name":"wp","href":"https:\/\/api.w.org\/{rel}","templated":true}]}}