{"id":2569,"date":"2025-04-12T16:10:12","date_gmt":"2025-04-12T13:10:12","guid":{"rendered":"https:\/\/avukatimtv.com\/?p=2569"},"modified":"2025-04-12T16:16:13","modified_gmt":"2025-04-12T13:16:13","slug":"kiliste-hapis-cezasi-olan-4-sahis-yakalandi","status":"publish","type":"post","link":"https:\/\/avukatimtv.com\/index.php\/2025\/04\/12\/kiliste-hapis-cezasi-olan-4-sahis-yakalandi\/","title":{"rendered":"Kilis&#8217;te Hapis Cezas\u0131 Olan 4 \u015eah\u0131s Yakaland\u0131"},"content":{"rendered":"<h2 id=\"spot\" class=\"mt10 haber_ozet\">Kilis&#8217;te aranan 4 \u015fah\u0131s, polis operasyonuyla yakaland\u0131; hapis cezalar\u0131 toplamda 84 y\u0131l.<\/h2>\n<div class=\"hbptDate\">Kilis&#8217;te \u00e7e\u015fitli su\u00e7lardan haklar\u0131nda kesinle\u015fmi\u015f hapis cezas\u0131 bulunan ve aranan 4 \u015fah\u0131s, polis ekiplerince d\u00fczenlenen operasyonla yakaland\u0131. Kilis Emniyet M\u00fcd\u00fcrl\u00fc\u011f\u00fc ve Cumhuriyet Ba\u015fsavc\u0131l\u0131\u011f\u0131 koordinesinde aranan \u015fah\u0131slar\u0131n yakalanmas\u0131na y\u00f6nelik \u00e7al\u0131\u015fma yap\u0131ld\u0131. \u00c7al\u0131\u015fmalar \u00e7er\u00e7evesinde yap\u0131lan operasyonlarda kasten adam \u00f6ld\u00fcrme su\u00e7undan 32 y\u0131l 10 ay hapis cezas\u0131 bulunan C.A., h\u0131rs\u0131zl\u0131k su\u00e7undan 19&#8217;ar y\u0131l hapis cezas\u0131 bulunan E.T. ve \u00d6.K. ile uyu\u015fturucu veya uyar\u0131c\u0131 madde ticareti yapma su\u00e7undan 13 y\u0131l hapis cezas\u0131 bulunan M.H.S. isimli \u015fah\u0131s yakaland\u0131.<\/div>\n<div>\n<p>Yakalan \u015fah\u0131slar, tamamlanan i\u015flemlerin ard\u0131ndan cezaevine teslim edildi.<\/p>\n<p><strong>KAYNAK:SONDAK\u0130KA<\/strong><\/p>\n<\/div>\n","protected":false},"excerpt":{"rendered":"<p>Kilis&#8217;te aranan 4 \u015fah\u0131s, polis operasyonuyla yakaland\u0131; hapis cezalar\u0131 toplamda 84 y\u0131l. Kilis&#8217;te \u00e7e\u015fitli su\u00e7lardan haklar\u0131nda kesinle\u015fmi\u015f hapis cezas\u0131 bulunan ve aranan 4 \u015fah\u0131s, polis ekiplerince d\u00fczenlenen operasyonla yakaland\u0131. Kilis Emniyet M\u00fcd\u00fcrl\u00fc\u011f\u00fc ve Cumhuriyet Ba\u015fsavc\u0131l\u0131\u011f\u0131 koordinesinde aranan \u015fah\u0131slar\u0131n yakalanmas\u0131na y\u00f6nelik \u00e7al\u0131\u015fma yap\u0131ld\u0131. \u00c7al\u0131\u015fmalar \u00e7er\u00e7evesinde yap\u0131lan operasyonlarda kasten adam \u00f6ld\u00fcrme su\u00e7undan 32 y\u0131l 10 ay hapis [&hellip;]<\/p>\n","protected":false},"author":1,"featured_media":2572,"comment_status":"closed","ping_status":"closed","sticky":false,"template":"","format":"standard","meta":{"footnotes":""},"categories":[185,7,39,117,247],"tags":[188,132,60,251,327,93,204,389,79,71,45],"class_list":["post-2569","post","type-post","status-publish","format-standard","has-post-thumbnail","hentry","category-adalet","category-gundem","category-haber","category-olay","category-operasyon","tag-ceza","tag-cezaevi","tag-cinayet","tag-hapis","tag-hapiscezasi","tag-hirsiz","tag-hirsizlik","tag-kilis","tag-operasyon","tag-suc","tag-uyusturucu"],"_links":{"self":[{"href":"https:\/\/avukatimtv.com\/index.php\/wp-json\/wp\/v2\/posts\/2569","targetHints":{"allow":["GET"]}}],"collection":[{"href":"https:\/\/avukatimtv.com\/index.php\/wp-json\/wp\/v2\/posts"}],"about":[{"href":"https:\/\/avukatimtv.com\/index.php\/wp-json\/wp\/v2\/types\/post"}],"author":[{"embeddable":true,"href":"https:\/\/avukatimtv.com\/index.php\/wp-json\/wp\/v2\/users\/1"}],"replies":[{"embeddable":true,"href":"https:\/\/avukatimtv.com\/index.php\/wp-json\/wp\/v2\/comments?post=2569"}],"version-history":[{"count":2,"href":"https:\/\/avukatimtv.com\/index.php\/wp-json\/wp\/v2\/posts\/2569\/revisions"}],"predecessor-version":[{"id":2574,"href":"https:\/\/avukatimtv.com\/index.php\/wp-json\/wp\/v2\/posts\/2569\/revisions\/2574"}],"wp:featuredmedia":[{"embeddable":true,"href":"https:\/\/avukatimtv.com\/index.php\/wp-json\/wp\/v2\/media\/2572"}],"wp:attachment":[{"href":"https:\/\/avukatimtv.com\/index.php\/wp-json\/wp\/v2\/media?parent=2569"}],"wp:term":[{"taxonomy":"category","embeddable":true,"href":"https:\/\/avukatimtv.com\/index.php\/wp-json\/wp\/v2\/categories?post=2569"},{"taxonomy":"post_tag","embeddable":true,"href":"https:\/\/avukatimtv.com\/index.php\/wp-json\/wp\/v2\/tags?post=2569"}],"curies":[{"name":"wp","href":"https:\/\/api.w.org\/{rel}","templated":true}]}}