{"id":2575,"date":"2025-04-12T17:16:23","date_gmt":"2025-04-12T14:16:23","guid":{"rendered":"https:\/\/avukatimtv.com\/?p=2575"},"modified":"2025-04-12T17:16:23","modified_gmt":"2025-04-12T14:16:23","slug":"uzaklastirma-karari-biter-bitmez-sokak-ortasinda-kursun-yagdirdi","status":"publish","type":"post","link":"https:\/\/avukatimtv.com\/index.php\/2025\/04\/12\/uzaklastirma-karari-biter-bitmez-sokak-ortasinda-kursun-yagdirdi\/","title":{"rendered":"Uzakla\u015ft\u0131rma karar\u0131 biter bitmez sokak ortas\u0131nda kur\u015fun ya\u011fd\u0131rd\u0131"},"content":{"rendered":"<h2 id=\"spot\" class=\"mt10 haber_ozet\">Arnavutk\u00f6y&#8217;de Serdar H. daha \u00f6nce dini nikahla beraber ya\u015fad\u0131\u011f\u0131 kad\u0131n\u0131 sokak ortas\u0131nda 13 kur\u015funla yaralad\u0131. Kad\u0131n\u0131n daha \u00f6nce zanl\u0131 hakk\u0131nda uzakla\u015ft\u0131rma karar\u0131 ald\u0131\u011f\u0131 ve bu karar\u0131n olaydan bir g\u00fcn \u00f6nce sona erdi\u011fi \u00f6\u011frenildi. Polis ekipleri sald\u0131rgan\u0131 yakalamak i\u00e7in \u00e7al\u0131\u015fma ba\u015flatt\u0131.<\/h2>\n<p>\u0130stanbul&#8217;un\u00a0Arnavutk\u00f6y\u00a0il\u00e7esinde\u00a0Bo\u011fazk\u00f6y, \u0130stiklal Mahallesi&#8217;nde d\u00fcn saat 18.00 s\u0131ralar\u0131nda deh\u015fet ya\u015fand\u0131. Serdar H. (42) daha \u00f6nce dini nikahla birlikte ya\u015fad\u0131\u011f\u0131 Zeliha \u00c7&#8217;ye (30) sokak ortas\u0131nda kur\u015fun ya\u011fd\u0131rd\u0131ktan sonra ka\u00e7t\u0131.<\/p>\n<h3>V\u00dcCUDUNA 13 KUR\u015eUN \u0130SABET ETT\u0130<\/h3>\n<p>Zeliha \u00c7&#8217;nin v\u00fccuduna 13 kur\u015fun isabet etti. \u00c7evredekilerin ihbar\u0131 \u00fczerine olay yerine sevk edilen sa\u011fl\u0131k ekipleri taraf\u0131ndan ilk m\u00fcdahalesi yap\u0131lan Zeliha \u00c7, ambulansla hastaneye kald\u0131r\u0131ld\u0131. Zeliha \u00c7&#8217;nin sa\u011fl\u0131k durumunun ciddiyetini korudu\u011fu \u00f6\u011frenildi.<\/p>\n<h3>UZAKLA\u015eTIRMA KARARI 1 G\u00dcN \u00d6NCE B\u0130TM\u0130\u015e<\/h3>\n<p>\u00d6te yandan Zeliha \u00c7&#8217;nin, Serdar H. i\u00e7in uzakla\u015ft\u0131rma karar\u0131 ald\u0131rd\u0131\u011f\u0131 ve sald\u0131r\u0131n\u0131n bu karar\u0131n sona ermesinden 1 g\u00fcn sonra ger\u00e7ekle\u015fti\u011fi ortaya \u00e7\u0131kt\u0131. Olay\u0131n Zeliha \u00c7&#8217;nin evine yakla\u015f\u0131k 500 metre mesafede ya\u015fand\u0131\u011f\u0131 belirtildi. Polisin ka\u00e7an sald\u0131rgan Serdar H&#8217;nin yakalanmas\u0131 i\u00e7in ba\u015flatt\u0131\u011f\u0131 \u00e7al\u0131\u015fmalar s\u00fcr\u00fcyor.<\/p>\n<p><strong>KAYNAK:SONDAK\u0130KA<\/strong><\/p>\n","protected":false},"excerpt":{"rendered":"<p>Arnavutk\u00f6y&#8217;de Serdar H. daha \u00f6nce dini nikahla beraber ya\u015fad\u0131\u011f\u0131 kad\u0131n\u0131 sokak ortas\u0131nda 13 kur\u015funla yaralad\u0131. Kad\u0131n\u0131n daha \u00f6nce zanl\u0131 hakk\u0131nda uzakla\u015ft\u0131rma karar\u0131 ald\u0131\u011f\u0131 ve bu karar\u0131n olaydan bir g\u00fcn \u00f6nce sona erdi\u011fi \u00f6\u011frenildi. Polis ekipleri sald\u0131rgan\u0131 yakalamak i\u00e7in \u00e7al\u0131\u015fma ba\u015flatt\u0131. \u0130stanbul&#8217;un\u00a0Arnavutk\u00f6y\u00a0il\u00e7esinde\u00a0Bo\u011fazk\u00f6y, \u0130stiklal Mahallesi&#8217;nde d\u00fcn saat 18.00 s\u0131ralar\u0131nda deh\u015fet ya\u015fand\u0131. Serdar H. (42) daha \u00f6nce dini [&hellip;]<\/p>\n","protected":false},"author":1,"featured_media":2576,"comment_status":"closed","ping_status":"closed","sticky":false,"template":"","format":"standard","meta":{"footnotes":""},"categories":[1,7,39,117],"tags":[391,50,301,390,121],"class_list":["post-2575","post","type-post","status-publish","format-standard","has-post-thumbnail","hentry","category-genel","category-gundem","category-haber","category-olay","tag-kacti","tag-saldiri","tag-yakalama","tag-yaralama","tag-zanli"],"_links":{"self":[{"href":"https:\/\/avukatimtv.com\/index.php\/wp-json\/wp\/v2\/posts\/2575","targetHints":{"allow":["GET"]}}],"collection":[{"href":"https:\/\/avukatimtv.com\/index.php\/wp-json\/wp\/v2\/posts"}],"about":[{"href":"https:\/\/avukatimtv.com\/index.php\/wp-json\/wp\/v2\/types\/post"}],"author":[{"embeddable":true,"href":"https:\/\/avukatimtv.com\/index.php\/wp-json\/wp\/v2\/users\/1"}],"replies":[{"embeddable":true,"href":"https:\/\/avukatimtv.com\/index.php\/wp-json\/wp\/v2\/comments?post=2575"}],"version-history":[{"count":1,"href":"https:\/\/avukatimtv.com\/index.php\/wp-json\/wp\/v2\/posts\/2575\/revisions"}],"predecessor-version":[{"id":2577,"href":"https:\/\/avukatimtv.com\/index.php\/wp-json\/wp\/v2\/posts\/2575\/revisions\/2577"}],"wp:featuredmedia":[{"embeddable":true,"href":"https:\/\/avukatimtv.com\/index.php\/wp-json\/wp\/v2\/media\/2576"}],"wp:attachment":[{"href":"https:\/\/avukatimtv.com\/index.php\/wp-json\/wp\/v2\/media?parent=2575"}],"wp:term":[{"taxonomy":"category","embeddable":true,"href":"https:\/\/avukatimtv.com\/index.php\/wp-json\/wp\/v2\/categories?post=2575"},{"taxonomy":"post_tag","embeddable":true,"href":"https:\/\/avukatimtv.com\/index.php\/wp-json\/wp\/v2\/tags?post=2575"}],"curies":[{"name":"wp","href":"https:\/\/api.w.org\/{rel}","templated":true}]}}