{"id":2578,"date":"2025-04-14T19:15:51","date_gmt":"2025-04-14T16:15:51","guid":{"rendered":"https:\/\/avukatimtv.com\/?p=2578"},"modified":"2025-04-14T19:15:51","modified_gmt":"2025-04-14T16:15:51","slug":"catalcada-kadin-cinayeti-ayrilmak-istedigi-erkek-arkadasi-tarafindan-olduruldu","status":"publish","type":"post","link":"https:\/\/avukatimtv.com\/index.php\/2025\/04\/14\/catalcada-kadin-cinayeti-ayrilmak-istedigi-erkek-arkadasi-tarafindan-olduruldu\/","title":{"rendered":"\u00c7atalca&#8217;da kad\u0131n cinayeti! Ayr\u0131lmak istedi\u011fi erkek arkada\u015f\u0131 taraf\u0131ndan \u00f6ld\u00fcr\u00fcld\u00fc"},"content":{"rendered":"<h2 id=\"spot\" class=\"mt10 haber_ozet\">\u00c7atalca&#8217;da 27 ya\u015f\u0131ndaki Sinem \u00c7e\u015fim, ayr\u0131lmak istedi\u011fi erkek arkada\u015f\u0131 taraf\u0131ndan defalarca b\u0131\u00e7aklanarak can verdi.<\/h2>\n<div class=\"hbptDate\">\u00c7atalca&#8217;da Sinem \u00c7e\u015fim isimli gen\u00e7 kad\u0131n, ayr\u0131lmak istedi\u011fi erkek arkada\u015f\u0131 taraf\u0131ndan \u00f6ld\u00fcr\u00fcld\u00fc.<\/div>\n<div>\n<p>Olay, 10 Nisan 2025 tarihinde \u00c7atalca&#8217;da meydana geldi. 27 ya\u015f\u0131ndaki Sinem \u00c7e\u015fim ayr\u0131lmak istedi\u011fi erkek arkada\u015f\u0131yla konu\u015fmak i\u00e7in bulu\u015ftu. \u0130kili aras\u0131nda kavga \u00e7\u0131kt\u0131.\u00a0Kavga\u00a0esnas\u0131nda erkek arkada\u015f\u0131 gen\u00e7 k\u0131z\u0131 b\u0131\u00e7aklad\u0131. \u0130hbar \u00fczerine olay yerine sa\u011fl\u0131k ve polis ekipleri sevk edildi.<\/p>\n<h3>KAT\u0130L HER YERDE ARANIYOR<\/h3>\n<p>Sa\u011fl\u0131k ekipleri olay yerinde ilk m\u00fcdahalesini yapt\u0131\u011f\u0131 genci k\u0131z\u0131 hastaneye kald\u0131rd\u0131. Hastanede yap\u0131lan m\u00fcdahalelere ra\u011fmen Sinem \u00c7e\u015fim hayat\u0131n\u0131 kaybetti\u011fi \u00f6\u011frenildi.\u00a0Jandarma\u00a0ekipleri olayla ilgili \u00e7al\u0131\u015fma ba\u015flatarak ka\u00e7an adam\u0131 aramaya ba\u015flad\u0131.<\/p>\n<h3>CENAZES\u0130N\u0130 KADINLAR OMUZLADI<\/h3>\n<p>\u00d6te yandan; gen\u00e7 kad\u0131n i\u00e7in Pir Sultan Abdal K\u00fclt\u00fcr Derne\u011fi ve Cemevi Kartal \u015eubesi cenaze t\u00f6reni d\u00fczenledi. Gen\u00e7 k\u0131z\u0131n cenazesi kad\u0131nlar taraf\u0131ndan omuzlanarak cemevinden \u00e7\u0131kar\u0131ld\u0131. 27 ya\u015f\u0131ndaki \u00c7e\u015fim&#8217;in cenazesi topra\u011fa verildi.<\/p>\n<\/div>\n<p>&nbsp;<\/p>\n<p>&nbsp;<\/p>\n<p><strong>KAYNAK:SONDAK\u0130KA<\/strong><\/p>\n","protected":false},"excerpt":{"rendered":"<p>\u00c7atalca&#8217;da 27 ya\u015f\u0131ndaki Sinem \u00c7e\u015fim, ayr\u0131lmak istedi\u011fi erkek arkada\u015f\u0131 taraf\u0131ndan defalarca b\u0131\u00e7aklanarak can verdi. \u00c7atalca&#8217;da Sinem \u00c7e\u015fim isimli gen\u00e7 kad\u0131n, ayr\u0131lmak istedi\u011fi erkek arkada\u015f\u0131 taraf\u0131ndan \u00f6ld\u00fcr\u00fcld\u00fc. Olay, 10 Nisan 2025 tarihinde \u00c7atalca&#8217;da meydana geldi. 27 ya\u015f\u0131ndaki Sinem \u00c7e\u015fim ayr\u0131lmak istedi\u011fi erkek arkada\u015f\u0131yla konu\u015fmak i\u00e7in bulu\u015ftu. \u0130kili aras\u0131nda kavga \u00e7\u0131kt\u0131.\u00a0Kavga\u00a0esnas\u0131nda erkek arkada\u015f\u0131 gen\u00e7 k\u0131z\u0131 b\u0131\u00e7aklad\u0131. \u0130hbar [&hellip;]<\/p>\n","protected":false},"author":1,"featured_media":2579,"comment_status":"closed","ping_status":"closed","sticky":false,"template":"","format":"standard","meta":{"footnotes":""},"categories":[7,39],"tags":[393,345,60,47,103,392,49],"class_list":["post-2578","post","type-post","status-publish","format-standard","has-post-thumbnail","hentry","category-gundem","category-haber","tag-catalca","tag-cenaze","tag-cinayet","tag-haber","tag-hastane","tag-kadin","tag-polis"],"_links":{"self":[{"href":"https:\/\/avukatimtv.com\/index.php\/wp-json\/wp\/v2\/posts\/2578","targetHints":{"allow":["GET"]}}],"collection":[{"href":"https:\/\/avukatimtv.com\/index.php\/wp-json\/wp\/v2\/posts"}],"about":[{"href":"https:\/\/avukatimtv.com\/index.php\/wp-json\/wp\/v2\/types\/post"}],"author":[{"embeddable":true,"href":"https:\/\/avukatimtv.com\/index.php\/wp-json\/wp\/v2\/users\/1"}],"replies":[{"embeddable":true,"href":"https:\/\/avukatimtv.com\/index.php\/wp-json\/wp\/v2\/comments?post=2578"}],"version-history":[{"count":1,"href":"https:\/\/avukatimtv.com\/index.php\/wp-json\/wp\/v2\/posts\/2578\/revisions"}],"predecessor-version":[{"id":2580,"href":"https:\/\/avukatimtv.com\/index.php\/wp-json\/wp\/v2\/posts\/2578\/revisions\/2580"}],"wp:featuredmedia":[{"embeddable":true,"href":"https:\/\/avukatimtv.com\/index.php\/wp-json\/wp\/v2\/media\/2579"}],"wp:attachment":[{"href":"https:\/\/avukatimtv.com\/index.php\/wp-json\/wp\/v2\/media?parent=2578"}],"wp:term":[{"taxonomy":"category","embeddable":true,"href":"https:\/\/avukatimtv.com\/index.php\/wp-json\/wp\/v2\/categories?post=2578"},{"taxonomy":"post_tag","embeddable":true,"href":"https:\/\/avukatimtv.com\/index.php\/wp-json\/wp\/v2\/tags?post=2578"}],"curies":[{"name":"wp","href":"https:\/\/api.w.org\/{rel}","templated":true}]}}