{"id":2582,"date":"2025-04-14T19:19:22","date_gmt":"2025-04-14T16:19:22","guid":{"rendered":"https:\/\/avukatimtv.com\/?p=2582"},"modified":"2025-04-14T19:19:22","modified_gmt":"2025-04-14T16:19:22","slug":"200-bin-tllik-ses-sistemi-hirsizi-yakalandi","status":"publish","type":"post","link":"https:\/\/avukatimtv.com\/index.php\/2025\/04\/14\/200-bin-tllik-ses-sistemi-hirsizi-yakalandi\/","title":{"rendered":"200 Bin TL&#8217;lik Ses Sistemi H\u0131rs\u0131z\u0131 Yakaland\u0131"},"content":{"rendered":"<h2 id=\"spot\" class=\"mt10 haber_ozet\">\u0130zmir&#8217;de bir ara\u00e7tan 200 bin TL de\u011ferindeki ses sistemini \u00e7alan h\u0131rs\u0131z, 24 saat i\u00e7inde yakaland\u0131.<\/h2>\n<div class=\"hbptDate\">\u0130zmir&#8217;in\u00a0Bornova\u00a0il\u00e7esinde bir ara\u00e7tan yakla\u015f\u0131k 200 bin TL de\u011ferindeki ses sistemini \u00e7alan h\u0131rs\u0131z, polis ekiplerinin \u00e7al\u0131\u015fmas\u0131yla k\u0131sk\u0131vrak yakaland\u0131. H\u0131rs\u0131z\u0131n arabaya y\u00fckl\u00fc miktarda maddi hasar verdi\u011fini belirten ara\u00e7 sahibi Emre Ba\u015fer, &#8220;Ses sistemimi \u00e7alan h\u0131rs\u0131z her \u015feyi \u00f6nceden planlam\u0131\u015f gibi. Alarm\u0131n devrede olmad\u0131\u011f\u0131n\u0131, ya\u011fmurun ya\u011faca\u011f\u0131n\u0131, bu nedenle parmak izi \u00e7\u0131kmayaca\u011f\u0131n\u0131, g\u00f6k g\u00fcr\u00fclt\u00fcs\u00fcnden dolay\u0131 seslerin duyulmayaca\u011f\u0131n\u0131 bilen birisi. H\u0131rs\u0131z\u0131n yak\u0131n \u00e7evremden biri oldu\u011funu d\u00fc\u015f\u00fcn\u00fcyorum&#8221; dedi.<\/div>\n<div><\/div>\n<div>\n<p>Olay, 11 Nisan g\u00fcn\u00fc sabaha kar\u015f\u0131 saat 04.20 s\u0131ralar\u0131nda Bornova il\u00e7esi\u00a0Ye\u015filova\u00a0Mahallesi 4027 Sokak&#8217;ta meydana geldi. Edinilen bilgiye g\u00f6re, Emre Ba\u015fer&#8217;e (27) ait 09 DHP 254 plakal\u0131 arac\u0131 g\u00f6z\u00fcne kestiren A.Y. isimli \u015f\u00fcpheli, \u00f6nce arac\u0131n kaputunu zorlayarak a\u00e7t\u0131. Araban\u0131n kablolar\u0131n\u0131 keserek elektrik sistemini devre d\u0131\u015f\u0131 b\u0131rakan \u015f\u00fcpheli, daha sonra tornavida ile \u00f6n kap\u0131s\u0131n\u0131 zorlayarak i\u00e7eri girdi. Ara\u00e7 i\u00e7erisindeki oto teyp ve \u00f6n k\u0131s\u0131mdaki ses sistemini s\u00f6kerek \u00e7alan A.Y., k\u0131sa bir s\u00fcre sonra tekrar olay yerine d\u00f6nerek arka koltukta bulunan bas sistemi ile bagaj k\u0131sm\u0131ndaki hoparl\u00f6r\u00fc de alarak kay\u0131plara kar\u0131\u015ft\u0131. Sabah erken saatlerde arac\u0131n\u0131n kap\u0131lar\u0131n\u0131 a\u00e7\u0131k g\u00f6ren ve ses sisteminin \u00e7al\u0131nd\u0131\u011f\u0131n\u0131 fark eden Emre Ba\u015fer, durumu hemen polis ekiplerine bildirdi.<\/p>\n<p>24 saat i\u00e7inde k\u0131sk\u0131vrak yakaland\u0131<\/p>\n<p>\u0130hbar \u00fczerine olay yerine gelen\u00a0Asayi\u015f \u015eube M\u00fcd\u00fcrl\u00fc\u011f\u00fc\u00a0H\u0131rs\u0131zl\u0131k\u00a0ve Yankesicilik B\u00fcro Amirli\u011fi ile Su\u00e7 Analiz B\u00fcro Amirli\u011fi ekipleri, detayl\u0131 bir \u00e7al\u0131\u015fma ba\u015flatt\u0131.\u00a0G\u00fcvenlik\u00a0kameralar\u0131 ve saha incelemeleri sonucunda \u015f\u00fcphelinin A.Y. oldu\u011fu tespit edildi. Kald\u0131\u011f\u0131 adresi belirleyen ekipler, d\u00fczenledikleri operasyonla A.Y.&#8217;yi \u00e7al\u0131nan ses sistemiyle birlikte k\u0131sk\u0131vrak yakalad\u0131. Emniyetteki i\u015flemlerinin ard\u0131ndan adliyeye sevk edilen \u015f\u00fcpheli, \u00e7\u0131kar\u0131ld\u0131\u011f\u0131 mahkemece tutuklanarak cezaevine g\u00f6nderildi.<\/p>\n<p>&#8220;Kom\u015fumun \u00e7ocu\u011fu uyanmas\u0131n diye alarm sistemini kapatt\u0131m&#8221;<\/p>\n<p>O g\u00fcn, arabas\u0131nda korumal\u0131 alarm sistemi olmas\u0131na ra\u011fmen, yan kom\u015fusunun bebe\u011fi oldu\u011fundan dolay\u0131 uykusuz kalmamas\u0131 i\u00e7in alarm sistemini ilk defa devreye almad\u0131\u011f\u0131n\u0131 belirten Emre Ba\u015fer, &#8220;B\u00fcy\u00fck ihtimalle bu ki\u015fi beni takip eden biriydi. O g\u00fcn beni takip etti\u011fi i\u00e7in f\u0131rsat kollay\u0131p geldi ve kablolar\u0131 keserek elektrik sistemini devre d\u0131\u015f\u0131 b\u0131rakt\u0131. H\u0131rs\u0131z, arac\u0131n kaput k\u0131sm\u0131ndan girerek t\u00fcm elektrik tesisat\u0131n\u0131 kesiyor, sistemi iptal ediyor. Ard\u0131ndan sol kap\u0131n\u0131n kilidini k\u0131rarak ve zarar vererek i\u00e7eri giriyor. Alarm devre d\u0131\u015f\u0131 oldu\u011fu i\u00e7in biz de sesi duyam\u0131yoruz. \u0130lk olarak, d\u00f6rt par\u00e7al\u0131 hoparl\u00f6r grubunu \u00e7al\u0131yor. Bu par\u00e7a vidal\u0131 oldu\u011fu i\u00e7in normalde s\u00f6k\u00fclmesi zordur. H\u0131rs\u0131z, bu par\u00e7alar\u0131 \u00e7al\u0131p kar\u015f\u0131daki tarlaya ta\u015f\u0131yor. Sonras\u0131nda tekrar geliyor, bagaj\u0131 zorlayarak i\u00e7eri girip hoparl\u00f6r\u00fc de al\u0131p g\u00f6t\u00fcr\u00fcyor&#8221; ifadelerini kulland\u0131.<\/p>\n<p>200 bin TL de\u011ferinde<\/p>\n<p>Arac\u0131n\u0131 165 bin TL&#8217;ye ald\u0131\u011f\u0131n\u0131, yakla\u015f\u0131k 200 bin TL de\u011ferinde ses sistemini ise 9 ayda, par\u00e7a par\u00e7a bir araya getirdi\u011fini ekleyen Ba\u015fer s\u00f6zlerini \u015fu \u015fekilde noktalad\u0131:<\/p>\n<p>&#8220;Olay\u0131n fark\u0131na sabah vard\u0131m. Uyand\u0131\u011f\u0131mda bagaj a\u00e7\u0131k haldeydi ve araca h\u0131rs\u0131z girdi\u011fini anlad\u0131m. Hemen emniyeti arad\u0131m. Sa\u011f olsunlar, olay yeri inceleme ekipleri gelip parmak izi \u00e7al\u0131\u015fmas\u0131 yapt\u0131. Ard\u0131ndan beni karakola g\u00f6t\u00fcr\u00fcp ifademi ald\u0131lar. Daha sonra Bozyaka \u015eube M\u00fcd\u00fcrl\u00fc\u011f\u00fc&#8217;nden ekipler gelerek h\u0131zl\u0131 bir \u015fekilde \u00e7al\u0131\u015fmalara ba\u015flad\u0131. Hepsine ayr\u0131 ayr\u0131 \u00e7ok te\u015fekk\u00fcr ediyorum. Ger\u00e7ekten \u00e7ok ilgili davrand\u0131lar ve 24 saat bile ge\u00e7meden \u015fahs\u0131 yakalay\u0131p cihazlar\u0131m\u0131 da buldular. Her ne kadar cihazlar bulunmu\u015f olsa da arac\u0131mda kaporta hasarlar\u0131 ve elektriksel ar\u0131zalar gibi bir\u00e7ok maddi masraf olu\u015ftu.&#8221;<\/p>\n<\/div>\n<p>&nbsp;<\/p>\n<p><strong>KAYNAK:SONDAK\u0130KA<\/strong><\/p>\n","protected":false},"excerpt":{"rendered":"<p>\u0130zmir&#8217;de bir ara\u00e7tan 200 bin TL de\u011ferindeki ses sistemini \u00e7alan h\u0131rs\u0131z, 24 saat i\u00e7inde yakaland\u0131. \u0130zmir&#8217;in\u00a0Bornova\u00a0il\u00e7esinde bir ara\u00e7tan yakla\u015f\u0131k 200 bin TL de\u011ferindeki ses sistemini \u00e7alan h\u0131rs\u0131z, polis ekiplerinin \u00e7al\u0131\u015fmas\u0131yla k\u0131sk\u0131vrak yakaland\u0131. H\u0131rs\u0131z\u0131n arabaya y\u00fckl\u00fc miktarda maddi hasar verdi\u011fini belirten ara\u00e7 sahibi Emre Ba\u015fer, &#8220;Ses sistemimi \u00e7alan h\u0131rs\u0131z her \u015feyi \u00f6nceden planlam\u0131\u015f gibi. Alarm\u0131n devrede [&hellip;]<\/p>\n","protected":false},"author":1,"featured_media":2583,"comment_status":"closed","ping_status":"closed","sticky":false,"template":"","format":"standard","meta":{"footnotes":""},"categories":[7,39],"tags":[93,224,394,303],"class_list":["post-2582","post","type-post","status-publish","format-standard","has-post-thumbnail","hentry","category-gundem","category-haber","tag-hirsiz","tag-izmir","tag-sessistemi","tag-yakalanma"],"_links":{"self":[{"href":"https:\/\/avukatimtv.com\/index.php\/wp-json\/wp\/v2\/posts\/2582","targetHints":{"allow":["GET"]}}],"collection":[{"href":"https:\/\/avukatimtv.com\/index.php\/wp-json\/wp\/v2\/posts"}],"about":[{"href":"https:\/\/avukatimtv.com\/index.php\/wp-json\/wp\/v2\/types\/post"}],"author":[{"embeddable":true,"href":"https:\/\/avukatimtv.com\/index.php\/wp-json\/wp\/v2\/users\/1"}],"replies":[{"embeddable":true,"href":"https:\/\/avukatimtv.com\/index.php\/wp-json\/wp\/v2\/comments?post=2582"}],"version-history":[{"count":1,"href":"https:\/\/avukatimtv.com\/index.php\/wp-json\/wp\/v2\/posts\/2582\/revisions"}],"predecessor-version":[{"id":2584,"href":"https:\/\/avukatimtv.com\/index.php\/wp-json\/wp\/v2\/posts\/2582\/revisions\/2584"}],"wp:featuredmedia":[{"embeddable":true,"href":"https:\/\/avukatimtv.com\/index.php\/wp-json\/wp\/v2\/media\/2583"}],"wp:attachment":[{"href":"https:\/\/avukatimtv.com\/index.php\/wp-json\/wp\/v2\/media?parent=2582"}],"wp:term":[{"taxonomy":"category","embeddable":true,"href":"https:\/\/avukatimtv.com\/index.php\/wp-json\/wp\/v2\/categories?post=2582"},{"taxonomy":"post_tag","embeddable":true,"href":"https:\/\/avukatimtv.com\/index.php\/wp-json\/wp\/v2\/tags?post=2582"}],"curies":[{"name":"wp","href":"https:\/\/api.w.org\/{rel}","templated":true}]}}