{"id":2588,"date":"2025-04-15T18:38:23","date_gmt":"2025-04-15T15:38:23","guid":{"rendered":"https:\/\/avukatimtv.com\/?p=2588"},"modified":"2025-04-15T18:38:23","modified_gmt":"2025-04-15T15:38:23","slug":"eski-esine-ve-arkadasina-saldiri-bir-olu","status":"publish","type":"post","link":"https:\/\/avukatimtv.com\/index.php\/2025\/04\/15\/eski-esine-ve-arkadasina-saldiri-bir-olu\/","title":{"rendered":"Eski E\u015fine Ve Arkada\u015f\u0131na Sald\u0131r\u0131: Bir \u00d6l\u00fc"},"content":{"rendered":"<h2 id=\"spot\" class=\"mt10 haber_ozet\">Denizli&#8217;de eski e\u015fi Hatice \u00dcnl\u00fc&#8217;y\u00fc \u00f6ld\u00fcren Mehmet K\u00f6seo\u011flu tutukland\u0131. Olayda bir ki\u015fi yaraland\u0131.<\/h2>\n<div class=\"hbptDate\">\n<p>Denizli&#8217;nin\u00a0Pamukkale\u00a0il\u00e7esinde bo\u015fand\u0131\u011f\u0131 2 \u00e7ocu\u011funun annesi\u00a0Hatice \u00dcnl\u00fc&#8217;y\u00fc bo\u011faz\u0131n\u0131 keserek \u00f6ld\u00fcren, erkek arkada\u015f\u0131n\u0131n ise \u015fah damar\u0131n\u0131 kesen zanl\u0131 tutukland\u0131. Zanl\u0131, \u00e7ocuklar\u0131n\u0131n e\u015fyalar\u0131n\u0131 almak i\u00e7in gitti\u011fi evde \u00e7ifti g\u00f6r\u00fcnce kendisini kaybetti\u011fini iddia etti.<\/p>\n<p>Pamukkale il\u00e7esine ba\u011fl\u0131 Ku\u015fp\u0131nar Mahallesi Lise Caddesi&#8217;nde ge\u00e7ti\u011fimiz\u00a0Cumartesi\u00a0g\u00fcn\u00fc meydana gelen olayda; Denizli\u00a0Kocaba\u015f\u00a0A\u00e7\u0131k Cezaevinde h\u00fck\u00fcml\u00fc bulunan\u00a0Mehmet K\u00f6seo\u011flu\u00a0(42), cezaevinden izinli olarak \u00e7\u0131kt\u0131ktan sonra 4 y\u0131l \u00f6nce bo\u015fand\u0131\u011f\u0131 eski e\u015fi Hatice \u00dcnl\u00fc&#8217;n\u00fcn (42) ya\u015fad\u0131\u011f\u0131 eve gitti. \u00c7ocuklar\u0131n\u0131n e\u015fyalar\u0131n\u0131 almak i\u00e7in apartman\u0131n \u00f6n\u00fcnde bir s\u00fcre bekleyen Mehmet K\u00f6seo\u011flu, Hatice \u00dcnl\u00fc&#8217;n\u00fcn erkek arkada\u015f\u0131 oldu\u011fu iddia edilen Hasan \u00c7al\u0131\u015fkan (42) ile birlikte d\u0131\u015far\u0131ya \u00e7\u0131kt\u0131\u011f\u0131 g\u00f6r\u00fcnce \u00f6fkeye kap\u0131ld\u0131. \u00c7ifte yan\u0131nda bulunan b\u0131\u00e7akla sald\u0131ran Mehmet K\u00f6seo\u011flu, Hatice \u00dcnl\u00fc&#8217;n\u00fcn bo\u011faz\u0131n\u0131 b\u0131\u00e7akla kestikten sonra Hasan \u00c7al\u0131\u015fkan&#8217;\u0131 da b\u0131\u00e7akla g\u00f6\u011fs\u00fcnden ve bo\u011faz\u0131ndan yaralad\u0131. Sokak ortas\u0131nda kanlar i\u00e7inde yere y\u0131\u011f\u0131lan Hatice \u00dcnl\u00fc, hastanede yap\u0131lan t\u00fcm m\u00fcdahalelere ra\u011fmen ya\u015fam\u0131n\u0131 yitirdi. Hasan \u00c7al\u0131\u015fkan&#8217;\u0131n ise tedavisinin devam etti\u011fi \u00f6\u011frenildi.<\/p>\n<p>Sald\u0131r\u0131n\u0131n ard\u0131ndan olay yerinden ka\u00e7an Mehmet K\u00f6seo\u011flu, polis ekiplerinin \u00e7al\u0131\u015fmas\u0131yla k\u0131sa s\u00fcrede yakaland\u0131. Polis karakolundaki i\u015flemlerinin ard\u0131ndan adliyeye sevk edilen Mehmet K\u00f6seo\u011flu tutuklanarak cezaevine g\u00f6nderildi. \u0130fadesinde \u00e7ocuklar\u0131n e\u015fyalar\u0131n\u0131 almak i\u00e7in eski e\u015finin ya\u015fad\u0131\u011f\u0131 eve gitti\u011fini belirten Mehmet K\u00f6seo\u011flu&#8217;nun d\u0131\u015far\u0131da beklerken \u00e7iftin birlikte d\u0131\u015far\u0131ya \u00e7\u0131kt\u0131\u011f\u0131n\u0131 g\u00f6r\u00fcnce \u00f6fkeye kap\u0131ld\u0131\u011f\u0131, tart\u0131\u015ft\u0131klar\u0131n\u0131 ve daha sonra kendisini kaybetti\u011fini s\u00f6yledi\u011fi \u00f6\u011frenildi.<\/p>\n<p>Sald\u0131r\u0131da hayat\u0131n\u0131 kaybeden Hatice \u00dcnl\u00fc cans\u0131z bedeni baba oca\u011f\u0131 Denizli&#8217;nin\u00a0Sarayk\u00f6y\u00a0il\u00e7esine ba\u011fl\u0131 S\u0131\u011fma Mahallesine g\u00f6t\u00fcr\u00fcld\u00fc. \u00dcnl\u00fc&#8217;n\u00fcn cenazesi k\u0131l\u0131nan cenaze namaz\u0131n\u0131n ard\u0131ndan mahalle mezarl\u0131\u011f\u0131na defnedildi.<\/p>\n<\/div>\n<p>&nbsp;<\/p>\n<p><strong>KAYNAK:SONDAK\u0130KA<\/strong><\/p>\n","protected":false},"excerpt":{"rendered":"<p>Denizli&#8217;de eski e\u015fi Hatice \u00dcnl\u00fc&#8217;y\u00fc \u00f6ld\u00fcren Mehmet K\u00f6seo\u011flu tutukland\u0131. Olayda bir ki\u015fi yaraland\u0131. Denizli&#8217;nin\u00a0Pamukkale\u00a0il\u00e7esinde bo\u015fand\u0131\u011f\u0131 2 \u00e7ocu\u011funun annesi\u00a0Hatice \u00dcnl\u00fc&#8217;y\u00fc bo\u011faz\u0131n\u0131 keserek \u00f6ld\u00fcren, erkek arkada\u015f\u0131n\u0131n ise \u015fah damar\u0131n\u0131 kesen zanl\u0131 tutukland\u0131. Zanl\u0131, \u00e7ocuklar\u0131n\u0131n e\u015fyalar\u0131n\u0131 almak i\u00e7in gitti\u011fi evde \u00e7ifti g\u00f6r\u00fcnce kendisini kaybetti\u011fini iddia etti. Pamukkale il\u00e7esine ba\u011fl\u0131 Ku\u015fp\u0131nar Mahallesi Lise Caddesi&#8217;nde ge\u00e7ti\u011fimiz\u00a0Cumartesi\u00a0g\u00fcn\u00fc meydana gelen olayda; Denizli\u00a0Kocaba\u015f\u00a0A\u00e7\u0131k [&hellip;]<\/p>\n","protected":false},"author":1,"featured_media":2589,"comment_status":"closed","ping_status":"closed","sticky":false,"template":"","format":"standard","meta":{"footnotes":""},"categories":[7,39],"tags":[60,175,148,71,348,397,396,398,332,331],"class_list":["post-2588","post","type-post","status-publish","format-standard","has-post-thumbnail","hentry","category-gundem","category-haber","tag-cinayet","tag-guvenlik","tag-hukuk","tag-suc","tag-denizli","tag-hatice-unlu","tag-mehmet-koseoglu","tag-pamukkale","tag-politika","tag-yerel-haberler"],"_links":{"self":[{"href":"https:\/\/avukatimtv.com\/index.php\/wp-json\/wp\/v2\/posts\/2588","targetHints":{"allow":["GET"]}}],"collection":[{"href":"https:\/\/avukatimtv.com\/index.php\/wp-json\/wp\/v2\/posts"}],"about":[{"href":"https:\/\/avukatimtv.com\/index.php\/wp-json\/wp\/v2\/types\/post"}],"author":[{"embeddable":true,"href":"https:\/\/avukatimtv.com\/index.php\/wp-json\/wp\/v2\/users\/1"}],"replies":[{"embeddable":true,"href":"https:\/\/avukatimtv.com\/index.php\/wp-json\/wp\/v2\/comments?post=2588"}],"version-history":[{"count":1,"href":"https:\/\/avukatimtv.com\/index.php\/wp-json\/wp\/v2\/posts\/2588\/revisions"}],"predecessor-version":[{"id":2590,"href":"https:\/\/avukatimtv.com\/index.php\/wp-json\/wp\/v2\/posts\/2588\/revisions\/2590"}],"wp:featuredmedia":[{"embeddable":true,"href":"https:\/\/avukatimtv.com\/index.php\/wp-json\/wp\/v2\/media\/2589"}],"wp:attachment":[{"href":"https:\/\/avukatimtv.com\/index.php\/wp-json\/wp\/v2\/media?parent=2588"}],"wp:term":[{"taxonomy":"category","embeddable":true,"href":"https:\/\/avukatimtv.com\/index.php\/wp-json\/wp\/v2\/categories?post=2588"},{"taxonomy":"post_tag","embeddable":true,"href":"https:\/\/avukatimtv.com\/index.php\/wp-json\/wp\/v2\/tags?post=2588"}],"curies":[{"name":"wp","href":"https:\/\/api.w.org\/{rel}","templated":true}]}}