{"id":2591,"date":"2025-04-16T19:38:52","date_gmt":"2025-04-16T16:38:52","guid":{"rendered":"https:\/\/avukatimtv.com\/?p=2591"},"modified":"2025-04-16T19:40:19","modified_gmt":"2025-04-16T16:40:19","slug":"samsunda-esini-olduren-koca-araniyor","status":"publish","type":"post","link":"https:\/\/avukatimtv.com\/index.php\/2025\/04\/16\/samsunda-esini-olduren-koca-araniyor\/","title":{"rendered":"Samsun&#8217;da E\u015fini \u00d6ld\u00fcren Koca Aran\u0131yor"},"content":{"rendered":"<h2 id=\"spot\" class=\"mt10 haber_ozet\">Samsun&#8217;da bo\u015fanma a\u015famas\u0131ndaki e\u015fi Emine Akp\u0131nar\u2019\u0131 sokak ortas\u0131nda \u00f6ld\u00fcren Emrah Akp\u0131nar aran\u0131yor.<\/h2>\n<div class=\"hbptDate\">\n<p>Samsun&#8217;un\u00a0Canik\u00a0il\u00e7esinde bo\u015fanma a\u015famas\u0131ndaki e\u015fini sokak ortas\u0131nda \u00f6ld\u00fcren day\u0131s\u0131n\u0131n yan\u0131nda bulunan gen\u00e7 adliyeye sevk edildi.<\/p>\n<p>Olay, Canik Kar\u015f\u0131yaka Mahallesi Ok Sokak&#8217;ta d\u00fcn ak\u015fam saat 22.15&#8217;te meydana geldi. Edinilen bilgiye g\u00f6re, t\u0131r s\u00fcr\u00fcc\u00fcs\u00fc\u00a0Emrah\u00a0Akp\u0131nar\u00a0(38), bo\u015fanma a\u015famas\u0131nda oldu\u011fu, hakk\u0131nda uzakla\u015ft\u0131rma karar\u0131 bulunan 3 \u00e7ocuk annesi e\u015fi\u00a0Emine Akp\u0131nar&#8217;a (36) sokak ortas\u0131nda tabancayla kur\u015fun ya\u011fd\u0131rd\u0131. Silah sesleri \u00fczerine olay yerine polis ve sa\u011fl\u0131k ekipleri sevk edildi. Olay yerine giden polis ve sa\u011fl\u0131k ekipleri Emine Akp\u0131nar&#8217;\u0131n hayat\u0131n\u0131 kaybetti\u011fini belirledi.\u00a0Polis\u00a0olaydan sonra ka\u00e7an Emrah Akp\u0131nar&#8217;\u0131 yakalamak i\u00e7in \u00e7al\u0131\u015fma ba\u015flatt\u0131. Olayla ilgili Emrah Akp\u0131nar&#8217;\u0131n k\u0131z karde\u015finin o\u011flu A.\u00d6. (25), cinayet b\u00fcrosu ekiplerince g\u00f6zalt\u0131na al\u0131nd\u0131.<\/p>\n<p>Kay\u0131plara kar\u0131\u015fan Emrah Akp\u0131nar&#8217;\u0131n 2016 y\u0131l\u0131nda\u00a0\u0130lkad\u0131m il\u00e7esi Liman Mahallesi&#8217;nde tart\u0131\u015ft\u0131\u011f\u0131 a\u011fabeyi \u0130dris Akp\u0131nar&#8217;\u0131 (33) da b\u0131\u00e7aklayarak \u00f6ld\u00fcrd\u00fc\u011f\u00fc ve yarg\u0131land\u0131\u011f\u0131 mahkemece 16 y\u0131l 8 ay hapis cezas\u0131na \u00e7arpt\u0131r\u0131l\u0131p yakla\u015f\u0131k 5 y\u0131l \u00f6nce cezaevinden tahliye edildi\u011fi \u00f6\u011frenildi. Polis her yerde katil zanl\u0131s\u0131 Emrah Akp\u0131nar&#8217;\u0131 ar\u0131yor<\/p>\n<\/div>\n<p>Emine Akp\u0131nar&#8217;\u0131n cenazesi, Derecik Mezarl\u0131k Camisi&#8217;nde \u00f6\u011fle vakti k\u0131l\u0131nan cenaze namaz\u0131n\u0131n ard\u0131ndan Derecik Mezarl\u0131\u011f\u0131nda g\u00f6zya\u015flar\u0131 i\u00e7inde topra\u011fa verildi. Olay sonras\u0131 \u0130lkad\u0131m il\u00e7esi \u00c7atalarmut Mahallesi&#8217;nde yakalanan A.\u00d6. ise bug\u00fcn Samsun Adliyesine sevk edildi. Day\u0131s\u0131 Emrah Akp\u0131nar&#8217;\u0131n yengesinin yan\u0131na gitmek i\u00e7in kendisini evden ald\u0131\u011f\u0131n\u0131 s\u00f6yleyen A.\u00d6., &#8220;Bana &#8216;yengen beni eve almaz, benimle gel sana kap\u0131y\u0131 a\u00e7ar&#8217; dedi. Birlikte gittik. Ben eve gitti\u011fimde day\u0131m d\u0131\u015far\u0131dayd\u0131. Eve gittim \u00e7ocuklar vard\u0131, yengem yoktu. Ben daha sonra d\u0131\u015far\u0131 \u00e7\u0131k\u0131nca day\u0131m bana &#8216;hadi gidelim&#8217; dedi. Ara\u00e7la birlikte ayr\u0131kd\u0131k. Ben silah sesi duymad\u0131m. Day\u0131m t\u0131r park\u0131nda indi. Ben daha sonra \u00e7ay i\u00e7meye gittim.\u00a0\u00c7ay\u00a0i\u00e7erken polis geldi beni ald\u0131. Ke\u015fke yengemi de\u011fil beni vursayd\u0131. Yengem \u00e7ok iyi biriydi&#8221; \u015feklinde konu\u015ftu.<\/p>\n<p><strong>KAYNAK:SONDAK\u0130KA<\/strong><\/p>\n","protected":false},"excerpt":{"rendered":"<p>Samsun&#8217;da bo\u015fanma a\u015famas\u0131ndaki e\u015fi Emine Akp\u0131nar\u2019\u0131 sokak ortas\u0131nda \u00f6ld\u00fcren Emrah Akp\u0131nar aran\u0131yor. Samsun&#8217;un\u00a0Canik\u00a0il\u00e7esinde bo\u015fanma a\u015famas\u0131ndaki e\u015fini sokak ortas\u0131nda \u00f6ld\u00fcren day\u0131s\u0131n\u0131n yan\u0131nda bulunan gen\u00e7 adliyeye sevk edildi. Olay, Canik Kar\u015f\u0131yaka Mahallesi Ok Sokak&#8217;ta d\u00fcn ak\u015fam saat 22.15&#8217;te meydana geldi. Edinilen bilgiye g\u00f6re, t\u0131r s\u00fcr\u00fcc\u00fcs\u00fc\u00a0Emrah\u00a0Akp\u0131nar\u00a0(38), bo\u015fanma a\u015famas\u0131nda oldu\u011fu, hakk\u0131nda uzakla\u015ft\u0131rma karar\u0131 bulunan 3 \u00e7ocuk annesi e\u015fi\u00a0Emine Akp\u0131nar&#8217;a [&hellip;]<\/p>\n","protected":false},"author":1,"featured_media":2592,"comment_status":"closed","ping_status":"closed","sticky":false,"template":"","format":"standard","meta":{"footnotes":""},"categories":[7,39],"tags":[60,175,148,49,400,402,399,401,332,366],"class_list":["post-2591","post","type-post","status-publish","format-standard","has-post-thumbnail","hentry","category-gundem","category-haber","tag-cinayet","tag-guvenlik","tag-hukuk","tag-polis","tag-akpinar","tag-canik","tag-emine-akpinar","tag-emrah","tag-politika","tag-samsun"],"_links":{"self":[{"href":"https:\/\/avukatimtv.com\/index.php\/wp-json\/wp\/v2\/posts\/2591","targetHints":{"allow":["GET"]}}],"collection":[{"href":"https:\/\/avukatimtv.com\/index.php\/wp-json\/wp\/v2\/posts"}],"about":[{"href":"https:\/\/avukatimtv.com\/index.php\/wp-json\/wp\/v2\/types\/post"}],"author":[{"embeddable":true,"href":"https:\/\/avukatimtv.com\/index.php\/wp-json\/wp\/v2\/users\/1"}],"replies":[{"embeddable":true,"href":"https:\/\/avukatimtv.com\/index.php\/wp-json\/wp\/v2\/comments?post=2591"}],"version-history":[{"count":2,"href":"https:\/\/avukatimtv.com\/index.php\/wp-json\/wp\/v2\/posts\/2591\/revisions"}],"predecessor-version":[{"id":2594,"href":"https:\/\/avukatimtv.com\/index.php\/wp-json\/wp\/v2\/posts\/2591\/revisions\/2594"}],"wp:featuredmedia":[{"embeddable":true,"href":"https:\/\/avukatimtv.com\/index.php\/wp-json\/wp\/v2\/media\/2592"}],"wp:attachment":[{"href":"https:\/\/avukatimtv.com\/index.php\/wp-json\/wp\/v2\/media?parent=2591"}],"wp:term":[{"taxonomy":"category","embeddable":true,"href":"https:\/\/avukatimtv.com\/index.php\/wp-json\/wp\/v2\/categories?post=2591"},{"taxonomy":"post_tag","embeddable":true,"href":"https:\/\/avukatimtv.com\/index.php\/wp-json\/wp\/v2\/tags?post=2591"}],"curies":[{"name":"wp","href":"https:\/\/api.w.org\/{rel}","templated":true}]}}