{"id":2595,"date":"2025-04-16T19:44:55","date_gmt":"2025-04-16T16:44:55","guid":{"rendered":"https:\/\/avukatimtv.com\/?p=2595"},"modified":"2025-04-16T19:44:55","modified_gmt":"2025-04-16T16:44:55","slug":"eski-esi-ile-komsularini-darbedip-evi-yakti","status":"publish","type":"post","link":"https:\/\/avukatimtv.com\/index.php\/2025\/04\/16\/eski-esi-ile-komsularini-darbedip-evi-yakti\/","title":{"rendered":"Eski e\u015fi ile kom\u015fular\u0131n\u0131 darbedip, evi yakt\u0131"},"content":{"rendered":"<h2 id=\"spot\" class=\"mt10 haber_ozet\">Konya&#8217;n\u0131n Seydi\u015fehir il\u00e7esinde 60 ya\u015f\u0131ndaki Ramazan A., bo\u015fand\u0131\u011f\u0131 Makbule K\u00fc\u00e7\u00fck ile 2 kom\u015fusunu darbettikten sonra eski e\u015finin evini ate\u015fe verdi.<\/h2>\n<p>Konya&#8217;n\u0131n\u00a0Seydi\u015fehir\u00a0il\u00e7esinde 60 ya\u015f\u0131ndaki Ramazan A. isimli erkek, sabah saatlerinde eski e\u015fi Makbule K\u00fc\u00e7\u00fck&#8217;\u00fcn\u00a0P\u0131narba\u015f\u0131\u00a0Mahallesi&#8217;ndeki evine geldi.<\/p>\n<p><img decoding=\"async\" src=\"https:\/\/foto.sondakika.com\/haber\/2025\/04\/16\/eski-esi-ile-komsularini-darbedip-evi-yakti-18516311_969_m.jpg\" alt=\" Eski e\u015fi ile kom\u015fular\u0131n\u0131 darbedip, evi yakt\u0131\" \/><\/p>\n<p>&nbsp;<\/p>\n<h3>ESK\u0130 E\u015e\u0130 \u0130LE KOM\u015eULARINI DARBED\u0130P, EV\u0130 ATE\u015eE VERD\u0130<\/h3>\n<p>Burada belirlenemeyen bir nedenden dolay\u0131 \u00e7\u0131kan tart\u0131\u015fman\u0131n ard\u0131ndan K\u00fc\u00e7\u00fck&#8217;\u00fc darbeden Ramazan A., sesi duyup taraflar\u0131 ay\u0131rmayan gelen kom\u015fular\u0131\u00a0Mehmet Kula\u00a0ile Hatice Kula&#8217;y\u0131 da darbetti. Ramazan A., daha sonra K\u00fc\u00e7\u00fck&#8217;\u00fcn evini ate\u015fe verip, ka\u00e7t\u0131.<\/p>\n<div class=\"drimg\"><img decoding=\"async\" src=\"https:\/\/foto.sondakika.com\/haber\/2025\/04\/16\/eski-esi-ile-komsularini-darbedip-evi-yakti-18516311_4449_m.jpg\" alt=\" Eski e\u015fi ile kom\u015fular\u0131n\u0131 darbedip, evi yakt\u0131\" \/><\/div>\n<div><\/div>\n<div>\n<h3>G\u00d6ZALTINA ALINDI<\/h3>\n<p>\u0130hbar \u00fczerine adrese sa\u011fl\u0131k, itfaiye ve polis ekipleri sevk edildi. Yaral\u0131 3 ki\u015fi, ambulanslarla Seydi\u015fehir\u00a0Devlet Hastanesi&#8217;ne kald\u0131r\u0131ld\u0131. Alevler, itfaiyecilerin m\u00fcdahalesiyle s\u00f6nd\u00fcr\u00fcld\u00fc.\u00a0Polis, Ramazan A.&#8217;y\u0131 yakalay\u0131p, g\u00f6zalt\u0131na ald\u0131. Olayla ilgili inceleme s\u00fcr\u00fcyor.<\/p>\n<\/div>\n<div><strong>KAYNAK:SONDAK\u0130KA<\/strong><\/div>\n<div class=\"drimg\"><\/div>\n<div class=\"hbptDate\"><\/div>\n","protected":false},"excerpt":{"rendered":"<p>Konya&#8217;n\u0131n Seydi\u015fehir il\u00e7esinde 60 ya\u015f\u0131ndaki Ramazan A., bo\u015fand\u0131\u011f\u0131 Makbule K\u00fc\u00e7\u00fck ile 2 kom\u015fusunu darbettikten sonra eski e\u015finin evini ate\u015fe verdi. Konya&#8217;n\u0131n\u00a0Seydi\u015fehir\u00a0il\u00e7esinde 60 ya\u015f\u0131ndaki Ramazan A. isimli erkek, sabah saatlerinde eski e\u015fi Makbule K\u00fc\u00e7\u00fck&#8217;\u00fcn\u00a0P\u0131narba\u015f\u0131\u00a0Mahallesi&#8217;ndeki evine geldi. &nbsp; ESK\u0130 E\u015e\u0130 \u0130LE KOM\u015eULARINI DARBED\u0130P, EV\u0130 ATE\u015eE VERD\u0130 Burada belirlenemeyen bir nedenden dolay\u0131 \u00e7\u0131kan tart\u0131\u015fman\u0131n ard\u0131ndan K\u00fc\u00e7\u00fck&#8217;\u00fc darbeden Ramazan [&hellip;]<\/p>\n","protected":false},"author":1,"featured_media":2596,"comment_status":"closed","ping_status":"closed","sticky":false,"template":"","format":"standard","meta":{"footnotes":""},"categories":[7,39],"tags":[175,148,260,271,33],"class_list":["post-2595","post","type-post","status-publish","format-standard","has-post-thumbnail","hentry","category-gundem","category-haber","tag-guvenlik","tag-hukuk","tag-konya","tag-seydisehir","tag-yasam"],"_links":{"self":[{"href":"https:\/\/avukatimtv.com\/index.php\/wp-json\/wp\/v2\/posts\/2595","targetHints":{"allow":["GET"]}}],"collection":[{"href":"https:\/\/avukatimtv.com\/index.php\/wp-json\/wp\/v2\/posts"}],"about":[{"href":"https:\/\/avukatimtv.com\/index.php\/wp-json\/wp\/v2\/types\/post"}],"author":[{"embeddable":true,"href":"https:\/\/avukatimtv.com\/index.php\/wp-json\/wp\/v2\/users\/1"}],"replies":[{"embeddable":true,"href":"https:\/\/avukatimtv.com\/index.php\/wp-json\/wp\/v2\/comments?post=2595"}],"version-history":[{"count":1,"href":"https:\/\/avukatimtv.com\/index.php\/wp-json\/wp\/v2\/posts\/2595\/revisions"}],"predecessor-version":[{"id":2597,"href":"https:\/\/avukatimtv.com\/index.php\/wp-json\/wp\/v2\/posts\/2595\/revisions\/2597"}],"wp:featuredmedia":[{"embeddable":true,"href":"https:\/\/avukatimtv.com\/index.php\/wp-json\/wp\/v2\/media\/2596"}],"wp:attachment":[{"href":"https:\/\/avukatimtv.com\/index.php\/wp-json\/wp\/v2\/media?parent=2595"}],"wp:term":[{"taxonomy":"category","embeddable":true,"href":"https:\/\/avukatimtv.com\/index.php\/wp-json\/wp\/v2\/categories?post=2595"},{"taxonomy":"post_tag","embeddable":true,"href":"https:\/\/avukatimtv.com\/index.php\/wp-json\/wp\/v2\/tags?post=2595"}],"curies":[{"name":"wp","href":"https:\/\/api.w.org\/{rel}","templated":true}]}}