{"id":2603,"date":"2025-04-19T20:17:45","date_gmt":"2025-04-19T17:17:45","guid":{"rendered":"https:\/\/avukatimtv.com\/?p=2603"},"modified":"2025-04-19T20:17:45","modified_gmt":"2025-04-19T17:17:45","slug":"parasini-alamayan-kucuk-cocuk-yasli-adami-kursun-yagmuruna-tuttu","status":"publish","type":"post","link":"https:\/\/avukatimtv.com\/index.php\/2025\/04\/19\/parasini-alamayan-kucuk-cocuk-yasli-adami-kursun-yagmuruna-tuttu\/","title":{"rendered":"Paras\u0131n\u0131 alamayan k\u00fc\u00e7\u00fck \u00e7ocuk, ya\u015fl\u0131 adam\u0131 kur\u015fun ya\u011fmuruna tuttu"},"content":{"rendered":"<h2 id=\"spot\" class=\"mt10 haber_ozet\">Bursa&#8217;n\u0131n \u0130neg\u00f6l il\u00e7esinde 15 ya\u015f\u0131ndaki \u00e7ocuk, tart\u0131\u015ft\u0131\u011f\u0131 adama tabancayla defalarca ate\u015f etti. Baca\u011f\u0131ndan yaralanan ya\u015fl\u0131 adam hastaneye kald\u0131r\u0131l\u0131rken, g\u00f6zalt\u0131na al\u0131nan \u00e7ocuk polisteki ifadesinde, &#8220;Beni bir i\u015f yerinde \u00e7al\u0131\u015ft\u0131r\u0131yordu. Uzun s\u00fcre \u00e7al\u0131\u015ft\u0131rd\u0131, para vermedi. Defalarca param\u0131 istedim vermedi. Ak\u015fam da bana hakaret etti. Ben de sinirlenip ate\u015f ettim&#8221; dedi.<\/h2>\n<div class=\"hbptDate\">Bursa&#8217;n\u0131n\u00a0\u0130neg\u00f6l\u00a0il\u00e7esinde kavga s\u0131ras\u0131nda 15 ya\u015f\u0131ndaki S.A.\u00d6., tart\u0131\u015ft\u0131\u011f\u0131 ya\u015fl\u0131 adam\u0131 baca\u011f\u0131ndan vurarak yaralad\u0131. Olay sonras\u0131 yakalanan gen\u00e7, ifadesinde ya\u015fad\u0131\u011f\u0131 maddi sorunlar ve hakaret nedeniyle sinirlendi\u011fini s\u00f6yledi<\/div>\n<div>\n<h3>K\u00dc\u00c7\u00dcK \u00c7OCUK, YA\u015eLI ADAMI DEFALARCA ATE\u015e ETT\u0130<\/h3>\n<p>Olay, d\u00fcn ak\u015fam saat 21.00 s\u0131ralar\u0131nda\u00a0Hamidiye\u00a0Mahallesi\u00a0Kavak\u00a0Sokak&#8217;ta meydana geldi. Yabanc\u0131 uyruklu S.A.\u00d6. (15), hen\u00fcz belirlenemeyen bir nedenle sokakta tart\u0131\u015ft\u0131\u011f\u0131 Nadir C. ile kavga etmeye ba\u015flad\u0131. \u00d6fkeli \u00e7ocuk, elindeki tabancayla Nadir C.&#8217;ye defalarca ate\u015f etti. Nadir C., sol baca\u011f\u0131na isabet eden mermiyle yere y\u0131\u011f\u0131ld\u0131.<\/p>\n<p><img decoding=\"async\" src=\"https:\/\/foto.sondakika.com\/haber\/2025\/04\/19\/yasli-adami-vuran-cocuk-adliyeye-sevk-edildi-18526924_8551_m.jpg\" alt=\"Ya\u015fl\u0131 Adam\u0131 Vuran \u00c7ocuk Adliyeye Sevk Edildi\" \/><\/p>\n<h3>&#8220;PARAMI \u0130STED\u0130M VERMED\u0130, HAKARET ETT\u0130&#8221;<\/h3>\n<p><i>\u015e\u00fcpheli\u00a0<\/i>ka\u00e7arken, yaral\u0131 olay yerine sevk edilen ambulansla \u0130neg\u00f6l Devlet Hastanesine kald\u0131r\u0131ld\u0131.\u00a0Polis\u00a0ekipleri, \u015f\u00fcpheliyi ya\u015fanan kovalamaca sonucu su\u00e7 aleti tabancayla birlikte yakalad\u0131. \u015e\u00fcpheli S.A.\u00d6.&#8217;n\u0131n ifadesinde, &#8220;Beni bir i\u015f yerinde \u00e7al\u0131\u015ft\u0131r\u0131yordu. Uzun s\u00fcre \u00e7al\u0131\u015ft\u0131rd\u0131, para vermedi. Defalarca param\u0131 istedim vermedi. Ak\u015fam da bana hakaret etti. Ben de sinirlenip ate\u015f ettim&#8221; dedi\u011fi \u00f6\u011frenildi. \u015e\u00fcpheli, sorgulamas\u0131n\u0131n ard\u0131ndan adliyeye sevk edildi.<\/p>\n<p><img decoding=\"async\" src=\"https:\/\/foto.sondakika.com\/haber\/2025\/04\/19\/yasli-adami-vuran-cocuk-adliyeye-sevk-edildi-18526924_8551_m.jpg\" alt=\"Ya\u015fl\u0131 Adam\u0131 Vuran \u00c7ocuk Adliyeye Sevk Edildi\" \/><\/p>\n<p><strong>KAYNAK: \u0130HA<\/strong><\/p>\n<p>&nbsp;<\/p>\n<\/div>\n","protected":false},"excerpt":{"rendered":"<p>Bursa&#8217;n\u0131n \u0130neg\u00f6l il\u00e7esinde 15 ya\u015f\u0131ndaki \u00e7ocuk, tart\u0131\u015ft\u0131\u011f\u0131 adama tabancayla defalarca ate\u015f etti. Baca\u011f\u0131ndan yaralanan ya\u015fl\u0131 adam hastaneye kald\u0131r\u0131l\u0131rken, g\u00f6zalt\u0131na al\u0131nan \u00e7ocuk polisteki ifadesinde, &#8220;Beni bir i\u015f yerinde \u00e7al\u0131\u015ft\u0131r\u0131yordu. Uzun s\u00fcre \u00e7al\u0131\u015ft\u0131rd\u0131, para vermedi. Defalarca param\u0131 istedim vermedi. Ak\u015fam da bana hakaret etti. Ben de sinirlenip ate\u015f ettim&#8221; dedi. Bursa&#8217;n\u0131n\u00a0\u0130neg\u00f6l\u00a0il\u00e7esinde kavga s\u0131ras\u0131nda 15 ya\u015f\u0131ndaki S.A.\u00d6., tart\u0131\u015ft\u0131\u011f\u0131 [&hellip;]<\/p>\n","protected":false},"author":1,"featured_media":2604,"comment_status":"closed","ping_status":"closed","sticky":false,"template":"","format":"standard","meta":{"footnotes":""},"categories":[7,39],"tags":[80,51,103,264,406,83,49,50,262,98],"class_list":["post-2603","post","type-post","status-publish","format-standard","has-post-thumbnail","hentry","category-gundem","category-haber","tag-bursa","tag-gozalti","tag-hastane","tag-ifade","tag-inegol","tag-kavga","tag-polis","tag-saldiri","tag-siddet","tag-tartisma"],"_links":{"self":[{"href":"https:\/\/avukatimtv.com\/index.php\/wp-json\/wp\/v2\/posts\/2603","targetHints":{"allow":["GET"]}}],"collection":[{"href":"https:\/\/avukatimtv.com\/index.php\/wp-json\/wp\/v2\/posts"}],"about":[{"href":"https:\/\/avukatimtv.com\/index.php\/wp-json\/wp\/v2\/types\/post"}],"author":[{"embeddable":true,"href":"https:\/\/avukatimtv.com\/index.php\/wp-json\/wp\/v2\/users\/1"}],"replies":[{"embeddable":true,"href":"https:\/\/avukatimtv.com\/index.php\/wp-json\/wp\/v2\/comments?post=2603"}],"version-history":[{"count":1,"href":"https:\/\/avukatimtv.com\/index.php\/wp-json\/wp\/v2\/posts\/2603\/revisions"}],"predecessor-version":[{"id":2605,"href":"https:\/\/avukatimtv.com\/index.php\/wp-json\/wp\/v2\/posts\/2603\/revisions\/2605"}],"wp:featuredmedia":[{"embeddable":true,"href":"https:\/\/avukatimtv.com\/index.php\/wp-json\/wp\/v2\/media\/2604"}],"wp:attachment":[{"href":"https:\/\/avukatimtv.com\/index.php\/wp-json\/wp\/v2\/media?parent=2603"}],"wp:term":[{"taxonomy":"category","embeddable":true,"href":"https:\/\/avukatimtv.com\/index.php\/wp-json\/wp\/v2\/categories?post=2603"},{"taxonomy":"post_tag","embeddable":true,"href":"https:\/\/avukatimtv.com\/index.php\/wp-json\/wp\/v2\/tags?post=2603"}],"curies":[{"name":"wp","href":"https:\/\/api.w.org\/{rel}","templated":true}]}}