{"id":2606,"date":"2025-04-24T17:13:53","date_gmt":"2025-04-24T14:13:53","guid":{"rendered":"https:\/\/avukatimtv.com\/?p=2606"},"modified":"2025-04-24T17:13:53","modified_gmt":"2025-04-24T14:13:53","slug":"bosanma-asamasindaki-ciftin-trajik-olayi","status":"publish","type":"post","link":"https:\/\/avukatimtv.com\/index.php\/2025\/04\/24\/bosanma-asamasindaki-ciftin-trajik-olayi\/","title":{"rendered":"Bo\u015fanma A\u015famas\u0131ndaki \u00c7iftin Trajik Olay\u0131"},"content":{"rendered":"<h2 id=\"spot\" class=\"mt10 haber_ozet\">Samsun&#8217;da bo\u015fanma a\u015famas\u0131ndaki Cengiz Alt\u0131nel, e\u015fi P\u0131nar&#8217;\u0131 \u00f6ld\u00fcr\u00fcp intihar etti.<\/h2>\n<div class=\"hbptDate\">\n<p>Samsun&#8217;un\u00a0Ala\u00e7am\u00a0il\u00e7esinde bo\u015fanma a\u015famas\u0131ndaki e\u015fini silahla \u00f6ld\u00fcren ki\u015fi, intihar etti.<\/p>\n<p>Cengiz Alt\u0131nel (40) ile bo\u015fanma a\u015famas\u0131nda oldu\u011fu e\u015fi\u00a0P\u0131nar\u00a0Alt\u0131nel (32), g\u00f6r\u00fc\u015fmek i\u00e7in Ala\u00e7am il\u00e7esi Etyemez mevkisindeki bir akaryak\u0131t istasyonundaki kad\u0131n\u0131n \u00e7al\u0131\u015ft\u0131\u011f\u0131 kafeye gitti.<\/p>\n<p>Burada tart\u0131\u015fmaya ba\u015flayan \u00e7iftten Cengiz Alt\u0131nel, yan\u0131ndaki tabancayla P\u0131nar Alt\u0131nel&#8217;e ate\u015f ettikten sonra kendini vurdu.<\/p>\n<\/div>\n<p>Olay yerine polis, jandarma ve 112\u00a0Acil Servis\u00a0ekipleri sevk edildi. Sa\u011fl\u0131k ekipleri, kad\u0131n\u0131n ve kocas\u0131n\u0131n olay yerinde hayat\u0131n\u0131 kaybetti\u011fini belirledi.<\/p>\n<p>Alt\u0131nel \u00e7iftinin cans\u0131z bedenleri, jandarma ekiplerinin \u00e7al\u0131\u015fmas\u0131n\u0131n ard\u0131ndan otopsi i\u00e7in Ala\u00e7am\u00a0Devlet Hastanesi&#8217;ne kald\u0131r\u0131ld\u0131.<\/p>\n<p>Bo\u015fanma a\u015famas\u0131nda olan \u00e7iftin ayr\u0131 ya\u015fad\u0131\u011f\u0131, Cengiz Alt\u0131nel&#8217;in Ala\u00e7am \u0130l\u00e7e Halk K\u00fct\u00fcphanesi&#8217;nde memur olarak g\u00f6rev yapt\u0131\u011f\u0131 \u00f6\u011frenildi.<\/p>\n<p>Olay\u0131n ya\u015fand\u0131\u011f\u0131 s\u0131rada Ala\u00e7am Cumhuriyet \u0130lkokulu \u00f6zel e\u011fitim s\u0131n\u0131f\u0131ndan yakla\u015f\u0131k 25 \u00f6\u011frencinin kahvalt\u0131 program\u0131 i\u00e7in kafede oldu\u011fu ve herhangi bir yaralanman\u0131n olmad\u0131\u011f\u0131 belirtildi.<\/p>\n<p>Yeniden\u00a0Refah\u00a0Partisi Ala\u00e7am \u0130l\u00e7e Ba\u015fkanl\u0131\u011f\u0131&#8217;nda \u00f6nceki d\u00f6nem Kad\u0131n Kollar\u0131 Ba\u015fkanl\u0131\u011f\u0131 g\u00f6revi yapan P\u0131nar Alt\u0131nel&#8217;in yakla\u015f\u0131k bir hafta \u00f6nce uzakla\u015ft\u0131rma karar\u0131 ald\u0131rd\u0131\u011f\u0131 da ortaya \u00e7\u0131kt\u0131.<\/p>\n<p>&nbsp;<\/p>\n<p>&nbsp;<\/p>\n<p><strong>KAYNAK:SONDAK\u0130KA<\/strong><\/p>\n","protected":false},"excerpt":{"rendered":"<p>Samsun&#8217;da bo\u015fanma a\u015famas\u0131ndaki Cengiz Alt\u0131nel, e\u015fi P\u0131nar&#8217;\u0131 \u00f6ld\u00fcr\u00fcp intihar etti. Samsun&#8217;un\u00a0Ala\u00e7am\u00a0il\u00e7esinde bo\u015fanma a\u015famas\u0131ndaki e\u015fini silahla \u00f6ld\u00fcren ki\u015fi, intihar etti. Cengiz Alt\u0131nel (40) ile bo\u015fanma a\u015famas\u0131nda oldu\u011fu e\u015fi\u00a0P\u0131nar\u00a0Alt\u0131nel (32), g\u00f6r\u00fc\u015fmek i\u00e7in Ala\u00e7am il\u00e7esi Etyemez mevkisindeki bir akaryak\u0131t istasyonundaki kad\u0131n\u0131n \u00e7al\u0131\u015ft\u0131\u011f\u0131 kafeye gitti. Burada tart\u0131\u015fmaya ba\u015flayan \u00e7iftten Cengiz Alt\u0131nel, yan\u0131ndaki tabancayla P\u0131nar Alt\u0131nel&#8217;e ate\u015f ettikten sonra kendini [&hellip;]<\/p>\n","protected":false},"author":1,"featured_media":2607,"comment_status":"closed","ping_status":"closed","sticky":false,"template":"","format":"standard","meta":{"footnotes":""},"categories":[7,39],"tags":[60,148,324,236,407,334,332,366],"class_list":["post-2606","post","type-post","status-publish","format-standard","has-post-thumbnail","hentry","category-gundem","category-haber","tag-cinayet","tag-hukuk","tag-otopsi","tag-pinar","tag-alacam","tag-guncel","tag-politika","tag-samsun"],"_links":{"self":[{"href":"https:\/\/avukatimtv.com\/index.php\/wp-json\/wp\/v2\/posts\/2606","targetHints":{"allow":["GET"]}}],"collection":[{"href":"https:\/\/avukatimtv.com\/index.php\/wp-json\/wp\/v2\/posts"}],"about":[{"href":"https:\/\/avukatimtv.com\/index.php\/wp-json\/wp\/v2\/types\/post"}],"author":[{"embeddable":true,"href":"https:\/\/avukatimtv.com\/index.php\/wp-json\/wp\/v2\/users\/1"}],"replies":[{"embeddable":true,"href":"https:\/\/avukatimtv.com\/index.php\/wp-json\/wp\/v2\/comments?post=2606"}],"version-history":[{"count":1,"href":"https:\/\/avukatimtv.com\/index.php\/wp-json\/wp\/v2\/posts\/2606\/revisions"}],"predecessor-version":[{"id":2608,"href":"https:\/\/avukatimtv.com\/index.php\/wp-json\/wp\/v2\/posts\/2606\/revisions\/2608"}],"wp:featuredmedia":[{"embeddable":true,"href":"https:\/\/avukatimtv.com\/index.php\/wp-json\/wp\/v2\/media\/2607"}],"wp:attachment":[{"href":"https:\/\/avukatimtv.com\/index.php\/wp-json\/wp\/v2\/media?parent=2606"}],"wp:term":[{"taxonomy":"category","embeddable":true,"href":"https:\/\/avukatimtv.com\/index.php\/wp-json\/wp\/v2\/categories?post=2606"},{"taxonomy":"post_tag","embeddable":true,"href":"https:\/\/avukatimtv.com\/index.php\/wp-json\/wp\/v2\/tags?post=2606"}],"curies":[{"name":"wp","href":"https:\/\/api.w.org\/{rel}","templated":true}]}}