{"id":2610,"date":"2025-04-24T17:45:48","date_gmt":"2025-04-24T14:45:48","guid":{"rendered":"https:\/\/avukatimtv.com\/?p=2610"},"modified":"2025-04-24T17:45:48","modified_gmt":"2025-04-24T14:45:48","slug":"kayseride-ailevi-gerilim-baba-kizinin-arkadasini-vurdu","status":"publish","type":"post","link":"https:\/\/avukatimtv.com\/index.php\/2025\/04\/24\/kayseride-ailevi-gerilim-baba-kizinin-arkadasini-vurdu\/","title":{"rendered":"Kayseri&#8217;de Ailevi Gerilim: Baba, K\u0131z\u0131n\u0131n Arkada\u015f\u0131n\u0131 Vurdu"},"content":{"rendered":"<h2 id=\"spot\" class=\"mt10 haber_ozet\">Kayseri&#8217;de, iki gen\u00e7 aras\u0131ndaki ili\u015fki sebebiyle baba, k\u0131z\u0131n\u0131n arkada\u015f\u0131 Osman Can&#8217;\u0131 \u00f6ld\u00fcrd\u00fc.<\/h2>\n<div class=\"hbptDate\">KAYSER\u0130&#8217;de k\u0131z\u0131 T.A.&#8217;n\u0131n (16) erkek arkada\u015f\u0131 Osman\u00a0Can G\u00fcnd\u00fcz&#8217;\u00fc (16) tabanca ile vurarak \u00f6ld\u00fcren \u015e\u00fckr\u00fc A. (36), maktul\u00fcn k\u0131z\u0131na cinsel sald\u0131r\u0131da bulundu\u011funu \u00f6ne s\u00fcrerek, &#8220;K\u0131z\u0131m\u0131 al\u0131p emniyete \u015fikayet\u00e7i olmaya gidece\u011fimizi s\u00f6yledim. Arac\u0131m park halindeyken k\u0131z\u0131m ve benim bulundu\u011fum arac\u0131n yan\u0131ndan yava\u015f\u00e7a bir ara\u00e7 ge\u00e7ti ve bize dikkatlice bakt\u0131. Ben de arac\u0131 takip ettim. Ara\u00e7lar\u0131m\u0131z \u00e7arp\u0131\u015ft\u0131. Ara\u00e7tan inip, &#8216;k\u0131z\u0131ma nas\u0131l k\u0131yd\u0131n, \u00e7abuk in a\u015fa\u011f\u0131&#8217; dedim. Bana, &#8216;K\u0131z\u0131n\u0131n da senin de&#8217; diyerek k\u00fcfretti. O s\u0131rada\u00a0Osman Can\u00a0silah\u0131ma sar\u0131ld\u0131. Silah bir anda patlad\u0131. Nas\u0131l vuruldu\u011funu anlamad\u0131m&#8221; dedi.<\/div>\n<div>\n<p>Olay, ge\u00e7en y\u0131l 1 Temmuz ak\u015fam\u0131\u00a0Talas\u00a0il\u00e7esinde meydana geldi. Arkada\u015flar\u0131 ile otomobille gezen kuaf\u00f6r Osman Can G\u00fcnd\u00fcz, bu s\u0131rada kald\u0131r\u0131mda y\u00fcr\u00fcyen k\u0131z arkada\u015f\u0131 T.A.&#8217;y\u0131 g\u00f6r\u00fcp yan\u0131na gitti. Bu s\u0131rada G\u00fcnd\u00fcz&#8217;\u00fc g\u00f6ren T.A.&#8217;n\u0131n babas\u0131 \u015e\u00fckr\u00fc A. onu kovalad\u0131. G\u00fcnd\u00fcz, A.U. y\u00f6netimindeki 18 GK 971 plakal\u0131 arkada\u015flar\u0131n\u0131n arac\u0131na binip ka\u00e7t\u0131. \u015e\u00fckr\u00fc A., i\u00e7inde k\u0131z\u0131n\u0131n da oldu\u011fu arac\u0131yla G\u00fcnd\u00fcz&#8217;\u00fcn bindi\u011fi otomobili takip edip, \u00e7arparak durdurdu. Arac\u0131ndan inip G\u00fcnd\u00fcz&#8217;\u00fcn bulundu\u011fu otomobile y\u00f6nelen \u015e\u00fckr\u00fc A., Osman Can G\u00fcnd\u00fcz&#8217;\u00fc tabancayla vurup, k\u0131z\u0131 T.A. ile birlikte uzakla\u015ft\u0131.<\/p>\n<p>17 G\u00dcN SONRA HAYATINI KAYBETT\u0130<\/p>\n<p>\u015e\u00fckr\u00fc A., bir s\u00fcre sonra k\u0131z\u0131n\u0131 Do\u011fu Terminali&#8217;ne b\u0131rak\u0131p, arac\u0131yla ka\u00e7t\u0131. Yaralanan G\u00fcnd\u00fcz, ambulansla kald\u0131r\u0131ld\u0131\u011f\u0131\u00a0Erciyes\u00a0\u00dcniversitesi T\u0131p Fak\u00fcltesi Hastanesi&#8217;nde 17 g\u00fcn sonra hayat\u0131n\u0131 kaybetti. 46 g\u00fcn sonra\u00a0Adana&#8217;da yakalan\u0131p g\u00f6zalt\u0131na al\u0131nan \u015e\u00fckr\u00fc A. \u00e7\u0131kar\u0131ld\u0131\u011f\u0131 mahkemede tutukland\u0131.<\/p>\n<p>M\u00dcEBBET HAPS\u0130 \u0130STEND\u0130<\/p>\n<p>Kayseri Cumhuriyet Ba\u015fsavc\u0131l\u0131\u011f\u0131\u00a0taraf\u0131ndan haz\u0131rlanan iddianameyle \u015e\u00fckr\u00fc A. hakk\u0131nda &#8216;Kasten adam \u00f6ld\u00fcrme&#8217; su\u00e7undan m\u00fcebbet hapis cezas\u0131 istemiyle dava a\u00e7\u0131ld\u0131. Kayseri A\u011f\u0131r Ceza Mahkemesi&#8217;nde g\u00f6r\u00fclen davan\u0131n ilk duru\u015fmas\u0131nda tutuklu san\u0131k \u015e\u00fckr\u00fc A. ile \u00f6len G\u00fcnd\u00fcz&#8217;\u00fcn \u015fikayet\u00e7i annesi E.B., babas\u0131 F.G. ve olay s\u0131ras\u0131nda yan\u0131nda olan arkada\u015f\u0131 A.U. haz\u0131r bulundu. Olay tarihinde eski e\u015fi ile bo\u015fanma a\u015famas\u0131nda olduklar\u0131n\u0131 s\u00f6yleyen san\u0131k \u015e\u00fckr\u00fc A., &#8220;Eski e\u015fim beni arad\u0131. &#8216;K\u0131z\u0131m\u0131z\u0131n ba\u015f\u0131na k\u00f6t\u00fc bir i\u015f geldi. Acil g\u00f6r\u00fc\u015fmemiz laz\u0131m&#8217; dedi. Ne oldu\u011funu sordu\u011fumda; k\u0131z\u0131m\u0131n bir arkada\u015f\u0131 oldu\u011funu, g\u00f6r\u00fc\u015fmek istemedi\u011fini, bu ki\u015finin kendisini ve karde\u015flerini \u00f6l\u00fcmle tehdit etti\u011fini olay\u0131n asl\u0131n\u0131n ne oldu\u011funu da korkudan anlatamad\u0131\u011f\u0131n\u0131 s\u00f6yledi. K\u0131z\u0131m\u0131 aray\u0131p sordu\u011fumda o da bana eski e\u015fimin s\u00f6ylediklerini s\u00f6yledi ve korktu\u011funu anlatt\u0131. Ben de a\u00e7\u0131k a\u00e7\u0131k ne olduysa anlatmas\u0131n\u0131 istedim. A\u011flayarak kendisine tecav\u00fcz etti\u011fini anlatt\u0131. Ben de Osman Can ile g\u00f6r\u00fc\u015fmek i\u00e7in telefonunu istedim. Arad\u0131m ama telefonda g\u00f6r\u00fc\u015femedik&#8221; dedi.<\/p>\n<p>&#8216;\u00d6LD\u00dcRME AMACIM YOKTU&#8217;<\/p>\n<p>Polis merkezine gidip \u015fikayet\u00e7i olacaklar\u0131n\u0131 da \u00f6ne s\u00fcren \u015e\u00fckr\u00fc A., &#8220;K\u0131z\u0131m\u0131 al\u0131p, emniyete \u015fikayet\u00e7i olmaya gidece\u011fimizi s\u00f6yledim. Olay\u0131 a\u00e7\u0131k\u00e7a anlat dedim. S\u00fcrekli silah ta\u015f\u0131yan tehlikeli biri oldu\u011funu, olay duyulursa &#8216;seni de karde\u015flerini de \u00f6ld\u00fcr\u00fcr\u00fcm&#8217; dedi\u011fini s\u00f6yledi. Arac\u0131m park halindeyken yava\u015f bir \u015fekilde yan\u0131m\u0131zdan bir ara\u00e7 ge\u00e7ti. Ara\u00e7takilerin bana ve k\u0131z\u0131ma dikkatlice bakt\u0131\u011f\u0131n\u0131 fark ettim. K\u0131z\u0131m tan\u0131mad\u0131\u011f\u0131n\u0131 s\u00f6yledi. O ara\u00e7ta Osman Can olabilir diye arac\u0131 takip ettim. Selekt\u00f6r yap\u0131p, kornaya bast\u0131m. Ara\u00e7 sa\u011fa-sola manevra yapt\u0131. Ara\u00e7lar\u0131m\u0131z \u00e7arp\u0131\u015ft\u0131. Ara\u00e7ta karde\u015fime ait silah vard\u0131. Husumetlilerimiz oldu\u011fu i\u00e7in silah ta\u015f\u0131yordum. Silah\u0131mla beraber tedbir amac\u0131yla arac\u0131mdan indim. Ara\u00e7tan tan\u0131mad\u0131\u011f\u0131m 2 ki\u015fi indi. Onlara &#8216;Osman Can sen misin?&#8217; diye sordum. Onlar da &#8216;hay\u0131r&#8217; dediler ve Osman Can&#8217;\u0131n ara\u00e7ta oldu\u011funu s\u00f6ylediler. Araca y\u00f6nelip, &#8216;k\u0131z\u0131ma nas\u0131l k\u0131yd\u0131n \u00e7abuk in arabadan&#8217; dedim. Bana, &#8216;K\u0131z\u0131n\u0131n da senin de&#8217; diyerek k\u00fcfretti. K\u0131z\u0131m o s\u0131rada &#8216;baba&#8217; diye ba\u011f\u0131rd\u0131. O s\u0131rada Osman Can silah\u0131ma sar\u0131ld\u0131. Silah bir anda patlad\u0131. Nas\u0131l vuruldu\u011funu anlamad\u0131m. Namluda mermi yoktu. Korku ve panikle k\u0131z\u0131m\u0131 da yan\u0131ma al\u0131p uzakla\u015ft\u0131m. Ailesine ula\u015f\u0131p bu olay\u0131 \u00e7\u00f6z\u00fcme kavu\u015fturmay\u0131 istedim. \u00d6ld\u00fcrme amac\u0131m yoktu. Bu olay tamamen bir kazad\u0131r. \u00c7ok pi\u015fman\u0131m. K\u00fc\u00e7\u00fck ya\u015ftaki bir k\u0131z\u0131n\u0131n yan\u0131nda bir baba b\u00f6yle bir \u015fey yapar m\u0131? Onun da psikolojisi bozuldu. Ger\u00e7ekten zarar vermek isteseydim defalarca ate\u015f ederdim&#8221; ifadelerine yer verdi.<\/p>\n<p>\u00d6LEN G\u00dcND\u00dcZ&#8217;\u00dcN ARKADA\u015eI: GAZA BAS BEN\u0130 VURACAKLAR<\/p>\n<p>\u00d6len Osman Can G\u00fcnd\u00fcz&#8217;\u00fcn olay s\u0131ras\u0131nda yan\u0131nda olan ve otomobili kullanan arkada\u015f\u0131 A.U. ise \u015fikayet\u00e7i oldu\u011funu s\u00f6yleyerek, &#8220;Osman Can evinin \u00f6n\u00fcnde birilerinin bekledi\u011fini ve kendisini vuracaklar\u0131n\u0131 s\u00f6yledi. Osman Can&#8217;\u0131 ak\u015fam i\u015f \u00e7\u0131k\u0131\u015f\u0131 ald\u0131m. Araca binip, &#8216;gaza bas beni vuracaklar&#8217; dedi. Karakola do\u011fru arac\u0131 s\u00fcrd\u00fcm. Arkamdaki ara\u00e7 \u00e7ok h\u0131zl\u0131yd\u0131. Kav\u015faktan d\u00f6nerken arkadan \u00e7arpt\u0131. Kald\u0131r\u0131ma do\u011fru s\u00fcr\u00fckledi. Ara\u00e7tan indi ve elinde silah vard\u0131. Osman Can arka koltukta \u00e7\u00f6melip a\u011fl\u0131yordu. Sonra kar\u015f\u0131 kald\u0131r\u0131ma ge\u00e7tik. 20 saniye sonra silah sesi geldi. San\u0131k uzakla\u015f\u0131nca polisi arad\u0131k&#8221; dedi.<\/p>\n<p>&#8216;YOLDA O\u011eLUMUN YARALANDI\u011eINI \u00d6\u011eREND\u0130M&#8217;<\/p>\n<p>\u00d6len G\u00fcnd\u00fcz&#8217;\u00fcn \u015fikayet\u00e7i babas\u0131 F.G. ise &#8220;Beni telefonla B.E. isimli bir ki\u015fi arad\u0131. &#8216;O\u011flunu vuracaklar. Durum ciddi&#8217; dedi. O\u011flumun bir birliktelik ya\u015fad\u0131\u011f\u0131n\u0131 ima etmeye \u00e7al\u0131\u015ft\u0131. Ben de &#8216;gerekirse ni\u015fanlayal\u0131m&#8217; dedim. Bu konu telefonda konu\u015fulacak bir konu de\u011fil. Y\u00fcz y\u00fcze konu\u015fal\u0131m diyerek Kayseri&#8217;ye gelece\u011fimi s\u00f6yledim. \u015eehir d\u0131\u015f\u0131ndan Kayseri&#8217;ye yola \u00e7\u0131kt\u0131\u011f\u0131mda yolda o\u011flumun yaraland\u0131\u011f\u0131n\u0131 \u00f6\u011frendim&#8221; dedi. Anne E.B. de san\u0131\u011f\u0131n en a\u011f\u0131r \u015fekilde cezaland\u0131r\u0131lmas\u0131n\u0131 istedi.<\/p>\n<p>Mahkeme heyeti verdi\u011fi ara karar ile \u015e\u00fckr\u00fc A.&#8217;n\u0131n tutukluluk halinin devam\u0131na dinlenmeyen tan\u0131klar hakk\u0131nda zorla getirilme karar\u0131n\u0131n \u00e7\u0131kar\u0131lmas\u0131na karar vererek, dosyada baz\u0131 eksikliklerin olmas\u0131 nedeniyle duru\u015fmay\u0131 erteledi.<\/p>\n<\/div>\n<p>&nbsp;<\/p>\n<p><strong>KAYNAK:SONDAK\u0130KA<\/strong><\/p>\n","protected":false},"excerpt":{"rendered":"<p>Kayseri&#8217;de, iki gen\u00e7 aras\u0131ndaki ili\u015fki sebebiyle baba, k\u0131z\u0131n\u0131n arkada\u015f\u0131 Osman Can&#8217;\u0131 \u00f6ld\u00fcrd\u00fc. KAYSER\u0130&#8217;de k\u0131z\u0131 T.A.&#8217;n\u0131n (16) erkek arkada\u015f\u0131 Osman\u00a0Can G\u00fcnd\u00fcz&#8217;\u00fc (16) tabanca ile vurarak \u00f6ld\u00fcren \u015e\u00fckr\u00fc A. (36), maktul\u00fcn k\u0131z\u0131na cinsel sald\u0131r\u0131da bulundu\u011funu \u00f6ne s\u00fcrerek, &#8220;K\u0131z\u0131m\u0131 al\u0131p emniyete \u015fikayet\u00e7i olmaya gidece\u011fimizi s\u00f6yledim. Arac\u0131m park halindeyken k\u0131z\u0131m ve benim bulundu\u011fum arac\u0131n yan\u0131ndan yava\u015f\u00e7a bir ara\u00e7 ge\u00e7ti [&hellip;]<\/p>\n","protected":false},"author":1,"featured_media":2611,"comment_status":"closed","ping_status":"closed","sticky":false,"template":"","format":"standard","meta":{"footnotes":""},"categories":[7,39],"tags":[267,60,96,147,71,408,334,409],"class_list":["post-2610","post","type-post","status-publish","format-standard","has-post-thumbnail","hentry","category-gundem","category-haber","tag-baba","tag-cinayet","tag-kayseri","tag-mahkeme","tag-suc","tag-can-gunduz","tag-guncel","tag-osman-can"],"_links":{"self":[{"href":"https:\/\/avukatimtv.com\/index.php\/wp-json\/wp\/v2\/posts\/2610","targetHints":{"allow":["GET"]}}],"collection":[{"href":"https:\/\/avukatimtv.com\/index.php\/wp-json\/wp\/v2\/posts"}],"about":[{"href":"https:\/\/avukatimtv.com\/index.php\/wp-json\/wp\/v2\/types\/post"}],"author":[{"embeddable":true,"href":"https:\/\/avukatimtv.com\/index.php\/wp-json\/wp\/v2\/users\/1"}],"replies":[{"embeddable":true,"href":"https:\/\/avukatimtv.com\/index.php\/wp-json\/wp\/v2\/comments?post=2610"}],"version-history":[{"count":1,"href":"https:\/\/avukatimtv.com\/index.php\/wp-json\/wp\/v2\/posts\/2610\/revisions"}],"predecessor-version":[{"id":2612,"href":"https:\/\/avukatimtv.com\/index.php\/wp-json\/wp\/v2\/posts\/2610\/revisions\/2612"}],"wp:featuredmedia":[{"embeddable":true,"href":"https:\/\/avukatimtv.com\/index.php\/wp-json\/wp\/v2\/media\/2611"}],"wp:attachment":[{"href":"https:\/\/avukatimtv.com\/index.php\/wp-json\/wp\/v2\/media?parent=2610"}],"wp:term":[{"taxonomy":"category","embeddable":true,"href":"https:\/\/avukatimtv.com\/index.php\/wp-json\/wp\/v2\/categories?post=2610"},{"taxonomy":"post_tag","embeddable":true,"href":"https:\/\/avukatimtv.com\/index.php\/wp-json\/wp\/v2\/tags?post=2610"}],"curies":[{"name":"wp","href":"https:\/\/api.w.org\/{rel}","templated":true}]}}