{"id":2613,"date":"2025-04-26T19:01:29","date_gmt":"2025-04-26T16:01:29","guid":{"rendered":"https:\/\/avukatimtv.com\/?p=2613"},"modified":"2025-04-26T19:01:29","modified_gmt":"2025-04-26T16:01:29","slug":"adanada-iki-cinayet-bir-intihar","status":"publish","type":"post","link":"https:\/\/avukatimtv.com\/index.php\/2025\/04\/26\/adanada-iki-cinayet-bir-intihar\/","title":{"rendered":"Adana&#8217;da \u0130ki Cinayet, Bir \u0130ntihar"},"content":{"rendered":"<h2 id=\"spot\" class=\"mt10 haber_ozet\">Adana&#8217;da bir ki\u015fi, husumetli oldu\u011fu iki ki\u015fiyi \u00f6ld\u00fcr\u00fcp intihar etti. Olay\u0131n nedeni hen\u00fcz belirsiz.<\/h2>\n<div class=\"hbptDate\"><\/div>\n<div>\n<p>Adana&#8217;da 2 ki\u015fiyi \u00f6ld\u00fcren kendisi de intihar ederek ya\u015fam\u0131na son veren \u015f\u00fcphelinin olaydan \u00f6nce maktullerin hakaret ve k\u00fcf\u00fcrl\u00fc konu\u015ftuklar\u0131 iddias\u0131yla olay\u0131 ger\u00e7ekle\u015ftirdi\u011fi ileri s\u00fcr\u00fcld\u00fc. Arkas\u0131nda bir \u00e7ok soru b\u0131rakan sebebi de hen\u00fcz net olarak belirlenemeyen olay 3 ki\u015finin ya\u015fam\u0131na mal oldu.<\/p>\n<p>Olay,\u00a023 Nisan&#8217;da merkez\u00a0Seyhan\u00a0il\u00e7esine ba\u011fl\u0131\u00a0G\u00fcrselpa\u015fa Mahallesi&#8217;nde meydana gelmi\u015f. \u0130ddiaya g\u00f6re,\u00a0Mehmet Eser, bir apartman dairesinde Mesut Savuran (37) ve Abd\u00fclhakim Demirba\u015f (20) ile bulu\u015ftu. K\u0131sa s\u00fcre sonra taraflar aras\u0131nda \u00e7\u0131kan tart\u0131\u015fma silahl\u0131 olaya d\u00f6n\u00fc\u015ft\u00fc. Eser, \u00fczerindeki tabancayla iki ki\u015fiye defalarca ate\u015f etti. Vurulan Savuran ve Demirba\u015f olay yerinde hayat\u0131n\u0131 kaybetti. Olay sonras\u0131 ka\u00e7an Eser&#8217;in, Seyhan il\u00e7esi\u00a0Re\u015fatbey Mahallesi&#8217;nde bir apartmanda sakland\u0131\u011f\u0131 belirlendi.\u00a0Cinayet\u00a0B\u00fcro Amirli\u011fi ekipleri adrese operasyon d\u00fczenledi. Polisin geldi\u011fini fark eden Eser, binan\u0131n dam\u0131na \u00e7\u0131kt\u0131. Burada ka\u00e7acak yer bulamayan zanl\u0131, yan\u0131nda ta\u015f\u0131d\u0131\u011f\u0131 tabancayla ba\u015f\u0131na ate\u015f ederek intihar etti.<\/p>\n<p>Cinayetle ilgili y\u00fcr\u00fct\u00fclen soru\u015fturmada, Eser&#8217;in bir s\u00fcredir Savuran ve Demirba\u015f&#8217;a husumet besledi\u011fi \u00f6\u011frenildi. \u0130ddiaya g\u00f6re Eser&#8217;in, iki \u015fahs\u0131n kendiyle ilgili hakaret ve k\u00fcf\u00fcrl\u00fc konu\u015ftuklar\u0131n\u0131 duydu\u011fu yak\u0131n \u00e7evresine, &#8220;Bana namussuzluk yapt\u0131lar&#8221; dedi\u011fi \u00f6\u011frenildi. Bu s\u00f6zlerin ard\u0131ndan Eser&#8217;in, cinayetin i\u015flendi\u011fi apartman dairesine gitti\u011fi ve olay\u0131 ger\u00e7ekle\u015ftirdi\u011fi ileri s\u00fcr\u00fcld\u00fc.<\/p>\n<\/div>\n<p>&nbsp;<\/p>\n<p>&nbsp;<\/p>\n<p><strong>KAYNAK:SONDAK\u0130KA<\/strong><\/p>\n","protected":false},"excerpt":{"rendered":"<p>Adana&#8217;da bir ki\u015fi, husumetli oldu\u011fu iki ki\u015fiyi \u00f6ld\u00fcr\u00fcp intihar etti. Olay\u0131n nedeni hen\u00fcz belirsiz. Adana&#8217;da 2 ki\u015fiyi \u00f6ld\u00fcren kendisi de intihar ederek ya\u015fam\u0131na son veren \u015f\u00fcphelinin olaydan \u00f6nce maktullerin hakaret ve k\u00fcf\u00fcrl\u00fc konu\u015ftuklar\u0131 iddias\u0131yla olay\u0131 ger\u00e7ekle\u015ftirdi\u011fi ileri s\u00fcr\u00fcld\u00fc. Arkas\u0131nda bir \u00e7ok soru b\u0131rakan sebebi de hen\u00fcz net olarak belirlenemeyen olay 3 ki\u015finin ya\u015fam\u0131na mal oldu. [&hellip;]<\/p>\n","protected":false},"author":1,"featured_media":2614,"comment_status":"closed","ping_status":"closed","sticky":false,"template":"","format":"standard","meta":{"footnotes":""},"categories":[7,39],"tags":[128,60,175,183,71,410,332],"class_list":["post-2613","post","type-post","status-publish","format-standard","has-post-thumbnail","hentry","category-gundem","category-haber","tag-adana","tag-cinayet","tag-guvenlik","tag-seyhan","tag-suc","tag-mehmet-eser","tag-politika"],"_links":{"self":[{"href":"https:\/\/avukatimtv.com\/index.php\/wp-json\/wp\/v2\/posts\/2613","targetHints":{"allow":["GET"]}}],"collection":[{"href":"https:\/\/avukatimtv.com\/index.php\/wp-json\/wp\/v2\/posts"}],"about":[{"href":"https:\/\/avukatimtv.com\/index.php\/wp-json\/wp\/v2\/types\/post"}],"author":[{"embeddable":true,"href":"https:\/\/avukatimtv.com\/index.php\/wp-json\/wp\/v2\/users\/1"}],"replies":[{"embeddable":true,"href":"https:\/\/avukatimtv.com\/index.php\/wp-json\/wp\/v2\/comments?post=2613"}],"version-history":[{"count":1,"href":"https:\/\/avukatimtv.com\/index.php\/wp-json\/wp\/v2\/posts\/2613\/revisions"}],"predecessor-version":[{"id":2615,"href":"https:\/\/avukatimtv.com\/index.php\/wp-json\/wp\/v2\/posts\/2613\/revisions\/2615"}],"wp:featuredmedia":[{"embeddable":true,"href":"https:\/\/avukatimtv.com\/index.php\/wp-json\/wp\/v2\/media\/2614"}],"wp:attachment":[{"href":"https:\/\/avukatimtv.com\/index.php\/wp-json\/wp\/v2\/media?parent=2613"}],"wp:term":[{"taxonomy":"category","embeddable":true,"href":"https:\/\/avukatimtv.com\/index.php\/wp-json\/wp\/v2\/categories?post=2613"},{"taxonomy":"post_tag","embeddable":true,"href":"https:\/\/avukatimtv.com\/index.php\/wp-json\/wp\/v2\/tags?post=2613"}],"curies":[{"name":"wp","href":"https:\/\/api.w.org\/{rel}","templated":true}]}}