{"id":2616,"date":"2025-04-26T19:16:26","date_gmt":"2025-04-26T16:16:26","guid":{"rendered":"https:\/\/avukatimtv.com\/?p=2616"},"modified":"2025-04-26T19:16:26","modified_gmt":"2025-04-26T16:16:26","slug":"burdurda-cinayet-davasinda-gergin-anlar","status":"publish","type":"post","link":"https:\/\/avukatimtv.com\/index.php\/2025\/04\/26\/burdurda-cinayet-davasinda-gergin-anlar\/","title":{"rendered":"Burdur&#8217;da cinayet davas\u0131nda gergin anlar"},"content":{"rendered":"<h2 id=\"spot\" class=\"mt10 haber_ozet\">\u00d6zlem \u015e\u0131mar\u0131k&#8217;\u0131n \u00f6l\u00fcm\u00fcyle ilgili davada san\u0131klar aras\u0131nda \u00e7at\u0131\u015fma \u00e7\u0131kt\u0131, duru\u015fma ertelendi.<\/h2>\n<div>\n<p>Burdur&#8217;da 8 \u015eubat 2024 tarihinde eski e\u015fi taraf\u0131ndan kald\u0131\u011f\u0131 otelde silahla vurulup b\u0131\u00e7aklanan \u00d6zlem \u015e\u0131mar\u0131k&#8217;\u0131n \u00f6l\u00fcm\u00fcyle ilgili 5&#8217;i tutuklu 9 san\u0131\u011f\u0131n yarg\u0131land\u0131\u011f\u0131 davan\u0131n \u00fc\u00e7\u00fcnc\u00fc duru\u015fmas\u0131nda san\u0131klar aras\u0131nda gerginlik ya\u015fand\u0131.\u00a0Jandarma\u00a0ekiplerinin araya girmesiyle sonlanan gerginli\u011fin ard\u0131ndan mahkeme eksik dosyan\u0131n yeniden haz\u0131rlanmas\u0131 i\u00e7in duru\u015fmay\u0131 ileri bir tarihe erteledi.<\/p>\n<p>Burdur&#8217;da 8 \u015eubat&#8217;ta kasten yaralama su\u00e7undan kapal\u0131 cezaevinde yatarken\u00a0A\u00e7\u0131k Ceza \u0130nfaz Kurumu&#8217;na ge\u00e7ti\u011fi g\u00fcn gitmesi gereken s\u00fcre i\u00e7inde gitmeyip\u00a0\u00c7avd\u0131r\u00a0il\u00e7esinde bo\u015fand\u0131\u011f\u0131 e\u015fi \u00d6zlem \u015e\u0131mar\u0131k&#8217;\u0131 (28) kald\u0131\u011f\u0131 oteli basarak odas\u0131nda av t\u00fcfe\u011fiyle vurup daha sonra bir\u00e7ok yerinde b\u0131\u00e7aklayarak a\u011f\u0131r yaralayan Tar\u0131k Y. (45) olay yerinden ka\u00e7m\u0131\u015ft\u0131. Hastaneye kald\u0131r\u0131lan 2 \u00e7ocuk annesi \u00d6zlem \u015e\u0131mar\u0131k yap\u0131lan t\u00fcm m\u00fcdahalelere ra\u011fmen hayat\u0131n\u0131 kaybetmi\u015fti. Emniyet ekipleri, ka\u00e7an Tar\u0131k Y.&#8217;yi olaydan yakla\u015f\u0131k 6 saat sonra\u00a0Denizli&#8217;nin\u00a0\u00c7ameli\u00a0il\u00e7esinde da\u011fl\u0131k alanda bulunan bir gazinoda yapt\u0131\u011f\u0131 operasyonla yakalad\u0131. G\u00f6zalt\u0131na al\u0131nan Tar\u0131k Y. i\u015flemler i\u00e7in\u00a0G\u00f6lhisar\u00a0\u0130l\u00e7e Emniyet M\u00fcd\u00fcrl\u00fc\u011f\u00fc&#8217;ne getirilirken Tar\u0131k Y.&#8217;ye yard\u0131m ve yatakl\u0131k etti\u011fi iddia edilen Meryem S. (30), Erdal A. (40), Kaz\u0131m \u00d6. (37), Mehmet \u00c7. (27), Mustafa S. (31), \u015eaban A. da (26) g\u00f6zalt\u0131na al\u0131nd\u0131.<\/p>\n<p>Emniyetteki i\u015flemlerinin ard\u0131ndan adliyeye sevk edilen \u015f\u00fcphelilerden katil zanl\u0131s\u0131 Tar\u0131k Y. ve yard\u0131m etti\u011fi iddia edilen Erdal A., Kaz\u0131m \u00d6., Mehmet \u00c7., Mustafa S., \u015eaban A. Sulh Ceza Hakimli\u011fince tutuklan\u0131rken Meryem S. ise adli kontrol \u015fart\u0131yla serbest b\u0131rak\u0131ld\u0131.<\/p>\n<\/div>\n<p>Soru\u015fturman\u0131n derinle\u015ftirilmesinin ard\u0131ndan Tar\u0131k Y.&#8217;ye yard\u0131m etti\u011fi tespit edilen Meryem S. ve azmettirici olmakla su\u00e7lanan Adem S. (36), ve G\u00f6kay S.(33) 14 May\u0131s g\u00fcn\u00fc g\u00f6zalt\u0131na al\u0131narak \u00e7\u0131kar\u0131ld\u0131\u011f\u0131 mahkemece tutuklan\u0131p cezaevine g\u00f6nderildi. Yarg\u0131laman\u0131n 25 Aral\u0131k 2024 tarihinde g\u00f6r\u00fclen birinci duru\u015fmas\u0131nda ise tutuklulardan Kaz\u0131m \u00d6. ve Mustafa S.&#8217;nin, 26 \u015eubat 2025 tarihinde g\u00f6r\u00fclen ikinci duru\u015fmada ise Meryem S. ve G\u00f6kay S.&#8217;nin adli kontrol \u015fart\u0131yla serbest b\u0131rak\u0131l\u0131p tutuksuz yarg\u0131lanmalar\u0131na karar verilmi\u015fti.<\/p>\n<p>Bug\u00fcn Burdur 2&#8217;inci A\u011f\u0131r Ceza Mahkemesi&#8217;nde g\u00f6r\u00fclen davan\u0131n \u00fc\u00e7\u00fcnc\u00fc duru\u015fmas\u0131nda tutuklu san\u0131klar Tar\u0131k Y., Erdal A., Mehmet C., \u015eaban A., Adem S. ve tutuksuz yarg\u0131lanan san\u0131klar Kaz\u0131m \u00d6., Mustafa S., Meryem S. ve G\u00f6kay S. ile taraf avukatlar\u0131 haz\u0131r bulundu.<\/p>\n<p>\u0130ddia makam\u0131 duru\u015fmada m\u00fctalaan\u0131n yeniden haz\u0131rlanmas\u0131 i\u00e7in dosyan\u0131n yeniden haz\u0131rlan\u0131p kendisine g\u00f6nderilmesini ve tutuklu yarg\u0131lanan san\u0131klar\u0131n bu a\u015famada tutukluluk hallerinin devam\u0131na karar verilmesini talep etti. Katil zanl\u0131s\u0131 Tar\u0131k Y.&#8217;nin avukat\u0131 bu a\u015famada diyecek bir \u015feylerinin olmad\u0131\u011f\u0131n\u0131 as\u0131l savunmalar\u0131n\u0131 m\u00fctalaa sonras\u0131nda yapacaklar\u0131n\u0131 beyan ederken tutuklu yarg\u0131lanan di\u011fer 4 san\u0131\u011f\u0131n avukatlar\u0131 m\u00fcvekkillerinin adli kontrol \u015fart\u0131yla serbest b\u0131rak\u0131lmalar\u0131n\u0131 talep etti.<\/p>\n<p>Mahkemede tutuksuz yar\u0131lanan san\u0131klardan Meryem S. olaydaki di\u011fer san\u0131klar\u0131 tan\u0131mad\u0131\u011f\u0131n\u0131 beyan ederek, &#8220;Bir kad\u0131n olarak b\u00f6yle bir olay\u0131n i\u00e7erisinde bulunmam \u00e7ok utan\u00e7 verici, \u00e7ok gurur k\u0131r\u0131c\u0131 bir \u015fey, beraatimi talep ediyorum&#8221; dedi.<\/p>\n<p>Tutuklu san\u0131k Erdal A., &#8220;Olay \u00f6ncesi ve sonras\u0131nda Tar\u0131k Y.&#8217;nin cinayet i\u015fledi\u011fini bilmiyordum. Cinayetle hi\u00e7bir alakam yoktur&#8221; diyerek tahliyesini talep etti. Tutuksuz yarg\u0131lanan san\u0131k G\u00f6kay S. olay\u0131n ne \u00f6ncesiyle ne sonras\u0131nda hi\u00e7bir ilgisinin olmad\u0131\u011f\u0131n\u0131 s\u00f6yleyerek hakk\u0131ndaki adli kontrol karar\u0131n\u0131n kald\u0131r\u0131lmas\u0131n\u0131 istedi. Tutuksuz yarg\u0131lanan bir di\u011fer san\u0131k Kaz\u0131m \u00d6. ise olayla ilgili bildi\u011fi her \u015feyi anlatt\u0131\u011f\u0131n\u0131 ve kolluk kuvvetlerine Tar\u0131k Y.&#8217;nin yakalanmas\u0131 i\u00e7in yard\u0131m etti\u011fini, 11 ayd\u0131r su\u00e7suz yere cezaevinde yatt\u0131\u011f\u0131n\u0131 ve bu olay nedeniyle psikolojisinin bozuldu\u011funu s\u00f6yleyerek beraatini istedi. Tutuksuz yarg\u0131lanan Mustafa S. ise olay g\u00fcn\u00fc Tar\u0131k Y.&#8217;nin ka\u00e7t\u0131\u011f\u0131 arabaya ondan korktu\u011fu i\u00e7in bindi\u011fini, su\u00e7suz yere 11 ay cezaevinde yatt\u0131\u011f\u0131n\u0131 ve psikolojisinin bozuldu\u011funu dile getirerek hakk\u0131ndaki adli kontrol karar\u0131n\u0131n kald\u0131r\u0131lmas\u0131n\u0131 istedi. Tutuklu san\u0131klardan \u015eaban A. da kendisinin su\u00e7suz oldu\u011funu s\u00f6yleyerek tahliyesini talep etti. Tutuksuz yarg\u0131lanan Mustafa S. ise olay g\u00fcn\u00fc Tar\u0131k Y.&#8217;nin ka\u00e7t\u0131\u011f\u0131 arabaya ondan korktu\u011fu i\u00e7in bindi\u011fini, su\u00e7suz yere 11 ay cezaevinde yatt\u0131\u011f\u0131n\u0131 ve psikolojisinin bozuldu\u011funu dile getirerek hakk\u0131ndaki adli kontrol karar\u0131n\u0131n kald\u0131r\u0131lmas\u0131n\u0131 istedi.<\/p>\n<p>&#8220;50 bin TL gelmezse Mehmet cezaevinden \u00e7\u0131kamaz diyerek tehdit etti&#8221; iddias\u0131<\/p>\n<p>Duru\u015fmada s\u00f6z verilen tutuklu san\u0131klardan Mehmet \u00c7., Tar\u0131k Y.&#8217;nin kendisine Adem S.&#8217;nin aleyhinde konu\u015fmas\u0131n\u0131 teklif etti\u011fini, bunu yapmay\u0131nca cezaevinde kendisini tehdit etti\u011fini s\u00f6yleyerek, &#8220;Ben san\u0131klardan Tar\u0131k Y. ile cezaevinde ayn\u0131 koridorda kal\u0131yorum. Bazen havaland\u0131rmaya ayn\u0131 anda \u00e7\u0131k\u0131yoruz. Bir g\u00fcn havaland\u0131rmaya \u00e7\u0131kt\u0131\u011f\u0131m\u0131zda benden Adem aleyhinde ifade vermemi istedi. Bunu yaparsam benim aleyhime olan beyanlar\u0131n\u0131 geri \u00e7ekece\u011fini s\u00f6yledi. Daha sonra bu beyanlar\u0131 \u00e7ekmek i\u00e7in benden 50 bin TL istedi. Ben bunu kabul etmedim. Birka\u00e7 g\u00fcn sonra ba\u015fka bir mahkumdan duydu\u011fuma g\u00f6re kantin fi\u015findeki bakiyeyi g\u00f6stererek &#8220;param gelmemi\u015f Mehmet bu cezaevinden \u00e7\u0131kamayacak. Onun i\u015fi burada bitecek&#8221; demi\u015f. Bu konuda 2 tan\u0131\u011f\u0131m var. Ben bu konu ile ilgili hem cezaevi m\u00fcd\u00fcrl\u00fc\u011f\u00fcne hem de savc\u0131l\u0131\u011fa \u015fikayette bulundum. Bu davadan beraatimi mahkeme heyeti aksi kanaatte ise tahliyemi talep ediyorum&#8221; dedi.<\/p>\n<p>Davada tutuklu yarg\u0131lanan katil zanl\u0131s\u0131 Tar\u0131k Y. ise duru\u015fmada Mehmet \u00c7.&#8217;nin iddias\u0131na kar\u015f\u0131l\u0131k verdi\u011fi ifadesinde, &#8220;Ben onu tehdit etmedim. O bana para teklif etti ama ben kabul etmedim. Olayda kulland\u0131\u011f\u0131m silah\u0131 ben Adem S.&#8217;den ald\u0131m. \u015eaban A.&#8217;n\u0131n olayla hi\u00e7bir ilgisi yoktur. Mustafa S.&#8217;yi de ilk defa gitti\u011fim evde g\u00f6rd\u00fcm&#8221; dedi.<\/p>\n<p>Duru\u015fmada hakaretler sonucunda gerginlik ya\u015fand\u0131<\/p>\n<p>Tar\u0131k Y.&#8217;nin konu\u015ftu\u011fu esnada tutuklu san\u0131k Adem S. ile birbirlerine hakaret etmeleri sonucu k\u0131sa s\u00fcreli bir gerginlik ya\u015fand\u0131. Gerginlik jandarma ekiplerinin araya girip taraflardan birini mahkeme salonunun d\u0131\u015f\u0131na \u00e7\u0131karmas\u0131 ile son buldu.<\/p>\n<p>&#8220;Ben ortaokul mezunu olarak ifadelerdeki \u00e7eli\u015fkiyi fark ettim siz \u00fcniversite mezunu olarak gerekeni yap\u0131n&#8221;<\/p>\n<p>San\u0131k Adem S. ise mahkemedeki konu\u015fmas\u0131nda su\u00e7suz oldu\u011funu s\u00f6yleyerek, &#8220;Ben bu davada tamamen Tar\u0131k Y.&#8217;nin \u00fczerime att\u0131\u011f\u0131 su\u00e7lama sonucunda bulunuyorum. \u0130fadesinde uyu\u015fturucu i\u00e7ti\u011fimi s\u00f6ylemi\u015f ancak yap\u0131lan testler sonras\u0131nda raporum temiz \u00e7\u0131kt\u0131. Ben ona yard\u0131m etmedi\u011fim i\u00e7in beni kendisi ile birlikte su\u00e7a katmaya \u00e7al\u0131\u015f\u0131yor. Benden i\u015f istedi vermedim, ev istedi vermedim. Bu y\u00fczden beni cezaland\u0131rmak i\u00e7in su\u00e7luyor. Ben maktul \u00d6zlem&#8217;in kald\u0131\u011f\u0131 ve olay\u0131n ger\u00e7ekle\u015fti\u011fi otelde hi\u00e7 kalmad\u0131m. Giri\u015fini \u00e7\u0131k\u0131\u015f\u0131n\u0131 bilmem. Bu olay\u0131n en b\u00fcy\u00fck ma\u011fduru \u00d6zlem&#8217;den sonra benim. Tar\u0131k&#8217;\u0131n iki kelime s\u00f6z\u00fcyle benim hayat\u0131m alt \u00fcst oldu. Ben ortaokul mezunu biri olarak Tar\u0131k&#8217;\u0131n ifadesindeki \u00e7eli\u015fkileri yakalad\u0131m siz mahkeme heyeti de \u00fcniversite mezunu olarak gerekeni yap\u0131n. Beraatimi talep ediyorum&#8221; dedi.<\/p>\n<p>Duru\u015fmaya k\u0131sa bir ara veren mahkeme heyeti tutuklu san\u0131klar\u0131n tutukluluk hallerinin devam\u0131na, tutuksuz san\u0131klar\u0131n da adli kontrol tedbirlerinin devam\u0131na karar vererek duru\u015fmay\u0131 ileri bir tarihe erteledi.<\/p>\n<p>Duru\u015fma sonras\u0131nda gazetecilere konu\u015fan Burdur Barosu Kad\u0131n Haklar\u0131 Komisyonu Ba\u015fkan\u0131 Hatice \u00dcrk\u00fct ve komisyon \u00fcyesi Hacer Bal Yayla, &#8220;8 \u015eubat 2024 tarihinde bo\u015fand\u0131\u011f\u0131 e\u015fi taraf\u0131ndan katledilen \u00d6zlem \u015e\u0131mar\u0131k cinayetinin bug\u00fcn Burdur 2. A\u011f\u0131r Ceza Mahkemesi&#8217;nde g\u00f6r\u00fclen \u00fc\u00e7\u00fcnc\u00fc duru\u015fmas\u0131na Burdur Barosu&#8217;nu temsilen Burdur Barosu Kad\u0131n Haklar\u0131 Komisyonu olarak kat\u0131ld\u0131k. Duru\u015fman\u0131n hem maktul hem de aile yak\u0131nlar\u0131 a\u00e7\u0131s\u0131ndan, onlara destek olmak a\u00e7\u0131s\u0131ndan buraday\u0131z. Su\u00e7tan zarar g\u00f6rmemize binaen Burdur Barosu olarak kat\u0131lma talebinde bulunduk. Ancak kat\u0131lma talebimiz mahkeme heyetince reddedildi. Reddedilmi\u015f olsa da biz bu davay\u0131 yak\u0131ndan takip etmeye devam edece\u011fiz. Bu t\u00fcr dosyalar\u0131n son bulmas\u0131n\u0131 diliyoruz&#8221; dedi.<\/p>\n<p>&nbsp;<\/p>\n<p>&nbsp;<\/p>\n<p>&nbsp;<\/p>\n<p><strong>KAYNAK:SONDAK\u0130KA<\/strong><\/p>\n","protected":false},"excerpt":{"rendered":"<p>\u00d6zlem \u015e\u0131mar\u0131k&#8217;\u0131n \u00f6l\u00fcm\u00fcyle ilgili davada san\u0131klar aras\u0131nda \u00e7at\u0131\u015fma \u00e7\u0131kt\u0131, duru\u015fma ertelendi. Burdur&#8217;da 8 \u015eubat 2024 tarihinde eski e\u015fi taraf\u0131ndan kald\u0131\u011f\u0131 otelde silahla vurulup b\u0131\u00e7aklanan \u00d6zlem \u015e\u0131mar\u0131k&#8217;\u0131n \u00f6l\u00fcm\u00fcyle ilgili 5&#8217;i tutuklu 9 san\u0131\u011f\u0131n yarg\u0131land\u0131\u011f\u0131 davan\u0131n \u00fc\u00e7\u00fcnc\u00fc duru\u015fmas\u0131nda san\u0131klar aras\u0131nda gerginlik ya\u015fand\u0131.\u00a0Jandarma\u00a0ekiplerinin araya girmesiyle sonlanan gerginli\u011fin ard\u0131ndan mahkeme eksik dosyan\u0131n yeniden haz\u0131rlanmas\u0131 i\u00e7in duru\u015fmay\u0131 ileri bir tarihe [&hellip;]<\/p>\n","protected":false},"author":1,"featured_media":2617,"comment_status":"closed","ping_status":"closed","sticky":false,"template":"","format":"standard","meta":{"footnotes":""},"categories":[7,39],"tags":[60,175,148,71,189,411],"class_list":["post-2616","post","type-post","status-publish","format-standard","has-post-thumbnail","hentry","category-gundem","category-haber","tag-cinayet","tag-guvenlik","tag-hukuk","tag-suc","tag-yargi","tag-burdur"],"_links":{"self":[{"href":"https:\/\/avukatimtv.com\/index.php\/wp-json\/wp\/v2\/posts\/2616","targetHints":{"allow":["GET"]}}],"collection":[{"href":"https:\/\/avukatimtv.com\/index.php\/wp-json\/wp\/v2\/posts"}],"about":[{"href":"https:\/\/avukatimtv.com\/index.php\/wp-json\/wp\/v2\/types\/post"}],"author":[{"embeddable":true,"href":"https:\/\/avukatimtv.com\/index.php\/wp-json\/wp\/v2\/users\/1"}],"replies":[{"embeddable":true,"href":"https:\/\/avukatimtv.com\/index.php\/wp-json\/wp\/v2\/comments?post=2616"}],"version-history":[{"count":1,"href":"https:\/\/avukatimtv.com\/index.php\/wp-json\/wp\/v2\/posts\/2616\/revisions"}],"predecessor-version":[{"id":2618,"href":"https:\/\/avukatimtv.com\/index.php\/wp-json\/wp\/v2\/posts\/2616\/revisions\/2618"}],"wp:featuredmedia":[{"embeddable":true,"href":"https:\/\/avukatimtv.com\/index.php\/wp-json\/wp\/v2\/media\/2617"}],"wp:attachment":[{"href":"https:\/\/avukatimtv.com\/index.php\/wp-json\/wp\/v2\/media?parent=2616"}],"wp:term":[{"taxonomy":"category","embeddable":true,"href":"https:\/\/avukatimtv.com\/index.php\/wp-json\/wp\/v2\/categories?post=2616"},{"taxonomy":"post_tag","embeddable":true,"href":"https:\/\/avukatimtv.com\/index.php\/wp-json\/wp\/v2\/tags?post=2616"}],"curies":[{"name":"wp","href":"https:\/\/api.w.org\/{rel}","templated":true}]}}