{"id":2623,"date":"2025-04-29T19:01:01","date_gmt":"2025-04-29T16:01:01","guid":{"rendered":"https:\/\/avukatimtv.com\/?p=2623"},"modified":"2025-04-29T19:01:01","modified_gmt":"2025-04-29T16:01:01","slug":"kartalda-50-bin-lira-hirsizligi-3-supheli-tutuklandi","status":"publish","type":"post","link":"https:\/\/avukatimtv.com\/index.php\/2025\/04\/29\/kartalda-50-bin-lira-hirsizligi-3-supheli-tutuklandi\/","title":{"rendered":"Kartal&#8217;da 50 Bin Lira H\u0131rs\u0131zl\u0131\u011f\u0131: 3 \u015e\u00fcpheli Tutukland\u0131"},"content":{"rendered":"<h2 id=\"spot\" class=\"mt10 haber_ozet\">Kartal&#8217;da otomobilden 50 bin lira \u00e7ald\u0131klar\u0131 belirlenen 3 ki\u015fi, polis taraf\u0131ndan tutukland\u0131.<\/h2>\n<div class=\"hbptDate\">\n<p>Kartal&#8217;da otomobilden 50 bin lira \u00e7ald\u0131klar\u0131 tespit edilen 3 \u015f\u00fcpheli tutukland\u0131.<\/p>\n<p>Yukar\u0131 Mahallesi\u00a0\u00dcsk\u00fcdar\u00a0Caddesi&#8217;nde 4 Nisan&#8217;da polise ba\u015fvuran \u015e.C. park halindeki arac\u0131n\u0131n sa\u011f arka cam\u0131n\u0131n k\u0131r\u0131ld\u0131\u011f\u0131n\u0131 ve bagaj k\u0131sm\u0131nda bulunan 50 bin liran\u0131n \u00e7al\u0131nd\u0131\u011f\u0131n\u0131 bildirdi.<\/p>\n<p>Asayi\u015f \u015eube M\u00fcd\u00fcrl\u00fc\u011f\u00fc\u00a0H\u0131rs\u0131zl\u0131k\u00a0ve Yankesicilik B\u00fcro Amirli\u011fi ekiplerince yap\u0131lan \u00e7al\u0131\u015fmalar sonucu \u015f\u00fcpheliler F.A, M.B ve \u00d6.I, 24 Nisan&#8217;da\u00a0Kocaeli&#8217;de yakaland\u0131.<\/p>\n<p>Emniyetteki i\u015flemlerinin ard\u0131ndan adliyeye sevk edilen \u015f\u00fcpheliler, hakimlik\u00e7e tutuklanarak\u00a0Maltepe Cezaevi&#8217;ne g\u00f6nderildi.<\/p>\n<\/div>\n<p>&nbsp;<\/p>\n<p><strong>KAYNAK:SONDAK\u0130KA<\/strong><\/p>\n","protected":false},"excerpt":{"rendered":"<p>Kartal&#8217;da otomobilden 50 bin lira \u00e7ald\u0131klar\u0131 belirlenen 3 ki\u015fi, polis taraf\u0131ndan tutukland\u0131. Kartal&#8217;da otomobilden 50 bin lira \u00e7ald\u0131klar\u0131 tespit edilen 3 \u015f\u00fcpheli tutukland\u0131. Yukar\u0131 Mahallesi\u00a0\u00dcsk\u00fcdar\u00a0Caddesi&#8217;nde 4 Nisan&#8217;da polise ba\u015fvuran \u015e.C. park halindeki arac\u0131n\u0131n sa\u011f arka cam\u0131n\u0131n k\u0131r\u0131ld\u0131\u011f\u0131n\u0131 ve bagaj k\u0131sm\u0131nda bulunan 50 bin liran\u0131n \u00e7al\u0131nd\u0131\u011f\u0131n\u0131 bildirdi. Asayi\u015f \u015eube M\u00fcd\u00fcrl\u00fc\u011f\u00fc\u00a0H\u0131rs\u0131zl\u0131k\u00a0ve Yankesicilik B\u00fcro Amirli\u011fi ekiplerince yap\u0131lan \u00e7al\u0131\u015fmalar [&hellip;]<\/p>\n","protected":false},"author":1,"featured_media":2624,"comment_status":"closed","ping_status":"closed","sticky":false,"template":"","format":"standard","meta":{"footnotes":""},"categories":[7,39],"tags":[47,414,204,210,49,380],"class_list":["post-2623","post","type-post","status-publish","format-standard","has-post-thumbnail","hentry","category-gundem","category-haber","tag-haber","tag-hakim","tag-hirsizlik","tag-kartal","tag-polis","tag-tutuklanma"],"_links":{"self":[{"href":"https:\/\/avukatimtv.com\/index.php\/wp-json\/wp\/v2\/posts\/2623","targetHints":{"allow":["GET"]}}],"collection":[{"href":"https:\/\/avukatimtv.com\/index.php\/wp-json\/wp\/v2\/posts"}],"about":[{"href":"https:\/\/avukatimtv.com\/index.php\/wp-json\/wp\/v2\/types\/post"}],"author":[{"embeddable":true,"href":"https:\/\/avukatimtv.com\/index.php\/wp-json\/wp\/v2\/users\/1"}],"replies":[{"embeddable":true,"href":"https:\/\/avukatimtv.com\/index.php\/wp-json\/wp\/v2\/comments?post=2623"}],"version-history":[{"count":1,"href":"https:\/\/avukatimtv.com\/index.php\/wp-json\/wp\/v2\/posts\/2623\/revisions"}],"predecessor-version":[{"id":2625,"href":"https:\/\/avukatimtv.com\/index.php\/wp-json\/wp\/v2\/posts\/2623\/revisions\/2625"}],"wp:featuredmedia":[{"embeddable":true,"href":"https:\/\/avukatimtv.com\/index.php\/wp-json\/wp\/v2\/media\/2624"}],"wp:attachment":[{"href":"https:\/\/avukatimtv.com\/index.php\/wp-json\/wp\/v2\/media?parent=2623"}],"wp:term":[{"taxonomy":"category","embeddable":true,"href":"https:\/\/avukatimtv.com\/index.php\/wp-json\/wp\/v2\/categories?post=2623"},{"taxonomy":"post_tag","embeddable":true,"href":"https:\/\/avukatimtv.com\/index.php\/wp-json\/wp\/v2\/tags?post=2623"}],"curies":[{"name":"wp","href":"https:\/\/api.w.org\/{rel}","templated":true}]}}