{"id":2626,"date":"2025-04-29T19:36:05","date_gmt":"2025-04-29T16:36:05","guid":{"rendered":"https:\/\/avukatimtv.com\/?p=2626"},"modified":"2025-04-29T19:36:05","modified_gmt":"2025-04-29T16:36:05","slug":"narin-guran-cinayeti-davasinda-talep-6-aydan-5-yila-kadar-ceza","status":"publish","type":"post","link":"https:\/\/avukatimtv.com\/index.php\/2025\/04\/29\/narin-guran-cinayeti-davasinda-talep-6-aydan-5-yila-kadar-ceza\/","title":{"rendered":"Narin G\u00fcran Cinayeti Davas\u0131nda Talep: 6 Aydan 5 Y\u0131la Kadar Ceza"},"content":{"rendered":"<h2 id=\"spot\" class=\"mt10 haber_ozet\">Diyarbak\u0131r&#8217;da Narin G\u00fcran cinayetiyle ilgili 12 san\u0131\u011f\u0131n cezaland\u0131r\u0131lmas\u0131 talep edildi.<\/h2>\n<div class=\"hbptDate\">\n<p>Diyarbak\u0131r&#8217;da\u00a0Narin G\u00fcran\u00a0cinayetine ili\u015fkin 6&#8217;s\u0131 tutuklu 12 san\u0131k ile su\u00e7a s\u00fcr\u00fcklenen 3 \u00e7ocu\u011fun yarg\u0131land\u0131\u011f\u0131 davaya ili\u015fkin Cumhuriyet savc\u0131s\u0131n\u0131n sundu\u011fu m\u00fctalaada san\u0131klar\u0131n 6 aydan 5 y\u0131la kadar ayr\u0131 ayr\u0131 cezaland\u0131r\u0131lmalar\u0131 talep edildi.<\/p>\n<p>Merkez\u00a0Ba\u011flar\u00a0il\u00e7esinin Tav\u015fantepe Mahallesi&#8217;nde 21 A\u011fustos&#8217;ta kaybolan ve 8\u00a0Eyl\u00fcl&#8217;de E\u011fertutmaz Deresi&#8217;nde cans\u0131z bedenine ula\u015f\u0131lan Narin G\u00fcran&#8217;\u0131n \u00f6ld\u00fcr\u00fclmesine ili\u015fkin tutuklu san\u0131klar Birsen, Fuat ve Ma\u015fallah G\u00fcran, Salim G\u00fcran&#8217;\u0131n i\u015f\u00e7isi Mehmet\u00a0Selim\u00a0Atasoy,\u00a0Mehmet \u015eevket\u00a0Kaya ve Muhammed Kaya ile tutuksuz san\u0131klar \u015eeyma Kaya, Hediye G\u00fcran, \u0130brahim Halil G\u00fcran, Bar\u0131\u015f G\u00fcran, Kurtulu\u015f G\u00fcran ve \u00d6mer Faruk G\u00fcran ile su\u00e7a s\u00fcr\u00fcklenen \u00e7ocuklar R.A. (16), M.G. (16) ve \u0130.K.&#8217;nin (17) &#8220;su\u00e7luyu kay\u0131rma&#8221; su\u00e7undan yarg\u0131land\u0131\u011f\u0131 davada, Cumhuriyet savc\u0131s\u0131 esas hakk\u0131ndaki m\u00fctalaas\u0131n\u0131 tamamlad\u0131.<\/p>\n<p>Savc\u0131, celse aras\u0131nda haz\u0131rlad\u0131\u011f\u0131 10 sayfal\u0131k m\u00fctalaay\u0131 Diyarbak\u0131r 17.\u00a0Asliye Ceza Mahkemesi&#8217;ne sundu. M\u00fctalaada, Narin G\u00fcran&#8217;\u0131n kayboldu\u011fu ihbar\u0131n\u0131n ard\u0131ndan ba\u015flat\u0131lan arama \u00e7al\u0131\u015fmalar\u0131 ve y\u00fcr\u00fct\u00fclen soru\u015fturma ile bu s\u00fcre\u00e7te ya\u015fanan geli\u015fmeler yer ald\u0131.<\/p>\n<p>Davaya ili\u015fkin, soru\u015fturma ve kovu\u015fturma a\u015famas\u0131ndaki ifadelerinin de yer ald\u0131\u011f\u0131 m\u00fctalaada, de\u011ferlendirme k\u0131sm\u0131nda \u015funlar yer ald\u0131:<\/p>\n<p>&#8220;San\u0131klar\u0131n ve su\u00e7a s\u00fcr\u00fcklenen \u00e7ocuklar\u0131n verdikleri beyanlar\u0131n kendi aralar\u0131nda \u00e7eli\u015fkili ve tutars\u0131z oldu\u011fu, yarg\u0131lamada netle\u015fen maddi delillerle de uyu\u015fmad\u0131\u011f\u0131, buna ra\u011fmen \u0131srarla ayn\u0131 \u015fekilde beyanda bulunmalar\u0131n\u0131n hayat\u0131n ola\u011fan ak\u0131\u015f\u0131na ayk\u0131r\u0131 oldu\u011fu, jandarma personelinin s\u00fcrekli takip edilip dinlenilerek \u00e7al\u0131\u015fmalara engel olunmaya \u00e7al\u0131\u015f\u0131ld\u0131\u011f\u0131 anla\u015f\u0131ld\u0131. Baz\u0131 san\u0131klar\u0131n ellerinde bulunan \u00e7ubuklarla yang\u0131n \u00e7\u0131kmas\u0131na sebebiyet verdi\u011fi, baz\u0131 san\u0131klar\u0131n buldu\u011funu iddia etti\u011fi terlik ile olay\u0131n seyrini de\u011fi\u015ftirmek istedi\u011fi, baz\u0131 san\u0131klar\u0131n ise telefon kay\u0131tlar\u0131n\u0131 silerek organize bir bi\u00e7imde olay\u0131n ve ger\u00e7ek fail ya da faillerin tespitine engel olmaya \u00e7al\u0131\u015ft\u0131klar\u0131 belirlenmi\u015ftir. Bu t\u00fcr beyanlar ve eylemler sebebiyle ara\u015ft\u0131rmalar\u0131n farkl\u0131 mecralara y\u00f6neltildi\u011fi ve cinayet eylemi ile eylemi ger\u00e7ekle\u015ftirenlere y\u00f6nelik ara\u015ft\u0131rma yap\u0131lmas\u0131n\u0131n a\u00e7\u0131k\u00e7a engellendi\u011fi, \u015f\u00fcphelilerin verdikleri ger\u00e7ek d\u0131\u015f\u0131 beyanlar\u0131yla, tutanakta bulundu\u011fu \u015fekilde yang\u0131n \u00e7\u0131kararak, jandarma personelini takip ederek ve dinleyerek, jandarma personelini y\u00f6nlendirici as\u0131ls\u0131z ihbarlarda bulunarak, telefon kay\u0131tlar\u0131n\u0131 silerek su\u00e7 i\u015fleyen ki\u015filerin ara\u015ft\u0131rmadan kurtulmalar\u0131na imkan sa\u011flamak suretiyle ortak saikle hareket ederek \u00fczerlerine at\u0131l\u0131 &#8216;su\u00e7luyu kay\u0131rma&#8217; su\u00e7unu i\u015fledikleri anla\u015f\u0131lm\u0131\u015ft\u0131r.&#8221;<\/p>\n<p>M\u00fctalaada, san\u0131klar Bar\u0131\u015f G\u00fcran, Birsen G\u00fcran, Fuat G\u00fcran, Hediye G\u00fcran, \u0130brahim Halil G\u00fcran, Kurtulu\u015f G\u00fcran, Ma\u015fallah G\u00fcran, Mehmet Selim Atasoy, Mehmet \u015eevket Kaya, Muhammed Kaya, \u00d6mer Faruk G\u00fcran ve \u015eeyma Kaya&#8217;n\u0131n eylemlerine uyan TCK&#8217;nin 283\/1,53\/1 ve 63. maddeleri uyar\u0131nca, su\u00e7a s\u00fcr\u00fcklenen \u00e7ocuklar \u0130.K, M.G.&#8217;nin eylemlerine uyan TCK&#8217;nin 283\/1, 31\/3, 63. maddeleri ile\u00a0\u00c7ocuk\u00a0Koruma Kanunu&#8217;nun 5. maddesi uyar\u0131nca, su\u00e7a s\u00fcr\u00fcklenen \u00e7ocuk R.A.&#8217;n\u0131n eylemine uyan TCK&#8217;nin 283\/1, 31\/2, 63. maddeleri ile \u00c7ocuk Koruma Kanunu&#8217;nun 5. maddesi uyar\u0131nca 6 aydan 5 y\u0131la kadar ayr\u0131 ayr\u0131 cezaland\u0131r\u0131lmalar\u0131 talep edildi.<\/p>\n<p>Tutuklu san\u0131klar Birsen G\u00fcran, Fuat G\u00fcran, Ma\u015fallah G\u00fcran, Mehmet \u015eevket Kaya, Mehmet Selim Atasoy ve Muhammed Kaya&#8217;n\u0131n \u00fczerlerine at\u0131l\u0131 su\u00e7un vas\u0131f ve mahiyeti, su\u00e7 i\u00e7in kanunda \u00f6ng\u00f6r\u00fclen ceza miktar\u0131, san\u0131klar\u0131n su\u00e7lular\u0131 kay\u0131rmak amac\u0131yla gerekti\u011finde ger\u00e7e\u011fe ayk\u0131r\u0131 delil de \u00fcretmek suretiyle eylemde bulunmalar\u0131 hususu g\u00f6z \u00f6n\u00fcne al\u0131nd\u0131\u011f\u0131nda delil karartma ve ka\u00e7ma \u015f\u00fcphesinin varl\u0131\u011f\u0131 nazara al\u0131narak h\u00fck\u00fcmle birlikte tutukluluk hallerinin devam\u0131n\u0131n talep edildi\u011fi m\u00fctalaada, san\u0131klar Kurtulu\u015f G\u00fcran, \u00d6mer Faruk G\u00fcran ve su\u00e7a s\u00fcr\u00fcklenen \u00e7ocuk M.G. hakk\u0131nda uygulanan adli kontrol tedbirlerinin devam\u0131 istendi.<\/p>\n<p>M\u00fctalaada, san\u0131klar\u0131n ve su\u00e7a s\u00fcr\u00fcklenen \u00e7ocuklar\u0131n ger\u00e7ekle\u015ftirdikleri eylemin niteli\u011fi, olay\u0131n olu\u015f bi\u00e7imi, eylemden sonraki ve yarg\u0131lama s\u00fcrecindeki tutum ve davran\u0131\u015flar\u0131 dikkate al\u0131narak haklar\u0131nda TCK&#8217;nin 62. maddesinin uygulanmas\u0131na yer olmad\u0131\u011f\u0131 ifade edildi.<\/p>\n<p>Savc\u0131 m\u00fctalaas\u0131nda, san\u0131klar\u0131n i\u015fledikleri su\u00e7un kasti su\u00e7 olmas\u0131 nedeniyle haklar\u0131nda h\u00fcrriyeti ba\u011flay\u0131c\u0131 cezaya h\u00fckmolunmas\u0131 durumunda 5237 Say\u0131l\u0131 T\u00fcrk Ceza Kanunun 53. maddesinin 1. f\u0131kras\u0131 gere\u011fince belli haklar\u0131 kullanmaktan yoksun b\u0131rak\u0131lmalar\u0131n\u0131, su\u00e7a s\u00fcr\u00fcklenen \u00e7ocuklar hakk\u0131nda 5395 say\u0131l\u0131 kanun h\u00fck\u00fcmleri ile mahkemenin gerekli g\u00f6rmesi halinde 5395 say\u0131l\u0131 Kanunun 5. maddesindeki koruyucu ve destekleyici tedbirlerin uygulanmas\u0131n\u0131 istedi.<\/p>\n<p>6&#8217;s\u0131 tutuklu 12 san\u0131k ile su\u00e7a s\u00fcr\u00fcklenen 3 \u00e7ocu\u011fun yarg\u0131lanmas\u0131na 2 May\u0131s&#8217;ta devam edilecek.<\/p>\n<p>Olay<\/p>\n<p>Diyarbak\u0131r Cumhuriyet Ba\u015fsavc\u0131l\u0131\u011f\u0131nca, merkez Ba\u011flar il\u00e7esinin Tav\u015fantepe Mahallesi&#8217;nde 21 A\u011fustos&#8217;ta 2024&#8217;te kaybolan ve 8 Eyl\u00fcl 2024&#8217;te E\u011fertutmaz Deresi&#8217;nde cans\u0131z bedenine ula\u015f\u0131lan Narin G\u00fcran&#8217;\u0131n \u00f6ld\u00fcr\u00fclmesine ili\u015fkin 6&#8217;s\u0131 tutuklu 12 ki\u015fi ile su\u00e7a s\u00fcr\u00fcklenen 3 \u00e7ocuk hakk\u0131nda y\u00fcr\u00fct\u00fclen soru\u015fturma tamamlanm\u0131\u015ft\u0131. Ba\u015fsavc\u0131l\u0131k taraf\u0131ndan, 12 ki\u015fi hakk\u0131nda &#8220;su\u00e7luyu kay\u0131rma&#8221; su\u00e7undan 6 aydan 5&#8217;er y\u0131la kadar hapis cezas\u0131 istemiyle haz\u0131rlanan iddianame, Diyarbak\u0131r 17. Asliye Ceza Mahkemesi taraf\u0131ndan, \u00e7ocuklar R.A. (16), M.G. (16) ve \u0130.K. (17) hakk\u0131nda ayn\u0131 su\u00e7tan haz\u0131rlanan iddianame ise 2. \u00c7ocuk Mahkemesi taraf\u0131ndan kabul edilmi\u015fti.<\/p>\n<p>Diyarbak\u0131r 2. \u00c7ocuk Mahkemesi&#8217;nin, kendilerindeki dosyan\u0131n, Diyarbak\u0131r 17. Asliye Ceza Mahkemesi&#8217;nde 6&#8217;s\u0131 tutuklu 12 san\u0131k hakk\u0131nda a\u00e7\u0131lan davayla birle\u015ftirilmesi y\u00f6n\u00fcndeki talebi kabul edilmi\u015fti.<\/p>\n<p>Anne, a\u011fabey ve amcaya a\u011f\u0131rla\u015ft\u0131r\u0131lm\u0131\u015f m\u00fcebbet hapis cezas\u0131 verilmi\u015fti<\/p>\n<p>Diyarbak\u0131r Cumhuriyet Ba\u015fsavc\u0131l\u0131\u011f\u0131nca anne Y\u00fcksel, a\u011fabey Enes ve amca Salim G\u00fcran ile Nevzat Bahtiyar hakk\u0131nda y\u00fcr\u00fct\u00fclen soru\u015fturma tamamlanm\u0131\u015f, 4 san\u0131k hakk\u0131nda &#8220;i\u015ftirak halinde \u00e7ocu\u011fa kar\u015f\u0131 kasten \u00f6ld\u00fcrme&#8221; su\u00e7undan a\u011f\u0131rla\u015ft\u0131r\u0131lm\u0131\u015f m\u00fcebbet hapis istemiyle haz\u0131rlanan iddianame, Diyarbak\u0131r 8. A\u011f\u0131r Ceza Mahkemesince 23 Ekim 2024&#8217;te kabul edilmi\u015fti.<\/p>\n<p>San\u0131klar\u0131n yarg\u0131lanmas\u0131na 7 Kas\u0131m 2024&#8217;te ba\u015flanm\u0131\u015f, mahkeme heyeti 28\u00a0Aral\u0131k\u00a02024&#8217;teki duru\u015fmada, tutuklu san\u0131klar Y\u00fcksel, Enes ve Salim G\u00fcran&#8217;\u0131n &#8220;i\u015ftirak halinde \u00e7ocu\u011fa kar\u015f\u0131 kasten \u00f6ld\u00fcrme&#8221; su\u00e7undan a\u011f\u0131rla\u015ft\u0131r\u0131lm\u0131\u015f m\u00fcebbet, Narin&#8217;in cans\u0131z bedenini E\u011fertutmaz Deresi&#8217;ne saklad\u0131\u011f\u0131n\u0131 itiraf eden Nevzat Bahtiyar&#8217;\u0131n da &#8220;su\u00e7 delillerini yok etme, gizleme veya de\u011fi\u015ftirme&#8221; su\u00e7undan 4 y\u0131l 6 ay hapisle cezaland\u0131r\u0131lmalar\u0131na ve tutukluluk hallerinin devam\u0131na karar vermi\u015fti.<\/p>\n<\/div>\n<p>&nbsp;<\/p>\n<p><strong>KAYNAK:SONDAK\u0130KA<\/strong><\/p>\n","protected":false},"excerpt":{"rendered":"<p>Diyarbak\u0131r&#8217;da Narin G\u00fcran cinayetiyle ilgili 12 san\u0131\u011f\u0131n cezaland\u0131r\u0131lmas\u0131 talep edildi. Diyarbak\u0131r&#8217;da\u00a0Narin G\u00fcran\u00a0cinayetine ili\u015fkin 6&#8217;s\u0131 tutuklu 12 san\u0131k ile su\u00e7a s\u00fcr\u00fcklenen 3 \u00e7ocu\u011fun yarg\u0131land\u0131\u011f\u0131 davaya ili\u015fkin Cumhuriyet savc\u0131s\u0131n\u0131n sundu\u011fu m\u00fctalaada san\u0131klar\u0131n 6 aydan 5 y\u0131la kadar ayr\u0131 ayr\u0131 cezaland\u0131r\u0131lmalar\u0131 talep edildi. Merkez\u00a0Ba\u011flar\u00a0il\u00e7esinin Tav\u015fantepe Mahallesi&#8217;nde 21 A\u011fustos&#8217;ta kaybolan ve 8\u00a0Eyl\u00fcl&#8217;de E\u011fertutmaz Deresi&#8217;nde cans\u0131z bedenine ula\u015f\u0131lan Narin G\u00fcran&#8217;\u0131n [&hellip;]<\/p>\n","protected":false},"author":1,"featured_media":2627,"comment_status":"closed","ping_status":"closed","sticky":false,"template":"","format":"standard","meta":{"footnotes":""},"categories":[7,39],"tags":[188,60,416,47,415,417],"class_list":["post-2626","post","type-post","status-publish","format-standard","has-post-thumbnail","hentry","category-gundem","category-haber","tag-ceza","tag-cinayet","tag-davasi","tag-haber","tag-naringuran","tag-talep"],"_links":{"self":[{"href":"https:\/\/avukatimtv.com\/index.php\/wp-json\/wp\/v2\/posts\/2626","targetHints":{"allow":["GET"]}}],"collection":[{"href":"https:\/\/avukatimtv.com\/index.php\/wp-json\/wp\/v2\/posts"}],"about":[{"href":"https:\/\/avukatimtv.com\/index.php\/wp-json\/wp\/v2\/types\/post"}],"author":[{"embeddable":true,"href":"https:\/\/avukatimtv.com\/index.php\/wp-json\/wp\/v2\/users\/1"}],"replies":[{"embeddable":true,"href":"https:\/\/avukatimtv.com\/index.php\/wp-json\/wp\/v2\/comments?post=2626"}],"version-history":[{"count":1,"href":"https:\/\/avukatimtv.com\/index.php\/wp-json\/wp\/v2\/posts\/2626\/revisions"}],"predecessor-version":[{"id":2628,"href":"https:\/\/avukatimtv.com\/index.php\/wp-json\/wp\/v2\/posts\/2626\/revisions\/2628"}],"wp:featuredmedia":[{"embeddable":true,"href":"https:\/\/avukatimtv.com\/index.php\/wp-json\/wp\/v2\/media\/2627"}],"wp:attachment":[{"href":"https:\/\/avukatimtv.com\/index.php\/wp-json\/wp\/v2\/media?parent=2626"}],"wp:term":[{"taxonomy":"category","embeddable":true,"href":"https:\/\/avukatimtv.com\/index.php\/wp-json\/wp\/v2\/categories?post=2626"},{"taxonomy":"post_tag","embeddable":true,"href":"https:\/\/avukatimtv.com\/index.php\/wp-json\/wp\/v2\/tags?post=2626"}],"curies":[{"name":"wp","href":"https:\/\/api.w.org\/{rel}","templated":true}]}}