{"id":2629,"date":"2025-04-29T19:56:05","date_gmt":"2025-04-29T16:56:05","guid":{"rendered":"https:\/\/avukatimtv.com\/?p=2629"},"modified":"2025-04-29T19:56:05","modified_gmt":"2025-04-29T16:56:05","slug":"akyazida-kayinpeder-cinayeti","status":"publish","type":"post","link":"https:\/\/avukatimtv.com\/index.php\/2025\/04\/29\/akyazida-kayinpeder-cinayeti\/","title":{"rendered":"Akyaz\u0131&#8217;da Kay\u0131npeder Cinayeti"},"content":{"rendered":"<h2 id=\"spot\" class=\"mt10 haber_ozet\">Damad\u0131 taraf\u0131ndan b\u0131\u00e7aklanarak \u00f6ld\u00fcr\u00fclen kay\u0131npeder Turan K\u0131l\u0131\u00e7kan son yolculu\u011funa u\u011furland\u0131.<\/h2>\n<div class=\"hbptDate\">\n<p>SAKARYA&#8217;n\u0131n\u00a0Akyaz\u0131\u00a0il\u00e7esinde silahla yaralad\u0131\u011f\u0131 damad\u0131 taraf\u0131ndan 15 b\u0131\u00e7ak darbesiyle \u00f6ld\u00fcr\u00fclen kay\u0131npeder Turan K\u0131l\u0131\u00e7kan (64) son yolculu\u011funa u\u011furland\u0131.<\/p>\n<p>Akyaz\u0131 \u0130l\u00e7esi K\u00fc\u00e7\u00fccek Mahallesi&#8217;nde gece saatlerinde ya\u015fanan olayda Turan K\u0131l\u0131\u00e7kan ile damad\u0131 Y.O.A. (38) aras\u0131nda hen\u00fcz bilinmeyen sebeple tart\u0131\u015fma \u00e7\u0131kt\u0131. Kavgaya d\u00f6n\u00fc\u015fen tart\u0131\u015fmada Turan K\u0131l\u0131\u00e7kan damad\u0131 Y.O.A.&#8217;y\u0131 silahla aya\u011f\u0131ndan vurdu. Yaral\u0131 damat ise kay\u0131npederi K\u0131l\u0131\u00e7kan&#8217;\u0131 15 b\u0131\u00e7ak darbesi ile a\u011f\u0131r yaralad\u0131. Kavgay\u0131 ay\u0131rmak istedi\u011fi esnada yaralanan K.G. ile kay\u0131npeder K\u0131l\u0131\u00e7kan ve damad\u0131 Y.O.A. hastaneye kald\u0131r\u0131ld\u0131. K\u0131l\u0131\u00e7kan, burada yap\u0131lan m\u00fcdahalelere ra\u011fmen kurtar\u0131lamad\u0131. Kay\u0131npederi taraf\u0131ndan silahla vurulan Y.O.A. ile kavgay\u0131 ay\u0131rmak istedi\u011fi esnada yaralanan K.G.&#8217;nin ise hastanedeki tedavilerinin s\u00fcrd\u00fc\u011f\u00fc \u00f6\u011frenildi.<\/p>\n<p>Damad\u0131n\u0131n b\u0131\u00e7ak darbeleri ile \u00f6ld\u00fcrd\u00fc\u011f\u00fc Turan K\u0131l\u0131\u00e7kan,\u00a0Karap\u00fcr\u00e7ek\u00a0Merkez Camii&#8217;nde ikindi namaz\u0131n\u0131 m\u00fcteakip k\u0131l\u0131nan cenaze namaz\u0131n\u0131n ard\u0131ndan son yolculu\u011funa u\u011furland\u0131.<\/p>\n<p>\u00d6te yandan, kay\u0131npederini \u00f6ld\u00fcren Y.O.A.&#8217;n\u0131n e\u015fi E.K. ile bo\u015fanma a\u015famas\u0131nda oldu\u011fu \u00f6\u011frenildi.<\/p>\n<\/div>\n<p>&nbsp;<\/p>\n<p><strong>KAYNAK:SONDAK\u0130KA<\/strong><\/p>\n","protected":false},"excerpt":{"rendered":"<p>Damad\u0131 taraf\u0131ndan b\u0131\u00e7aklanarak \u00f6ld\u00fcr\u00fclen kay\u0131npeder Turan K\u0131l\u0131\u00e7kan son yolculu\u011funa u\u011furland\u0131. SAKARYA&#8217;n\u0131n\u00a0Akyaz\u0131\u00a0il\u00e7esinde silahla yaralad\u0131\u011f\u0131 damad\u0131 taraf\u0131ndan 15 b\u0131\u00e7ak darbesiyle \u00f6ld\u00fcr\u00fclen kay\u0131npeder Turan K\u0131l\u0131\u00e7kan (64) son yolculu\u011funa u\u011furland\u0131. Akyaz\u0131 \u0130l\u00e7esi K\u00fc\u00e7\u00fccek Mahallesi&#8217;nde gece saatlerinde ya\u015fanan olayda Turan K\u0131l\u0131\u00e7kan ile damad\u0131 Y.O.A. (38) aras\u0131nda hen\u00fcz bilinmeyen sebeple tart\u0131\u015fma \u00e7\u0131kt\u0131. Kavgaya d\u00f6n\u00fc\u015fen tart\u0131\u015fmada Turan K\u0131l\u0131\u00e7kan damad\u0131 Y.O.A.&#8217;y\u0131 silahla aya\u011f\u0131ndan [&hellip;]<\/p>\n","protected":false},"author":1,"featured_media":2630,"comment_status":"closed","ping_status":"closed","sticky":false,"template":"","format":"standard","meta":{"footnotes":""},"categories":[7,39],"tags":[418,47,420,419],"class_list":["post-2629","post","type-post","status-publish","format-standard","has-post-thumbnail","hentry","category-gundem","category-haber","tag-bicaklanma","tag-haber","tag-kayinpeder","tag-oldurulme"],"_links":{"self":[{"href":"https:\/\/avukatimtv.com\/index.php\/wp-json\/wp\/v2\/posts\/2629","targetHints":{"allow":["GET"]}}],"collection":[{"href":"https:\/\/avukatimtv.com\/index.php\/wp-json\/wp\/v2\/posts"}],"about":[{"href":"https:\/\/avukatimtv.com\/index.php\/wp-json\/wp\/v2\/types\/post"}],"author":[{"embeddable":true,"href":"https:\/\/avukatimtv.com\/index.php\/wp-json\/wp\/v2\/users\/1"}],"replies":[{"embeddable":true,"href":"https:\/\/avukatimtv.com\/index.php\/wp-json\/wp\/v2\/comments?post=2629"}],"version-history":[{"count":1,"href":"https:\/\/avukatimtv.com\/index.php\/wp-json\/wp\/v2\/posts\/2629\/revisions"}],"predecessor-version":[{"id":2631,"href":"https:\/\/avukatimtv.com\/index.php\/wp-json\/wp\/v2\/posts\/2629\/revisions\/2631"}],"wp:featuredmedia":[{"embeddable":true,"href":"https:\/\/avukatimtv.com\/index.php\/wp-json\/wp\/v2\/media\/2630"}],"wp:attachment":[{"href":"https:\/\/avukatimtv.com\/index.php\/wp-json\/wp\/v2\/media?parent=2629"}],"wp:term":[{"taxonomy":"category","embeddable":true,"href":"https:\/\/avukatimtv.com\/index.php\/wp-json\/wp\/v2\/categories?post=2629"},{"taxonomy":"post_tag","embeddable":true,"href":"https:\/\/avukatimtv.com\/index.php\/wp-json\/wp\/v2\/tags?post=2629"}],"curies":[{"name":"wp","href":"https:\/\/api.w.org\/{rel}","templated":true}]}}