{"id":2632,"date":"2025-05-01T17:02:33","date_gmt":"2025-05-01T14:02:33","guid":{"rendered":"https:\/\/avukatimtv.com\/?p=2632"},"modified":"2025-05-01T17:02:33","modified_gmt":"2025-05-01T14:02:33","slug":"ruhsatsiz-silahla-yakalanan-sahis-tutuklandi","status":"publish","type":"post","link":"https:\/\/avukatimtv.com\/index.php\/2025\/05\/01\/ruhsatsiz-silahla-yakalanan-sahis-tutuklandi\/","title":{"rendered":"Ruhsats\u0131z Silahla Yakalanan \u015eah\u0131s Tutukland\u0131"},"content":{"rendered":"<h2 id=\"spot\" class=\"mt10 haber_ozet\">Safranbolu&#8217;da ruhsats\u0131z silahla yakalanan \u015fah\u0131s, mahkemece tutuklanarak cezaevine g\u00f6nderildi.<\/h2>\n<div class=\"hbptDate\">\n<p>Karab\u00fck&#8217;\u00fcn\u00a0Safranbolu\u00a0il\u00e7esinde ruhsats\u0131z silahla yakalanan bir \u015fah\u0131s, \u00e7\u0131kar\u0131ld\u0131\u011f\u0131 mahkemece tutuklanarak cezaevine g\u00f6nderildi.<\/p>\n<p>Edinilen bilgiye g\u00f6re, Karab\u00fck \u0130l Jandarma Komutanl\u0131\u011f\u0131 ekipleri taraf\u0131ndan il\u00e7ede ger\u00e7ekle\u015ftirilen uygulama s\u0131ras\u0131nda bir \u015fahs\u0131n \u00fczerinde ve arac\u0131nda yap\u0131lan aramada, bir adet ruhsats\u0131z tabanca, tabancaya ait bir adet \u015farj\u00f6r ve 8 adet 9 mm \u00e7ap\u0131nda fi\u015fek ele ge\u00e7irildi.<\/p>\n<p>G\u00f6zalt\u0131na al\u0131nan \u015fahsa, ruhsats\u0131z silah bulundurmaktan dolay\u0131 40 bin 825 TL idari para cezas\u0131 uygulan\u0131rken, i\u015flemlerinin ard\u0131ndan adliyeye sevk edilen \u015fah\u0131s, \u00e7\u0131kar\u0131ld\u0131\u011f\u0131 mahkemece tutuklanarak cezaevine g\u00f6nderildi.<\/p>\n<\/div>\n<p>&nbsp;<\/p>\n<p><strong>KAYNAK:SONDAK\u0130KA<\/strong><\/p>\n","protected":false},"excerpt":{"rendered":"<p>Safranbolu&#8217;da ruhsats\u0131z silahla yakalanan \u015fah\u0131s, mahkemece tutuklanarak cezaevine g\u00f6nderildi. Karab\u00fck&#8217;\u00fcn\u00a0Safranbolu\u00a0il\u00e7esinde ruhsats\u0131z silahla yakalanan bir \u015fah\u0131s, \u00e7\u0131kar\u0131ld\u0131\u011f\u0131 mahkemece tutuklanarak cezaevine g\u00f6nderildi. Edinilen bilgiye g\u00f6re, Karab\u00fck \u0130l Jandarma Komutanl\u0131\u011f\u0131 ekipleri taraf\u0131ndan il\u00e7ede ger\u00e7ekle\u015ftirilen uygulama s\u0131ras\u0131nda bir \u015fahs\u0131n \u00fczerinde ve arac\u0131nda yap\u0131lan aramada, bir adet ruhsats\u0131z tabanca, tabancaya ait bir adet \u015farj\u00f6r ve 8 adet 9 mm \u00e7ap\u0131nda [&hellip;]<\/p>\n","protected":false},"author":1,"featured_media":2633,"comment_status":"closed","ping_status":"closed","sticky":false,"template":"","format":"standard","meta":{"footnotes":""},"categories":[7,39],"tags":[132,51,47,422,421,380,303],"class_list":["post-2632","post","type-post","status-publish","format-standard","has-post-thumbnail","hentry","category-gundem","category-haber","tag-cezaevi","tag-gozalti","tag-haber","tag-safranbolu","tag-sahis","tag-tutuklanma","tag-yakalanma"],"_links":{"self":[{"href":"https:\/\/avukatimtv.com\/index.php\/wp-json\/wp\/v2\/posts\/2632","targetHints":{"allow":["GET"]}}],"collection":[{"href":"https:\/\/avukatimtv.com\/index.php\/wp-json\/wp\/v2\/posts"}],"about":[{"href":"https:\/\/avukatimtv.com\/index.php\/wp-json\/wp\/v2\/types\/post"}],"author":[{"embeddable":true,"href":"https:\/\/avukatimtv.com\/index.php\/wp-json\/wp\/v2\/users\/1"}],"replies":[{"embeddable":true,"href":"https:\/\/avukatimtv.com\/index.php\/wp-json\/wp\/v2\/comments?post=2632"}],"version-history":[{"count":1,"href":"https:\/\/avukatimtv.com\/index.php\/wp-json\/wp\/v2\/posts\/2632\/revisions"}],"predecessor-version":[{"id":2634,"href":"https:\/\/avukatimtv.com\/index.php\/wp-json\/wp\/v2\/posts\/2632\/revisions\/2634"}],"wp:featuredmedia":[{"embeddable":true,"href":"https:\/\/avukatimtv.com\/index.php\/wp-json\/wp\/v2\/media\/2633"}],"wp:attachment":[{"href":"https:\/\/avukatimtv.com\/index.php\/wp-json\/wp\/v2\/media?parent=2632"}],"wp:term":[{"taxonomy":"category","embeddable":true,"href":"https:\/\/avukatimtv.com\/index.php\/wp-json\/wp\/v2\/categories?post=2632"},{"taxonomy":"post_tag","embeddable":true,"href":"https:\/\/avukatimtv.com\/index.php\/wp-json\/wp\/v2\/tags?post=2632"}],"curies":[{"name":"wp","href":"https:\/\/api.w.org\/{rel}","templated":true}]}}