{"id":2636,"date":"2025-05-01T17:14:42","date_gmt":"2025-05-01T14:14:42","guid":{"rendered":"https:\/\/avukatimtv.com\/?p=2636"},"modified":"2025-05-01T17:14:42","modified_gmt":"2025-05-01T14:14:42","slug":"20-yasindaki-kadin-evinin-penceresinden-ates-edilerek-olduruldu","status":"publish","type":"post","link":"https:\/\/avukatimtv.com\/index.php\/2025\/05\/01\/20-yasindaki-kadin-evinin-penceresinden-ates-edilerek-olduruldu\/","title":{"rendered":"20 ya\u015f\u0131ndaki kad\u0131n evinin penceresinden ate\u015f edilerek \u00f6ld\u00fcr\u00fcld\u00fc"},"content":{"rendered":"<h2 id=\"spot\" class=\"mt10 haber_ozet\">\u0130zmir&#8217;de babas\u0131yla birlikte evde oturan 20 ya\u015f\u0131ndaki kad\u0131n pencereden tabancayla a\u00e7\u0131lan ate\u015f sonucu hayat\u0131n\u0131 kaybetti. Olaya ili\u015fkin gen\u00e7 kad\u0131n\u0131n eski sevgilisi g\u00f6zalt\u0131na al\u0131nd\u0131.<\/h2>\n<div class=\"hbptDate\">\n<p>\u0130zmir&#8217;in\u00a0Beyda\u011f\u00a0il\u00e7esine ba\u011fl\u0131 E\u011fridere Mahallesi&#8217;nde d\u00fcn saat. 21.00 s\u0131ralar\u0131nda kan donduran bir olay ya\u015fand\u0131.<\/p>\n<h3>PENCEREDEN A\u00c7ILAN ATE\u015eLE KATLED\u0130LD\u0130<\/h3>\n<p>Aysun Candan (20) babas\u0131 \u0130brahim Candan ile tek katl\u0131 evlerinde otururken pencereden yakla\u015fan bir \u015f\u00fcpheli tabancayla ate\u015f etti. Gen\u00e7 kad\u0131n kur\u015funlar\u0131n hedefi olurken baba hemen 112&#8217;ye ihbarda bulundu. \u0130hbar \u00fczerine olay yerine sa\u011fl\u0131k ve jandarma ekipleri sevk edildi. Sa\u011fl\u0131k ekipleri, Aysun Candan&#8217;\u0131n ya\u015fam\u0131n\u0131 yitirdi\u011fini belirledi. Candan&#8217;\u0131n cans\u0131z bedeni, savc\u0131n\u0131n incelemesinin ard\u0131ndan otopsi i\u00e7in \u0130zmir Adli T\u0131p Kurumu&#8217;na kald\u0131r\u0131ld\u0131.<\/p>\n<h3>ESK\u0130 SEVG\u0130L\u0130S\u0130 G\u00d6ZALTINDA<\/h3>\n<p>Olaya ili\u015fkin jandarma ekipleri \u00e7al\u0131\u015fma ba\u015flatt\u0131. Ekipler, yapt\u0131\u011f\u0131 ara\u015ft\u0131rman\u0131n ard\u0131ndan Aysun Candan&#8217;\u0131n eski sevgilisi oldu\u011fu \u00f6\u011frenilen H.A.&#8217;y\u0131 g\u00f6zalt\u0131na ald\u0131. Olaya ili\u015fkin soru\u015fturma s\u00fcr\u00fcyor.<\/p>\n<\/div>\n<p>&nbsp;<\/p>\n<p><strong>KAYNAK:SONDAK\u0130KA<\/strong><\/p>\n","protected":false},"excerpt":{"rendered":"<p>\u0130zmir&#8217;de babas\u0131yla birlikte evde oturan 20 ya\u015f\u0131ndaki kad\u0131n pencereden tabancayla a\u00e7\u0131lan ate\u015f sonucu hayat\u0131n\u0131 kaybetti. Olaya ili\u015fkin gen\u00e7 kad\u0131n\u0131n eski sevgilisi g\u00f6zalt\u0131na al\u0131nd\u0131. \u0130zmir&#8217;in\u00a0Beyda\u011f\u00a0il\u00e7esine ba\u011fl\u0131 E\u011fridere Mahallesi&#8217;nde d\u00fcn saat. 21.00 s\u0131ralar\u0131nda kan donduran bir olay ya\u015fand\u0131. PENCEREDEN A\u00c7ILAN ATE\u015eLE KATLED\u0130LD\u0130 Aysun Candan (20) babas\u0131 \u0130brahim Candan ile tek katl\u0131 evlerinde otururken pencereden yakla\u015fan bir \u015f\u00fcpheli [&hellip;]<\/p>\n","protected":false},"author":1,"featured_media":2637,"comment_status":"closed","ping_status":"closed","sticky":false,"template":"","format":"standard","meta":{"footnotes":""},"categories":[7,39],"tags":[60,47,419,25],"class_list":["post-2636","post","type-post","status-publish","format-standard","has-post-thumbnail","hentry","category-gundem","category-haber","tag-cinayet","tag-haber","tag-oldurulme","tag-gundem"],"_links":{"self":[{"href":"https:\/\/avukatimtv.com\/index.php\/wp-json\/wp\/v2\/posts\/2636","targetHints":{"allow":["GET"]}}],"collection":[{"href":"https:\/\/avukatimtv.com\/index.php\/wp-json\/wp\/v2\/posts"}],"about":[{"href":"https:\/\/avukatimtv.com\/index.php\/wp-json\/wp\/v2\/types\/post"}],"author":[{"embeddable":true,"href":"https:\/\/avukatimtv.com\/index.php\/wp-json\/wp\/v2\/users\/1"}],"replies":[{"embeddable":true,"href":"https:\/\/avukatimtv.com\/index.php\/wp-json\/wp\/v2\/comments?post=2636"}],"version-history":[{"count":1,"href":"https:\/\/avukatimtv.com\/index.php\/wp-json\/wp\/v2\/posts\/2636\/revisions"}],"predecessor-version":[{"id":2638,"href":"https:\/\/avukatimtv.com\/index.php\/wp-json\/wp\/v2\/posts\/2636\/revisions\/2638"}],"wp:featuredmedia":[{"embeddable":true,"href":"https:\/\/avukatimtv.com\/index.php\/wp-json\/wp\/v2\/media\/2637"}],"wp:attachment":[{"href":"https:\/\/avukatimtv.com\/index.php\/wp-json\/wp\/v2\/media?parent=2636"}],"wp:term":[{"taxonomy":"category","embeddable":true,"href":"https:\/\/avukatimtv.com\/index.php\/wp-json\/wp\/v2\/categories?post=2636"},{"taxonomy":"post_tag","embeddable":true,"href":"https:\/\/avukatimtv.com\/index.php\/wp-json\/wp\/v2\/tags?post=2636"}],"curies":[{"name":"wp","href":"https:\/\/api.w.org\/{rel}","templated":true}]}}