{"id":2650,"date":"2025-05-09T18:56:33","date_gmt":"2025-05-09T15:56:33","guid":{"rendered":"https:\/\/avukatimtv.com\/?p=2650"},"modified":"2025-05-09T18:56:33","modified_gmt":"2025-05-09T15:56:33","slug":"okulda-kiz-kardesleri-olduren-katil-zanlisi-3-kere-hapse-girmis","status":"publish","type":"post","link":"https:\/\/avukatimtv.com\/index.php\/2025\/05\/09\/okulda-kiz-kardesleri-olduren-katil-zanlisi-3-kere-hapse-girmis\/","title":{"rendered":"Okulda k\u0131z karde\u015fleri \u00f6ld\u00fcren katil zanl\u0131s\u0131 3 kere hapse girmi\u015f"},"content":{"rendered":"<h2 id=\"spot\" class=\"mt10 haber_ozet\">Giresun&#8217;da Sosyal Bilimler Lisesi&#8217;nde g\u00fcvenlik g\u00f6revlisi Abdullah Turan, iki k\u0131z karde\u015fi okul kantininde silahla \u00f6ld\u00fcrd\u00fc. Katil zanl\u0131s\u0131n\u0131n daha \u00f6nce &#8220;Silahla yaralama&#8221; ve &#8220;Tehdit&#8221; su\u00e7lar\u0131ndan 3 kere cezaevine girip \u00e7\u0131kt\u0131\u011f\u0131 \u00f6\u011frenildi. Zanl\u0131n\u0131n tahliye olduktan sonra eski h\u00fck\u00fcml\u00fc kadrosundan topluma kazand\u0131r\u0131lmak i\u00e7in okulda i\u015fe al\u0131nd\u0131\u011f\u0131 belirlendi.<\/h2>\n<div class=\"hbptDate\">Giresun&#8217;da Aksu Mahallesi&#8217;nde yer alan Sosyal Bilimler Lisesi sabah saatlerinde kana buland\u0131. Okulun g\u00fcvenlik g\u00f6revlisi\u00a0Abdullah Turan\u00a0(53) okulda temizlik personeli olarak \u00e7al\u0131\u015fan Yonca \u00c7avu\u015f (30) ve onu ziyarete gelen k\u0131z karde\u015fi Rana \u00c7avu\u015f G\u00f6k\u00e7in&#8217;i (27) kantinde silahla vurdu. Yonca \u00c7avu\u015f olay yerinde, Rana \u00c7avu\u015f G\u00f6k\u00e7in de tedavi i\u00e7in kald\u0131r\u0131ld\u0131\u011f\u0131 hastanede hayat\u0131n\u0131 kaybetti. Cinayetlerden sonra olay yerinden ka\u00e7an katil zanl\u0131s\u0131 yakalanarak g\u00f6zalt\u0131na al\u0131nd\u0131.<\/div>\n<div><\/div>\n<div><img decoding=\"async\" src=\"https:\/\/foto.sondakika.com\/haber\/2025\/05\/09\/okulda-kiz-kardesleri-katleden-katil-zanlisi-3-18607050_9983_m.jpg\" alt=\"\u00d6ld\u00fcr\u00fclen Rana \u00c7avu\u015f G\u00f6k\u00e7in (solda) ve Yonca \u00c7avu\u015f (sa\u011fda)\" \/><\/div>\n<div><\/div>\n<div>\n<h3>3 KERE CEZAEV\u0130NE G\u0130RM\u0130\u015e<\/h3>\n<p>Katil zanl\u0131s\u0131 Turan&#8217;\u0131n daha \u00f6nce silahla yaralama ve tehdit su\u00e7lar\u0131ndan 3 kez cezaevine girip \u00e7\u0131kt\u0131\u011f\u0131 ve son olarak cezaevinden tahliye olduktan sonra eski h\u00fck\u00fcml\u00fc kadrosundan topluma kazand\u0131r\u0131lmak i\u00e7in okulda i\u015fe al\u0131nd\u0131\u011f\u0131 belirlendi. Abdullah Turan&#8217;\u0131n Giresun\u00a0Emniyet M\u00fcd\u00fcrl\u00fc\u011f\u00fc&#8217;ndeki sorgusu s\u00fcr\u00fcyor.<\/p>\n<\/div>\n<p>&nbsp;<\/p>\n<p><strong>KAYNAK:SONDAK\u0130KA<\/strong><\/p>\n","protected":false},"excerpt":{"rendered":"<p>Giresun&#8217;da Sosyal Bilimler Lisesi&#8217;nde g\u00fcvenlik g\u00f6revlisi Abdullah Turan, iki k\u0131z karde\u015fi okul kantininde silahla \u00f6ld\u00fcrd\u00fc. Katil zanl\u0131s\u0131n\u0131n daha \u00f6nce &#8220;Silahla yaralama&#8221; ve &#8220;Tehdit&#8221; su\u00e7lar\u0131ndan 3 kere cezaevine girip \u00e7\u0131kt\u0131\u011f\u0131 \u00f6\u011frenildi. Zanl\u0131n\u0131n tahliye olduktan sonra eski h\u00fck\u00fcml\u00fc kadrosundan topluma kazand\u0131r\u0131lmak i\u00e7in okulda i\u015fe al\u0131nd\u0131\u011f\u0131 belirlendi. Giresun&#8217;da Aksu Mahallesi&#8217;nde yer alan Sosyal Bilimler Lisesi sabah saatlerinde kana [&hellip;]<\/p>\n","protected":false},"author":1,"featured_media":2651,"comment_status":"closed","ping_status":"closed","sticky":false,"template":"","format":"standard","meta":{"footnotes":""},"categories":[7,39],"tags":[60,175,71,429,430,332],"class_list":["post-2650","post","type-post","status-publish","format-standard","has-post-thumbnail","hentry","category-gundem","category-haber","tag-cinayet","tag-guvenlik","tag-suc","tag-abdullah-turan","tag-giresun","tag-politika"],"_links":{"self":[{"href":"https:\/\/avukatimtv.com\/index.php\/wp-json\/wp\/v2\/posts\/2650","targetHints":{"allow":["GET"]}}],"collection":[{"href":"https:\/\/avukatimtv.com\/index.php\/wp-json\/wp\/v2\/posts"}],"about":[{"href":"https:\/\/avukatimtv.com\/index.php\/wp-json\/wp\/v2\/types\/post"}],"author":[{"embeddable":true,"href":"https:\/\/avukatimtv.com\/index.php\/wp-json\/wp\/v2\/users\/1"}],"replies":[{"embeddable":true,"href":"https:\/\/avukatimtv.com\/index.php\/wp-json\/wp\/v2\/comments?post=2650"}],"version-history":[{"count":1,"href":"https:\/\/avukatimtv.com\/index.php\/wp-json\/wp\/v2\/posts\/2650\/revisions"}],"predecessor-version":[{"id":2652,"href":"https:\/\/avukatimtv.com\/index.php\/wp-json\/wp\/v2\/posts\/2650\/revisions\/2652"}],"wp:featuredmedia":[{"embeddable":true,"href":"https:\/\/avukatimtv.com\/index.php\/wp-json\/wp\/v2\/media\/2651"}],"wp:attachment":[{"href":"https:\/\/avukatimtv.com\/index.php\/wp-json\/wp\/v2\/media?parent=2650"}],"wp:term":[{"taxonomy":"category","embeddable":true,"href":"https:\/\/avukatimtv.com\/index.php\/wp-json\/wp\/v2\/categories?post=2650"},{"taxonomy":"post_tag","embeddable":true,"href":"https:\/\/avukatimtv.com\/index.php\/wp-json\/wp\/v2\/tags?post=2650"}],"curies":[{"name":"wp","href":"https:\/\/api.w.org\/{rel}","templated":true}]}}