{"id":2653,"date":"2025-05-09T19:39:17","date_gmt":"2025-05-09T16:39:17","guid":{"rendered":"https:\/\/avukatimtv.com\/?p=2653"},"modified":"2025-05-09T19:39:17","modified_gmt":"2025-05-09T16:39:17","slug":"mardindeki-ogretmen-cinayetinin-akilalmaz-nedeni-ortaya-cikti","status":"publish","type":"post","link":"https:\/\/avukatimtv.com\/index.php\/2025\/05\/09\/mardindeki-ogretmen-cinayetinin-akilalmaz-nedeni-ortaya-cikti\/","title":{"rendered":"Mardin&#8217;deki \u00f6\u011fretmen cinayetinin ak\u0131lalmaz nedeni ortaya \u00e7\u0131kt\u0131"},"content":{"rendered":"<h2 id=\"spot\" class=\"mt10 haber_ozet\">Mardin&#8217;in K\u0131z\u0131ltepe il\u00e7esinde \u00f6\u011fretmen Abdurrahim Y\u0131lmaz&#8217;\u0131n okul \u00e7\u0131k\u0131\u015f\u0131 \u00f6ld\u00fcr\u00fclmesine ili\u015fkin soru\u015fturmada silahl\u0131 sald\u0131r\u0131y\u0131 ger\u00e7ekle\u015ftirdi\u011fi belirlenen \u015f\u00fcpheli yakaland\u0131. \u015e\u00fcphelinin, sald\u0131r\u0131y\u0131 25 Mart 2022&#8217;de K\u0131z\u0131ltepe il\u00e7esinde \u00e7\u0131kan silahl\u0131 kavgada hayat\u0131n\u0131 kaybeden yak\u0131nlar\u0131 Ferman ve Tuncay Erta\u015f&#8217;\u0131n intikam\u0131n\u0131 almak i\u00e7in ger\u00e7ekle\u015ftirdi\u011fi iddia edildi.<\/h2>\n<div class=\"hbptDate\">\n<p>Mardin&#8217;in\u00a0K\u0131z\u0131ltepe\u00a0il\u00e7esine ba\u011fl\u0131 \u0130pek Mahallesi&#8217;nde yer alan 100. Y\u0131l \u0130lkokulu&#8217;nda \u00fccretli s\u0131n\u0131f \u00f6\u011fretmenli\u011fi yapan Abdurrahim Y\u0131lmaz, d\u00fcn \u00f6\u011fle saatlerinde okul \u00e7\u0131k\u0131\u015f\u0131 motosikletine bindi\u011fi s\u0131rada silahl\u0131 sald\u0131r\u0131ya u\u011frad\u0131.<\/p>\n<div class=\"drimg\"><img decoding=\"async\" src=\"https:\/\/foto.sondakika.com\/haber\/2025\/05\/09\/mardin-de-silahli-saldiri-gozalti-sayisi-3-e-18607625_7279_m.jpg\" alt=\"Mardin'de Silahl\u0131 Sald\u0131r\u0131: G\u00f6zalt\u0131 Say\u0131s\u0131 3'e Y\u00fckseldi\" \/><\/div>\n<div>\n<h3>KURTARILAMADI<\/h3>\n<p>Ate\u015flenen tabancadan \u00e7\u0131kan kur\u015funlar\u0131n isabet etti\u011fi 40 ya\u015f\u0131ndaki Y\u0131lmaz yere y\u0131\u011f\u0131l\u0131rken, \u015f\u00fcpheli ka\u00e7t\u0131. \u0130hbarla b\u00f6lgeye sa\u011fl\u0131k ve polis ekipleri sevk edildi.\u00a0K\u0131z\u0131ltepe Devlet Hastanesi&#8217;ne kald\u0131r\u0131lan Abdurrahim Y\u0131lmaz, kurtar\u0131lamad\u0131.<\/p>\n<\/div>\n<\/div>\n<div><\/div>\n<div><img decoding=\"async\" src=\"https:\/\/foto.sondakika.com\/haber\/2025\/05\/09\/mardin-de-silahli-saldiri-gozalti-sayisi-3-e-18607625_2509_m.jpg\" alt=\"Mardin'de Silahl\u0131 Sald\u0131r\u0131: G\u00f6zalt\u0131 Say\u0131s\u0131 3'e Y\u00fckseldi\" \/><\/div>\n<div>\n<h3>TOPRA\u011eA VER\u0130LD\u0130<\/h3>\n<p>Y\u0131lmaz&#8217;\u0131n cans\u0131z bedeni, otopsi i\u00e7in Mardin\u00a0E\u011fitim ve Ara\u015ft\u0131rma Hastanesi\u00a0morguna g\u00f6t\u00fcr\u00fcld\u00fc. Otopsinin ard\u0131ndan ailesine teslim edilen Y\u0131lmaz&#8217;\u0131n cenazesi, sabah saatlerinde K\u0131z\u0131ltepe il\u00e7esine ba\u011fl\u0131 k\u0131rsal\u00a0Halkal\u0131\u00a0Mahallesi&#8217;nde topra\u011fa verildi.<\/p>\n<\/div>\n<p>&nbsp;<\/p>\n<p><strong>KAYNAK:SONDAK\u0130KA<\/strong><\/p>\n","protected":false},"excerpt":{"rendered":"<p>Mardin&#8217;in K\u0131z\u0131ltepe il\u00e7esinde \u00f6\u011fretmen Abdurrahim Y\u0131lmaz&#8217;\u0131n okul \u00e7\u0131k\u0131\u015f\u0131 \u00f6ld\u00fcr\u00fclmesine ili\u015fkin soru\u015fturmada silahl\u0131 sald\u0131r\u0131y\u0131 ger\u00e7ekle\u015ftirdi\u011fi belirlenen \u015f\u00fcpheli yakaland\u0131. \u015e\u00fcphelinin, sald\u0131r\u0131y\u0131 25 Mart 2022&#8217;de K\u0131z\u0131ltepe il\u00e7esinde \u00e7\u0131kan silahl\u0131 kavgada hayat\u0131n\u0131 kaybeden yak\u0131nlar\u0131 Ferman ve Tuncay Erta\u015f&#8217;\u0131n intikam\u0131n\u0131 almak i\u00e7in ger\u00e7ekle\u015ftirdi\u011fi iddia edildi. Mardin&#8217;in\u00a0K\u0131z\u0131ltepe\u00a0il\u00e7esine ba\u011fl\u0131 \u0130pek Mahallesi&#8217;nde yer alan 100. Y\u0131l \u0130lkokulu&#8217;nda \u00fccretli s\u0131n\u0131f \u00f6\u011fretmenli\u011fi yapan Abdurrahim Y\u0131lmaz, [&hellip;]<\/p>\n","protected":false},"author":1,"featured_media":2654,"comment_status":"closed","ping_status":"closed","sticky":false,"template":"","format":"standard","meta":{"footnotes":""},"categories":[7,39],"tags":[60,47,25,433,431,432],"class_list":["post-2653","post","type-post","status-publish","format-standard","has-post-thumbnail","hentry","category-gundem","category-haber","tag-cinayet","tag-haber","tag-gundem","tag-kiziltepe","tag-mardin","tag-oaly"],"_links":{"self":[{"href":"https:\/\/avukatimtv.com\/index.php\/wp-json\/wp\/v2\/posts\/2653","targetHints":{"allow":["GET"]}}],"collection":[{"href":"https:\/\/avukatimtv.com\/index.php\/wp-json\/wp\/v2\/posts"}],"about":[{"href":"https:\/\/avukatimtv.com\/index.php\/wp-json\/wp\/v2\/types\/post"}],"author":[{"embeddable":true,"href":"https:\/\/avukatimtv.com\/index.php\/wp-json\/wp\/v2\/users\/1"}],"replies":[{"embeddable":true,"href":"https:\/\/avukatimtv.com\/index.php\/wp-json\/wp\/v2\/comments?post=2653"}],"version-history":[{"count":1,"href":"https:\/\/avukatimtv.com\/index.php\/wp-json\/wp\/v2\/posts\/2653\/revisions"}],"predecessor-version":[{"id":2655,"href":"https:\/\/avukatimtv.com\/index.php\/wp-json\/wp\/v2\/posts\/2653\/revisions\/2655"}],"wp:featuredmedia":[{"embeddable":true,"href":"https:\/\/avukatimtv.com\/index.php\/wp-json\/wp\/v2\/media\/2654"}],"wp:attachment":[{"href":"https:\/\/avukatimtv.com\/index.php\/wp-json\/wp\/v2\/media?parent=2653"}],"wp:term":[{"taxonomy":"category","embeddable":true,"href":"https:\/\/avukatimtv.com\/index.php\/wp-json\/wp\/v2\/categories?post=2653"},{"taxonomy":"post_tag","embeddable":true,"href":"https:\/\/avukatimtv.com\/index.php\/wp-json\/wp\/v2\/tags?post=2653"}],"curies":[{"name":"wp","href":"https:\/\/api.w.org\/{rel}","templated":true}]}}