{"id":2656,"date":"2025-05-10T17:52:33","date_gmt":"2025-05-10T14:52:33","guid":{"rendered":"https:\/\/avukatimtv.com\/?p=2656"},"modified":"2025-05-10T17:52:33","modified_gmt":"2025-05-10T14:52:33","slug":"giresunda-cinayet-guvenlik-gorevlisi-tutuklandi","status":"publish","type":"post","link":"https:\/\/avukatimtv.com\/index.php\/2025\/05\/10\/giresunda-cinayet-guvenlik-gorevlisi-tutuklandi\/","title":{"rendered":"Giresun&#8217;da Cinayet: G\u00fcvenlik G\u00f6revlisi Tutukland\u0131"},"content":{"rendered":"<h2 id=\"spot\" class=\"mt10 haber_ozet\">\u00d6zel g\u00fcvenlik g\u00f6revlisi Abdullah Turan, tart\u0131\u015ft\u0131\u011f\u0131 temizlik g\u00f6revlilerini tabancayla vurarak \u00f6ld\u00fcrd\u00fc.<\/h2>\n<div class=\"hbptDate\">\n<p>G\u0130RESUN&#8217;da g\u00f6rev yapt\u0131\u011f\u0131 lisenin kantininde tart\u0131\u015ft\u0131\u011f\u0131 temizlik g\u00f6revlisi Yonca \u00c7avu\u015f (30) ile k\u0131z karde\u015fi Rana \u00c7avu\u015f G\u00f6k\u00e7in&#8217;i (26) tabancayla vurarak \u00f6ld\u00fcren \u00f6zel g\u00fcvenlik g\u00f6revlisi\u00a0Abdullah Turan\u00a0(53), tutukland\u0131. Turan, tart\u0131\u015fman\u0131n &#8216;alacak&#8217; nedeniyle \u00e7\u0131kt\u0131\u011f\u0131n\u0131 s\u00f6yledi.<\/p>\n<p>Olay, d\u00fcn sabah saatlerinde, Aksu Mahallesi&#8217;ndeki lisenin kantininde meydana geldi. Cezaevinden bir s\u00fcre \u00f6nce tahliye olup, 696 say\u0131l\u0131 KHK kapsam\u0131nda lisede \u00f6zel g\u00fcvenlik personeli olarak i\u015fe al\u0131nan Abdullah Turan, bilinmeyen nedenle, okulda temizlik g\u00f6revlisi olarak \u00e7al\u0131\u015fan Yonca \u00c7avu\u015f ve k\u0131z karde\u015fi Rana \u00c7avu\u015f G\u00f6k\u00e7in ile tart\u0131\u015ft\u0131. Tart\u0131\u015fman\u0131n b\u00fcy\u00fcmesiyle tabancayla k\u0131z karde\u015flere ate\u015f eden Abdullah Turan, okuldan ka\u00e7t\u0131. K\u0131z karde\u015fler, yere y\u0131\u011f\u0131l\u0131rken, ihbarla okula sa\u011fl\u0131k ve polis ekipleri sevk edildi. Sa\u011fl\u0131k g\u00f6revlilerinin kontrol\u00fcnde Yonca \u00c7avu\u015f&#8217;un olay yerinde hayat\u0131n\u0131 kaybetti\u011fi belirlendi. Yaralanan Rana \u00c7avu\u015f G\u00f6k\u00e7in de ambulansla\u00a0Giresun\u00a0E\u011fitim ve Ara\u015ft\u0131rma Hastanesi&#8217;ne kald\u0131r\u0131ld\u0131. Ameliyata al\u0131nan G\u00f6k\u00e7in, kurtar\u0131lamad\u0131. \u015e\u00fcpheli Abdullah Turan yakalan\u0131rken, olay sonras\u0131 okulda e\u011fitim-\u00f6\u011fretime ara verildi.<\/p>\n<p>D\u00dc\u011e\u00dcN HAZIRLI\u011eI YAPIYORDU<\/p>\n<p>Giresun\u00a0Cumhuriyet Ba\u015fsavc\u0131l\u0131\u011f\u0131\u00a0taraf\u0131ndan olayla ilgili soru\u015fturma s\u00fcrerken, bir s\u00fcre \u00f6nce e\u015finden bo\u015fanan Yonca \u00c7avu\u015f&#8217;un, 1&#8217;i engelli 2 \u00e7ocuk annesi oldu\u011fu; karde\u015fi Rana \u00c7avu\u015f G\u00f6k\u00e7in&#8217;in ise resmi nikahl\u0131 e\u015fi astsubay Yusuf G\u00f6k\u00e7in ile 1 ay sonra d\u00fczenlenecek d\u00fc\u011f\u00fcnleri i\u00e7in haz\u0131rl\u0131k yapt\u0131klar\u0131 ortaya \u00e7\u0131kt\u0131.<\/p>\n<p>Yonca \u00c7avu\u015f ve k\u0131z karde\u015fi Rana \u00c7avu\u015f G\u00f6k\u00e7in i\u00e7in\u00a0Ke\u015fap\u00a0il\u00e7esinde cenaze namaz\u0131 k\u0131l\u0131nd\u0131. Cenazeye Vali Mehmet\u00a0Fatih\u00a0Serdenge\u00e7ti, CHP Giresun\u00a0Milletvekili Elvan\u00a0I\u015f\u0131k Gezmi\u015f, \u0130l\u00a0Jandarma\u00a0Komutan\u0131\u00a0Albay\u00a0\u00d6zg\u00fcr \u00d6zer, astsubay Yusuf G\u00f6k\u00e7in, k\u0131z karde\u015flerin aileleri ile \u00e7ok say\u0131da ki\u015fi kat\u0131ld\u0131. Vali Serdenge\u00e7ti, aile \u00fcyelerine taziye dileklerinde bulundu. \u0130l M\u00fcft\u00fcs\u00fc\u00a0Sel\u00e7uk\u00a0K\u0131l\u0131\u00e7bay&#8217;\u0131n k\u0131ld\u0131rd\u0131\u011f\u0131 cenaze namazlar\u0131 sonras\u0131 karde\u015fler, aile kabristanl\u0131\u011f\u0131nda topra\u011fa verildi.<\/p>\n<p>TUTUKLANDI<\/p>\n<p>G\u00f6zalt\u0131na al\u0131nan cinayet \u015f\u00fcphelisi Abdullah Turan, i\u015flemlerinin ard\u0131ndan d\u00fcn ak\u015fam saatlerinde sevk edildi\u011fi adliyede \u00e7\u0131kar\u0131ld\u0131\u011f\u0131 n\u00f6bet\u00e7i sulh ceza hakimli\u011fi taraf\u0131ndan &#8216;Kasten \u00f6ld\u00fcrme&#8217; su\u00e7undan tutukland\u0131. Turan&#8217;\u0131n ifadesinde k\u0131z karde\u015fler ile kendisi aras\u0131nda &#8216;alacak&#8217; meselesi oldu\u011fu, tart\u0131\u015fman\u0131n bu nedenle \u00e7\u0131kt\u0131\u011f\u0131n\u0131 s\u00f6yledi\u011fi \u00f6\u011frenildi.<\/p>\n<\/div>\n<p>&nbsp;<\/p>\n<p>&nbsp;<\/p>\n<p><strong>KAYNAK:SONDAK\u0130KA<\/strong><\/p>\n","protected":false},"excerpt":{"rendered":"<p>\u00d6zel g\u00fcvenlik g\u00f6revlisi Abdullah Turan, tart\u0131\u015ft\u0131\u011f\u0131 temizlik g\u00f6revlilerini tabancayla vurarak \u00f6ld\u00fcrd\u00fc. G\u0130RESUN&#8217;da g\u00f6rev yapt\u0131\u011f\u0131 lisenin kantininde tart\u0131\u015ft\u0131\u011f\u0131 temizlik g\u00f6revlisi Yonca \u00c7avu\u015f (30) ile k\u0131z karde\u015fi Rana \u00c7avu\u015f G\u00f6k\u00e7in&#8217;i (26) tabancayla vurarak \u00f6ld\u00fcren \u00f6zel g\u00fcvenlik g\u00f6revlisi\u00a0Abdullah Turan\u00a0(53), tutukland\u0131. Turan, tart\u0131\u015fman\u0131n &#8216;alacak&#8217; nedeniyle \u00e7\u0131kt\u0131\u011f\u0131n\u0131 s\u00f6yledi. Olay, d\u00fcn sabah saatlerinde, Aksu Mahallesi&#8217;ndeki lisenin kantininde meydana geldi. Cezaevinden bir [&hellip;]<\/p>\n","protected":false},"author":1,"featured_media":2657,"comment_status":"closed","ping_status":"closed","sticky":false,"template":"","format":"standard","meta":{"footnotes":""},"categories":[7,39],"tags":[60,71,429,430,334,332],"class_list":["post-2656","post","type-post","status-publish","format-standard","has-post-thumbnail","hentry","category-gundem","category-haber","tag-cinayet","tag-suc","tag-abdullah-turan","tag-giresun","tag-guncel","tag-politika"],"_links":{"self":[{"href":"https:\/\/avukatimtv.com\/index.php\/wp-json\/wp\/v2\/posts\/2656","targetHints":{"allow":["GET"]}}],"collection":[{"href":"https:\/\/avukatimtv.com\/index.php\/wp-json\/wp\/v2\/posts"}],"about":[{"href":"https:\/\/avukatimtv.com\/index.php\/wp-json\/wp\/v2\/types\/post"}],"author":[{"embeddable":true,"href":"https:\/\/avukatimtv.com\/index.php\/wp-json\/wp\/v2\/users\/1"}],"replies":[{"embeddable":true,"href":"https:\/\/avukatimtv.com\/index.php\/wp-json\/wp\/v2\/comments?post=2656"}],"version-history":[{"count":1,"href":"https:\/\/avukatimtv.com\/index.php\/wp-json\/wp\/v2\/posts\/2656\/revisions"}],"predecessor-version":[{"id":2658,"href":"https:\/\/avukatimtv.com\/index.php\/wp-json\/wp\/v2\/posts\/2656\/revisions\/2658"}],"wp:featuredmedia":[{"embeddable":true,"href":"https:\/\/avukatimtv.com\/index.php\/wp-json\/wp\/v2\/media\/2657"}],"wp:attachment":[{"href":"https:\/\/avukatimtv.com\/index.php\/wp-json\/wp\/v2\/media?parent=2656"}],"wp:term":[{"taxonomy":"category","embeddable":true,"href":"https:\/\/avukatimtv.com\/index.php\/wp-json\/wp\/v2\/categories?post=2656"},{"taxonomy":"post_tag","embeddable":true,"href":"https:\/\/avukatimtv.com\/index.php\/wp-json\/wp\/v2\/tags?post=2656"}],"curies":[{"name":"wp","href":"https:\/\/api.w.org\/{rel}","templated":true}]}}