{"id":2660,"date":"2025-05-15T14:03:00","date_gmt":"2025-05-15T11:03:00","guid":{"rendered":"https:\/\/avukatimtv.com\/?p=2660"},"modified":"2025-05-15T14:03:00","modified_gmt":"2025-05-15T11:03:00","slug":"kastamonuda-cinayet-davasinda-tahliye-talebi","status":"publish","type":"post","link":"https:\/\/avukatimtv.com\/index.php\/2025\/05\/15\/kastamonuda-cinayet-davasinda-tahliye-talebi\/","title":{"rendered":"Kastamonu&#8217;da cinayet davas\u0131nda tahliye talebi"},"content":{"rendered":"<h2 id=\"spot\" class=\"mt10 haber_ozet\">Kastamonu&#8217;da balta ile \u00f6ld\u00fcr\u00fclen Sat\u0131 Do\u011fruo\u011flu&#8217;nun davas\u0131nda san\u0131k Behice \u00c7. pi\u015fmanl\u0131\u011f\u0131n\u0131 belirtti.<\/h2>\n<div class=\"hbptDate\">\n<p>Kastamonu&#8217;da samanl\u0131kta balta ile \u00f6ld\u00fcr\u00fcld\u00fckten sonra \u00e7uvala koyup dereye at\u0131lan \u015fahs\u0131n \u00f6ld\u00fcr\u00fclmesi olay\u0131yla ilgili san\u0131klar\u0131n yarg\u0131lanmas\u0131na devam edildi. Duru\u015fmada san\u0131k, pi\u015fman oldu\u011funu belirterek tahliyesini istedi.<\/p>\n<p>Olay, 17 Temmuz 2023 tarihinde Kastamonu&#8217;nun merkez il\u00e7esine ba\u011fl\u0131\u00a0Ahlat\u00a0k\u00f6y\u00fcnde meydana geldi. Edinilen bilgiye g\u00f6re, evden ayr\u0131ld\u0131ktan sonra bir daha kendisinden haber al\u0131namayan 57 ya\u015f\u0131ndaki Sat\u0131 Do\u011fruo\u011flu&#8217;nun cenazesi, Kastamonu \u0130l\u00a0Jandarma\u00a0Komutanl\u0131\u011f\u0131 ekipleri taraf\u0131ndan dere yata\u011f\u0131ndaki \u00e7uval i\u00e7erisinde bulundu. \u00c7uval\u0131n izlerini takip eden ekipler, izlerin k\u00f6y\u00fcn yakla\u015f\u0131k 300 metre yak\u0131n\u0131ndaki Behice \u00c7.&#8217;ye ait evin samanl\u0131\u011f\u0131na kadar devam etti\u011fini tespit etti. Jandarma ekipleri, samanl\u0131kta yapt\u0131klar\u0131 incelemede, 57 ya\u015f\u0131ndaki Sat\u0131 Do\u011fruo\u011flu&#8217;nun balta ile \u00f6ld\u00fcr\u00fcld\u00fckten sonra cesedinin \u00e7uvala koyuldu\u011fu ve s\u00fcr\u00fcklenerek dereye at\u0131ld\u0131\u011f\u0131n\u0131 belirledi. Olay\u0131n ard\u0131ndan g\u00f6zalt\u0131na al\u0131nan samanl\u0131\u011f\u0131n sahipleri Behice \u00c7., e\u015fi Bayram \u00c7. ve o\u011flu \u00dcmit \u00c7. adli makamlarca tutukland\u0131.<\/p>\n<p>Olay\u0131n ard\u0131ndan \u015f\u00fcpheliler hakk\u0131nda &#8220;kasten \u00f6ld\u00fcrme&#8221; su\u00e7undan, Kastamonu A\u011f\u0131r Ceza Mahkemesinde a\u011f\u0131rla\u015ft\u0131r\u0131lm\u0131\u015f m\u00fcebbet hapis cezas\u0131 istemiyle a\u00e7\u0131lan dava g\u00f6r\u00fclmeye devam edildi. Duru\u015fmaya tutuklu san\u0131klar Behice \u00c7. ile yarg\u0131lama s\u00fcrecinde tahliye edilen e\u015fi Bayram \u00c7. ve o\u011flu \u00dcmit \u00c7. ile avukatlar\u0131 kat\u0131ld\u0131.<\/p>\n<\/div>\n<p>&nbsp;<\/p>\n<p><strong>KAYNAK:SONDAK\u0130KA<\/strong><\/p>\n","protected":false},"excerpt":{"rendered":"<p>Kastamonu&#8217;da balta ile \u00f6ld\u00fcr\u00fclen Sat\u0131 Do\u011fruo\u011flu&#8217;nun davas\u0131nda san\u0131k Behice \u00c7. pi\u015fmanl\u0131\u011f\u0131n\u0131 belirtti. Kastamonu&#8217;da samanl\u0131kta balta ile \u00f6ld\u00fcr\u00fcld\u00fckten sonra \u00e7uvala koyup dereye at\u0131lan \u015fahs\u0131n \u00f6ld\u00fcr\u00fclmesi olay\u0131yla ilgili san\u0131klar\u0131n yarg\u0131lanmas\u0131na devam edildi. Duru\u015fmada san\u0131k, pi\u015fman oldu\u011funu belirterek tahliyesini istedi. Olay, 17 Temmuz 2023 tarihinde Kastamonu&#8217;nun merkez il\u00e7esine ba\u011fl\u0131\u00a0Ahlat\u00a0k\u00f6y\u00fcnde meydana geldi. Edinilen bilgiye g\u00f6re, evden ayr\u0131ld\u0131ktan sonra bir [&hellip;]<\/p>\n","protected":false},"author":1,"featured_media":2661,"comment_status":"closed","ping_status":"closed","sticky":false,"template":"","format":"standard","meta":{"footnotes":""},"categories":[7,39],"tags":[60,100,47,137,349,434],"class_list":["post-2660","post","type-post","status-publish","format-standard","has-post-thumbnail","hentry","category-gundem","category-haber","tag-cinayet","tag-dava","tag-haber","tag-tahliye","tag-kastamonu","tag-taleb"],"_links":{"self":[{"href":"https:\/\/avukatimtv.com\/index.php\/wp-json\/wp\/v2\/posts\/2660","targetHints":{"allow":["GET"]}}],"collection":[{"href":"https:\/\/avukatimtv.com\/index.php\/wp-json\/wp\/v2\/posts"}],"about":[{"href":"https:\/\/avukatimtv.com\/index.php\/wp-json\/wp\/v2\/types\/post"}],"author":[{"embeddable":true,"href":"https:\/\/avukatimtv.com\/index.php\/wp-json\/wp\/v2\/users\/1"}],"replies":[{"embeddable":true,"href":"https:\/\/avukatimtv.com\/index.php\/wp-json\/wp\/v2\/comments?post=2660"}],"version-history":[{"count":1,"href":"https:\/\/avukatimtv.com\/index.php\/wp-json\/wp\/v2\/posts\/2660\/revisions"}],"predecessor-version":[{"id":2662,"href":"https:\/\/avukatimtv.com\/index.php\/wp-json\/wp\/v2\/posts\/2660\/revisions\/2662"}],"wp:featuredmedia":[{"embeddable":true,"href":"https:\/\/avukatimtv.com\/index.php\/wp-json\/wp\/v2\/media\/2661"}],"wp:attachment":[{"href":"https:\/\/avukatimtv.com\/index.php\/wp-json\/wp\/v2\/media?parent=2660"}],"wp:term":[{"taxonomy":"category","embeddable":true,"href":"https:\/\/avukatimtv.com\/index.php\/wp-json\/wp\/v2\/categories?post=2660"},{"taxonomy":"post_tag","embeddable":true,"href":"https:\/\/avukatimtv.com\/index.php\/wp-json\/wp\/v2\/tags?post=2660"}],"curies":[{"name":"wp","href":"https:\/\/api.w.org\/{rel}","templated":true}]}}