{"id":2663,"date":"2025-05-15T14:12:22","date_gmt":"2025-05-15T11:12:22","guid":{"rendered":"https:\/\/avukatimtv.com\/?p=2663"},"modified":"2025-05-15T14:12:22","modified_gmt":"2025-05-15T11:12:22","slug":"baba-tartistigi-oglunu-vurarak-oldurdu","status":"publish","type":"post","link":"https:\/\/avukatimtv.com\/index.php\/2025\/05\/15\/baba-tartistigi-oglunu-vurarak-oldurdu\/","title":{"rendered":"Baba, Tart\u0131\u015ft\u0131\u011f\u0131 O\u011flunu Vurarak \u00d6ld\u00fcrd\u00fc"},"content":{"rendered":"<h2 id=\"spot\" class=\"mt10 haber_ozet\">Kapakl\u0131&#8217;da baba N.\u015e, tart\u0131\u015ft\u0131\u011f\u0131 o\u011flu H.\u015e.&#8217;yi av t\u00fcfe\u011fiyle vurarak \u00f6ld\u00fcrd\u00fc, tutukland\u0131.<\/h2>\n<div class=\"hbptDate\">\n<p>Tekirda\u011f&#8217;\u0131n\u00a0Kapakl\u0131\u00a0il\u00e7esinde, tart\u0131\u015ft\u0131\u011f\u0131 o\u011flunu av t\u00fcfe\u011fiyle vurarak \u00f6ld\u00fcren baba tutukland\u0131.<\/p>\n<p>Atat\u00fcrk Mahallesi&#8217;nde tart\u0131\u015ft\u0131\u011f\u0131 o\u011flunu t\u00fcfekle \u00f6ld\u00fcrd\u00fc\u011f\u00fc iddias\u0131yla g\u00f6zalt\u0131na al\u0131nan N.\u015e&#8217;nin emniyetteki i\u015flemleri tamamland\u0131.<\/p>\n<p>Adliyeye sevk edilen zanl\u0131, \u00e7\u0131kar\u0131ld\u0131\u011f\u0131 hakimlik\u00e7e tutukland\u0131.<\/p>\n<\/div>\n<p>D\u00fcn Kapakl\u0131 il\u00e7esinde N.\u015e, Atat\u00fcrk Mahallesi&#8217;ndeki evlerinde o\u011flu H.\u015e. ile tart\u0131\u015fm\u0131\u015f, evden ayr\u0131lan H.\u015e&#8217;ye balkondan t\u00fcfekle ate\u015f etmi\u015fti.<\/p>\n<p>A\u011f\u0131r yaralanan H.\u015e, kald\u0131r\u0131ld\u0131\u011f\u0131\u00a0\u00c7erkezk\u00f6y\u00a0Devlet Hastanesinde hayat\u0131n\u0131 kaybetmi\u015fti.<\/p>\n<p>Baba\u00a0N.\u015e. polis ekiplerince g\u00f6zalt\u0131na al\u0131nm\u0131\u015ft\u0131.<\/p>\n<p>&nbsp;<\/p>\n<p>&nbsp;<\/p>\n<p>&nbsp;<\/p>\n<p><strong>KAYNAK:SONDAK\u0130KA<\/strong><\/p>\n<div class=\"hbptDate\">\n<div id=\"tb-inpage-general\"><\/div>\n<\/div>\n","protected":false},"excerpt":{"rendered":"<p>Kapakl\u0131&#8217;da baba N.\u015e, tart\u0131\u015ft\u0131\u011f\u0131 o\u011flu H.\u015e.&#8217;yi av t\u00fcfe\u011fiyle vurarak \u00f6ld\u00fcrd\u00fc, tutukland\u0131. Tekirda\u011f&#8217;\u0131n\u00a0Kapakl\u0131\u00a0il\u00e7esinde, tart\u0131\u015ft\u0131\u011f\u0131 o\u011flunu av t\u00fcfe\u011fiyle vurarak \u00f6ld\u00fcren baba tutukland\u0131. Atat\u00fcrk Mahallesi&#8217;nde tart\u0131\u015ft\u0131\u011f\u0131 o\u011flunu t\u00fcfekle \u00f6ld\u00fcrd\u00fc\u011f\u00fc iddias\u0131yla g\u00f6zalt\u0131na al\u0131nan N.\u015e&#8217;nin emniyetteki i\u015flemleri tamamland\u0131. Adliyeye sevk edilen zanl\u0131, \u00e7\u0131kar\u0131ld\u0131\u011f\u0131 hakimlik\u00e7e tutukland\u0131. D\u00fcn Kapakl\u0131 il\u00e7esinde N.\u015e, Atat\u00fcrk Mahallesi&#8217;ndeki evlerinde o\u011flu H.\u015e. ile tart\u0131\u015fm\u0131\u015f, evden ayr\u0131lan H.\u015e&#8217;ye balkondan [&hellip;]<\/p>\n","protected":false},"author":1,"featured_media":2664,"comment_status":"closed","ping_status":"closed","sticky":false,"template":"","format":"standard","meta":{"footnotes":""},"categories":[7,39],"tags":[267,60,175,71,334,435,436,331],"class_list":["post-2663","post","type-post","status-publish","format-standard","has-post-thumbnail","hentry","category-gundem","category-haber","tag-baba","tag-cinayet","tag-guvenlik","tag-suc","tag-guncel","tag-kapakli","tag-son","tag-yerel-haberler"],"_links":{"self":[{"href":"https:\/\/avukatimtv.com\/index.php\/wp-json\/wp\/v2\/posts\/2663","targetHints":{"allow":["GET"]}}],"collection":[{"href":"https:\/\/avukatimtv.com\/index.php\/wp-json\/wp\/v2\/posts"}],"about":[{"href":"https:\/\/avukatimtv.com\/index.php\/wp-json\/wp\/v2\/types\/post"}],"author":[{"embeddable":true,"href":"https:\/\/avukatimtv.com\/index.php\/wp-json\/wp\/v2\/users\/1"}],"replies":[{"embeddable":true,"href":"https:\/\/avukatimtv.com\/index.php\/wp-json\/wp\/v2\/comments?post=2663"}],"version-history":[{"count":1,"href":"https:\/\/avukatimtv.com\/index.php\/wp-json\/wp\/v2\/posts\/2663\/revisions"}],"predecessor-version":[{"id":2665,"href":"https:\/\/avukatimtv.com\/index.php\/wp-json\/wp\/v2\/posts\/2663\/revisions\/2665"}],"wp:featuredmedia":[{"embeddable":true,"href":"https:\/\/avukatimtv.com\/index.php\/wp-json\/wp\/v2\/media\/2664"}],"wp:attachment":[{"href":"https:\/\/avukatimtv.com\/index.php\/wp-json\/wp\/v2\/media?parent=2663"}],"wp:term":[{"taxonomy":"category","embeddable":true,"href":"https:\/\/avukatimtv.com\/index.php\/wp-json\/wp\/v2\/categories?post=2663"},{"taxonomy":"post_tag","embeddable":true,"href":"https:\/\/avukatimtv.com\/index.php\/wp-json\/wp\/v2\/tags?post=2663"}],"curies":[{"name":"wp","href":"https:\/\/api.w.org\/{rel}","templated":true}]}}