{"id":2667,"date":"2025-05-15T14:26:08","date_gmt":"2025-05-15T11:26:08","guid":{"rendered":"https:\/\/avukatimtv.com\/?p=2667"},"modified":"2025-05-15T14:26:08","modified_gmt":"2025-05-15T11:26:08","slug":"kirklarelinde-tabancayla-oldurulen-kadin-topraga-verildi","status":"publish","type":"post","link":"https:\/\/avukatimtv.com\/index.php\/2025\/05\/15\/kirklarelinde-tabancayla-oldurulen-kadin-topraga-verildi\/","title":{"rendered":"K\u0131rklareli&#8217;nde Tabancayla \u00d6ld\u00fcr\u00fclen Kad\u0131n Topra\u011fa Verildi"},"content":{"rendered":"<h2 id=\"spot\" class=\"mt10 haber_ozet\">Aysel S&#8217;nin cenazesi Sultan Reyhani Camisi&#8217;nde k\u0131l\u0131nan namaz\u0131n ard\u0131ndan defnedildi.<\/h2>\n<div class=\"hbptDate\">\n<p>K\u0131rklareli&#8217;nde tabancayla \u00f6ld\u00fcr\u00fclen kad\u0131n\u0131n cenazesi topra\u011fa verildi.<\/p>\n<p>Demircihalil k\u00f6y\u00fc yak\u0131nlar\u0131nda d\u00fcn \u00e7al\u0131l\u0131k alanda \u00f6ld\u00fcr\u00fclen Aysel S&#8217;nin (53) cenazesi, yak\u0131nlar\u0131 taraf\u0131ndan hastane morgundan al\u0131narak Sultan Reyhani Camisi&#8217;ne getirildi.<\/p>\n<p>Aysel S&#8217;nin yak\u0131nlar\u0131, cami avlusunda taziyeleri kabul etti.<\/p>\n<p>Olay<\/p>\n<p>D\u00fcn k\u00f6y yak\u0131nlar\u0131nda bir otomobilin yand\u0131\u011f\u0131n\u0131 g\u00f6ren vatanda\u015flar durumu 112 Acil \u00c7a\u011fr\u0131 Merkezi&#8217;ne bildirmi\u015f, s\u00f6nd\u00fcr\u00fclen otomobilin yak\u0131n\u0131nda iki ki\u015finin cesedi bulunmu\u015ftu.<\/p>\n<p>Jandarma\u00a0ekiplerinin incelemesinde Hac\u0131 T&#8217;nin (60), Aysel S&#8217;yi tabancayla \u00f6ld\u00fcrd\u00fckten sonra ayn\u0131 silahla intihar etti\u011fi belirlenmi\u015f, otomobilini yakan zanl\u0131n\u0131n, \u00f6nceki g\u00fcn ak\u015fam saatlerinde Karaka\u015f Mahallesi&#8217;ndeki evini de ate\u015fe verdi\u011fi \u00f6\u011frenilmi\u015fti.<\/p>\n<\/div>\n<p>&nbsp;<\/p>\n<p>&nbsp;<\/p>\n<p><strong>KAYNAK:SONDAK\u0130KA<\/strong><\/p>\n","protected":false},"excerpt":{"rendered":"<p>Aysel S&#8217;nin cenazesi Sultan Reyhani Camisi&#8217;nde k\u0131l\u0131nan namaz\u0131n ard\u0131ndan defnedildi. K\u0131rklareli&#8217;nde tabancayla \u00f6ld\u00fcr\u00fclen kad\u0131n\u0131n cenazesi topra\u011fa verildi. Demircihalil k\u00f6y\u00fc yak\u0131nlar\u0131nda d\u00fcn \u00e7al\u0131l\u0131k alanda \u00f6ld\u00fcr\u00fclen Aysel S&#8217;nin (53) cenazesi, yak\u0131nlar\u0131 taraf\u0131ndan hastane morgundan al\u0131narak Sultan Reyhani Camisi&#8217;ne getirildi. Aysel S&#8217;nin yak\u0131nlar\u0131, cami avlusunda taziyeleri kabul etti. Olay D\u00fcn k\u00f6y yak\u0131nlar\u0131nda bir otomobilin yand\u0131\u011f\u0131n\u0131 g\u00f6ren vatanda\u015flar durumu [&hellip;]<\/p>\n","protected":false},"author":1,"featured_media":2668,"comment_status":"closed","ping_status":"closed","sticky":false,"template":"","format":"standard","meta":{"footnotes":""},"categories":[7,39],"tags":[161,60,71,334,332],"class_list":["post-2667","post","type-post","status-publish","format-standard","has-post-thumbnail","hentry","category-gundem","category-haber","tag-cami","tag-cinayet","tag-suc","tag-guncel","tag-politika"],"_links":{"self":[{"href":"https:\/\/avukatimtv.com\/index.php\/wp-json\/wp\/v2\/posts\/2667","targetHints":{"allow":["GET"]}}],"collection":[{"href":"https:\/\/avukatimtv.com\/index.php\/wp-json\/wp\/v2\/posts"}],"about":[{"href":"https:\/\/avukatimtv.com\/index.php\/wp-json\/wp\/v2\/types\/post"}],"author":[{"embeddable":true,"href":"https:\/\/avukatimtv.com\/index.php\/wp-json\/wp\/v2\/users\/1"}],"replies":[{"embeddable":true,"href":"https:\/\/avukatimtv.com\/index.php\/wp-json\/wp\/v2\/comments?post=2667"}],"version-history":[{"count":1,"href":"https:\/\/avukatimtv.com\/index.php\/wp-json\/wp\/v2\/posts\/2667\/revisions"}],"predecessor-version":[{"id":2669,"href":"https:\/\/avukatimtv.com\/index.php\/wp-json\/wp\/v2\/posts\/2667\/revisions\/2669"}],"wp:featuredmedia":[{"embeddable":true,"href":"https:\/\/avukatimtv.com\/index.php\/wp-json\/wp\/v2\/media\/2668"}],"wp:attachment":[{"href":"https:\/\/avukatimtv.com\/index.php\/wp-json\/wp\/v2\/media?parent=2667"}],"wp:term":[{"taxonomy":"category","embeddable":true,"href":"https:\/\/avukatimtv.com\/index.php\/wp-json\/wp\/v2\/categories?post=2667"},{"taxonomy":"post_tag","embeddable":true,"href":"https:\/\/avukatimtv.com\/index.php\/wp-json\/wp\/v2\/tags?post=2667"}],"curies":[{"name":"wp","href":"https:\/\/api.w.org\/{rel}","templated":true}]}}