{"id":2670,"date":"2025-05-15T14:49:08","date_gmt":"2025-05-15T11:49:08","guid":{"rendered":"https:\/\/avukatimtv.com\/?p=2670"},"modified":"2025-05-15T14:49:08","modified_gmt":"2025-05-15T11:49:08","slug":"bebegiyle-hirsizlik-yapan-kadin-yakalandi","status":"publish","type":"post","link":"https:\/\/avukatimtv.com\/index.php\/2025\/05\/15\/bebegiyle-hirsizlik-yapan-kadin-yakalandi\/","title":{"rendered":"Bebe\u011fiyle H\u0131rs\u0131zl\u0131k Yapan Kad\u0131n Yakaland\u0131"},"content":{"rendered":"<h2 id=\"spot\" class=\"mt10 haber_ozet\">Samsun&#8217;da, 40 bin liral\u0131k ziynet e\u015fyas\u0131 \u00e7alan G.Y. bebe\u011fiyle birlikte adliyeye sevk edildi.<\/h2>\n<div class=\"hbptDate\">\n<p>SAMSUN&#8217;un\u00a0\u0130lkad\u0131m\u00a0il\u00e7esindeki evden 40 bin liral\u0131k ziynet e\u015fyas\u0131 \u00e7alan G.Y. (36) adl\u0131 kad\u0131n yakaland\u0131. G.Y., polisteki i\u015flemleri sonras\u0131 kuca\u011f\u0131nda bebe\u011fiyle birlikte adliyeye sevk edildi.<\/p>\n<div id=\"tb-inpage-general\">\n<p>\u0130l Emniyet M\u00fcd\u00fcrl\u00fc\u011f\u00fc\u00a0Asayi\u015f \u015eube M\u00fcd\u00fcrl\u00fc\u011f\u00fc\u00a0H\u0131rs\u0131zl\u0131k\u00a0ve Yankesicilik B\u00fcro Amirli\u011fi ekipleri,\u00a01 May\u0131s&#8217;ta \u0130lkad\u0131m il\u00e7esindeki evden 40 bin lira de\u011ferinde ziynet e\u015fyas\u0131 \u00e7al\u0131nd\u0131\u011f\u0131 ihbar\u0131yla \u00e7al\u0131\u015fma y\u00fcr\u00fctt\u00fc. Ekipler, \u00e7al\u0131\u015fmada h\u0131rs\u0131zl\u0131\u011f\u0131 G.Y. adl\u0131 kad\u0131n\u0131n yapt\u0131\u011f\u0131n\u0131 tespit etti. G.Y., \u0130lkad\u0131m il\u00e7esinde yakalan\u0131p, &#8216;Evden h\u0131rs\u0131zl\u0131k&#8217; ve &#8216;Konut dokunulmazl\u0131\u011f\u0131n\u0131 ihlal&#8217; su\u00e7lamas\u0131yla g\u00f6zalt\u0131na al\u0131nd\u0131. Emniyetteki i\u015flemleri tamamlanan \u015f\u00fcpheli, bebe\u011fiyle birlikte adliyeye sevk edildi.<\/p>\n<p>\u00d6te yandan, G.Y.&#8217;nin 11 Ekim 2024&#8217;te ya\u015fanan 5 bin liral\u0131k h\u0131rs\u0131zl\u0131k olay\u0131n\u0131n firarisi oldu\u011fu ve &#8216;Bina i\u00e7erisinde muhafaza alt\u0131na al\u0131nm\u0131\u015f e\u015fya hakk\u0131nda h\u0131rs\u0131zl\u0131k&#8217; su\u00e7undan ise ifadeye y\u00f6nelik aranmas\u0131n\u0131 bulundu\u011fu belirtildi.<\/p>\n<\/div>\n<\/div>\n<p><strong>KAYNAK:SONDAK\u0130KA<\/strong><\/p>\n","protected":false},"excerpt":{"rendered":"<p>Samsun&#8217;da, 40 bin liral\u0131k ziynet e\u015fyas\u0131 \u00e7alan G.Y. bebe\u011fiyle birlikte adliyeye sevk edildi. SAMSUN&#8217;un\u00a0\u0130lkad\u0131m\u00a0il\u00e7esindeki evden 40 bin liral\u0131k ziynet e\u015fyas\u0131 \u00e7alan G.Y. (36) adl\u0131 kad\u0131n yakaland\u0131. G.Y., polisteki i\u015flemleri sonras\u0131 kuca\u011f\u0131nda bebe\u011fiyle birlikte adliyeye sevk edildi. \u0130l Emniyet M\u00fcd\u00fcrl\u00fc\u011f\u00fc\u00a0Asayi\u015f \u015eube M\u00fcd\u00fcrl\u00fc\u011f\u00fc\u00a0H\u0131rs\u0131zl\u0131k\u00a0ve Yankesicilik B\u00fcro Amirli\u011fi ekipleri,\u00a01 May\u0131s&#8217;ta \u0130lkad\u0131m il\u00e7esindeki evden 40 bin lira de\u011ferinde ziynet e\u015fyas\u0131 [&hellip;]<\/p>\n","protected":false},"author":1,"featured_media":2671,"comment_status":"closed","ping_status":"closed","sticky":false,"template":"","format":"standard","meta":{"footnotes":""},"categories":[7,39],"tags":[204,71,334,437,366],"class_list":["post-2670","post","type-post","status-publish","format-standard","has-post-thumbnail","hentry","category-gundem","category-haber","tag-hirsizlik","tag-suc","tag-guncel","tag-ilkadim","tag-samsun"],"_links":{"self":[{"href":"https:\/\/avukatimtv.com\/index.php\/wp-json\/wp\/v2\/posts\/2670","targetHints":{"allow":["GET"]}}],"collection":[{"href":"https:\/\/avukatimtv.com\/index.php\/wp-json\/wp\/v2\/posts"}],"about":[{"href":"https:\/\/avukatimtv.com\/index.php\/wp-json\/wp\/v2\/types\/post"}],"author":[{"embeddable":true,"href":"https:\/\/avukatimtv.com\/index.php\/wp-json\/wp\/v2\/users\/1"}],"replies":[{"embeddable":true,"href":"https:\/\/avukatimtv.com\/index.php\/wp-json\/wp\/v2\/comments?post=2670"}],"version-history":[{"count":1,"href":"https:\/\/avukatimtv.com\/index.php\/wp-json\/wp\/v2\/posts\/2670\/revisions"}],"predecessor-version":[{"id":2672,"href":"https:\/\/avukatimtv.com\/index.php\/wp-json\/wp\/v2\/posts\/2670\/revisions\/2672"}],"wp:featuredmedia":[{"embeddable":true,"href":"https:\/\/avukatimtv.com\/index.php\/wp-json\/wp\/v2\/media\/2671"}],"wp:attachment":[{"href":"https:\/\/avukatimtv.com\/index.php\/wp-json\/wp\/v2\/media?parent=2670"}],"wp:term":[{"taxonomy":"category","embeddable":true,"href":"https:\/\/avukatimtv.com\/index.php\/wp-json\/wp\/v2\/categories?post=2670"},{"taxonomy":"post_tag","embeddable":true,"href":"https:\/\/avukatimtv.com\/index.php\/wp-json\/wp\/v2\/tags?post=2670"}],"curies":[{"name":"wp","href":"https:\/\/api.w.org\/{rel}","templated":true}]}}