{"id":2677,"date":"2025-05-20T19:15:20","date_gmt":"2025-05-20T16:15:20","guid":{"rendered":"https:\/\/avukatimtv.com\/?p=2677"},"modified":"2025-05-20T19:15:20","modified_gmt":"2025-05-20T16:15:20","slug":"bahar-aksu-cinayetinde-rustem-elibola-istenen-ceza-belli-oldu","status":"publish","type":"post","link":"https:\/\/avukatimtv.com\/index.php\/2025\/05\/20\/bahar-aksu-cinayetinde-rustem-elibola-istenen-ceza-belli-oldu\/","title":{"rendered":"Bahar Aksu cinayetinde R\u00fcstem Elibol&#8217;a istenen ceza belli oldu"},"content":{"rendered":"<h2 id=\"spot\" class=\"mt10 haber_ozet\">\u0130stanbul \u015ei\u015fli&#8217;de arkada\u015flar\u0131yla birlikte ka\u00e7\u0131rmaya kalkt\u0131\u011f\u0131 eski e\u015fi Bahar Aksu&#8217;yu silahla vurarak \u00f6ld\u00fcren R\u00fcstem Elibol ve ona yard\u0131m eden 3 \u015f\u00fcpheli hakk\u0131nda iddianame haz\u0131rland\u0131. \u0130ddianamede, Bahar Aksu&#8217;yu \u00f6ld\u00fcren katil zanl\u0131s\u0131 R\u00fcstem Elibol ve di\u011fer 3 \u015f\u00fcpheli hakk\u0131nda a\u011f\u0131rla\u015ft\u0131r\u0131lm\u0131\u015f m\u00fcebbet ile 14 y\u0131l hapis cezas\u0131 talep edildi.<\/h2>\n<div class=\"hbptDate\">\n<p><a class=\"keyword-sd\" title=\"\u015ei\u015fli\" href=\"https:\/\/www.sondakika.com\/sisli\/\">\u015ei\u015fli<\/a>&#8216;de 5 May\u0131s Pazartesi g\u00fcn\u00fc meydana gelen olayda, i\u015fe giderken eski e\u015fi taraf\u0131ndan ka\u00e7\u0131r\u0131lmaya \u00e7al\u0131\u015f\u0131lan Bahar Aksu, direnerek arabaya binmeyince R\u00fcstem Elibol taraf\u0131ndan silahla vurularak \u00f6ld\u00fcr\u00fcld\u00fc.<\/p>\n<h3>G\u00d6R\u00dcNT\u00dcLER \u0130NF\u0130AL YARATMI\u015eTI<\/h3>\n<p><a class=\"keyword-sd\" title=\"G\u00fcvenlik\" href=\"https:\/\/www.sondakika.com\/guvenlik\/\">G\u00fcvenlik<\/a>\u00a0kameralar\u0131 taraf\u0131ndan saniye saniye kaydedilen olay sonras\u0131nda katil zanl\u0131s\u0131 R\u00fcstem Elibol ve yan\u0131ndaki S.Y., S.S. ve A.B. isimli 3 ki\u015fi olay yerinden ka\u00e7t\u0131. Ayn\u0131 g\u00fcn polis taraf\u0131ndan yakalanan 4 \u015f\u00fcpheli, \u00e7\u0131kar\u0131ld\u0131klar\u0131 adli makamlarca tutuklanarak cezaevine g\u00f6nderildi.<\/p>\n<p><img decoding=\"async\" src=\"http:\/\/foto.sondakika.com\/haber\/2025\/05\/20\/bahar-aksu-cinayetinde-rustem-elibol-a-istenen-18653416_1006_m.jpg\" alt=\"Bahar Aksu cinayetinde R\u00fcstem Elibol'a istenen ceza belli oldu\" \/><\/p>\n<h3>\u0130DD\u0130ANEMEDE HAZIRLANDI, M\u00dcEBBET \u0130STEND\u0130<\/h3>\n<p>Olayla ilgili\u00a0<a class=\"keyword-sd\" title=\"\u0130stanbul Cumhuriyet Ba\u015fsavc\u0131l\u0131\u011f\u0131\" href=\"https:\/\/www.sondakika.com\/istanbul-cumhuriyet-bassavciligi\/\">\u0130stanbul Cumhuriyet Ba\u015fsavc\u0131l\u0131\u011f\u0131<\/a>\u00a0taraf\u0131ndan y\u00fcr\u00fct\u00fclen soru\u015fturma tamamlanarak iddianame haz\u0131rland\u0131. \u0130ddianamede san\u0131k R\u00fcstem Elibol hakk\u0131nda &#8216;Bo\u015fand\u0131\u011f\u0131 e\u015fe kar\u015f\u0131 tasarlayarak kasten \u00f6ld\u00fcrme&#8217; su\u00e7undan ve di\u011fer 3 \u015f\u00fcpheli hakk\u0131nda ise &#8216;Kad\u0131na kar\u015f\u0131 tasarlayarak kasten \u00f6ld\u00fcrme&#8217; su\u00e7undan a\u011f\u0131rla\u015ft\u0131r\u0131lm\u0131\u015f m\u00fcebbet hapis cezas\u0131 talep edildi. Ayr\u0131ca t\u00fcm \u015f\u00fcpheliler i\u00e7in &#8216;Birden fazla ki\u015fiyle birlikte silahla ki\u015fiyi h\u00fcrriyetinden yoksun k\u0131lmak&#8217; su\u00e7undan a\u011f\u0131rla\u015ft\u0131r\u0131lm\u0131\u015f m\u00fcebbet hapis cezas\u0131na ek olarak 4 y\u0131ldan 14 y\u0131la kadar hapis cezas\u0131 talep edildi.<\/p>\n<\/div>\n<p>&nbsp;<\/p>\n<p><strong>KAYNAK:SONDAK\u0130KA<\/strong><\/p>\n","protected":false},"excerpt":{"rendered":"<p>\u0130stanbul \u015ei\u015fli&#8217;de arkada\u015flar\u0131yla birlikte ka\u00e7\u0131rmaya kalkt\u0131\u011f\u0131 eski e\u015fi Bahar Aksu&#8217;yu silahla vurarak \u00f6ld\u00fcren R\u00fcstem Elibol ve ona yard\u0131m eden 3 \u015f\u00fcpheli hakk\u0131nda iddianame haz\u0131rland\u0131. \u0130ddianamede, Bahar Aksu&#8217;yu \u00f6ld\u00fcren katil zanl\u0131s\u0131 R\u00fcstem Elibol ve di\u011fer 3 \u015f\u00fcpheli hakk\u0131nda a\u011f\u0131rla\u015ft\u0131r\u0131lm\u0131\u015f m\u00fcebbet ile 14 y\u0131l hapis cezas\u0131 talep edildi. \u015ei\u015fli&#8216;de 5 May\u0131s Pazartesi g\u00fcn\u00fc meydana gelen olayda, i\u015fe [&hellip;]<\/p>\n","protected":false},"author":1,"featured_media":2678,"comment_status":"closed","ping_status":"closed","sticky":false,"template":"","format":"standard","meta":{"footnotes":""},"categories":[7,39],"tags":[60,175,148,69,211,71,334,332],"class_list":["post-2677","post","type-post","status-publish","format-standard","has-post-thumbnail","hentry","category-gundem","category-haber","tag-cinayet","tag-guvenlik","tag-hukuk","tag-istanbul","tag-sisli","tag-suc","tag-guncel","tag-politika"],"_links":{"self":[{"href":"https:\/\/avukatimtv.com\/index.php\/wp-json\/wp\/v2\/posts\/2677","targetHints":{"allow":["GET"]}}],"collection":[{"href":"https:\/\/avukatimtv.com\/index.php\/wp-json\/wp\/v2\/posts"}],"about":[{"href":"https:\/\/avukatimtv.com\/index.php\/wp-json\/wp\/v2\/types\/post"}],"author":[{"embeddable":true,"href":"https:\/\/avukatimtv.com\/index.php\/wp-json\/wp\/v2\/users\/1"}],"replies":[{"embeddable":true,"href":"https:\/\/avukatimtv.com\/index.php\/wp-json\/wp\/v2\/comments?post=2677"}],"version-history":[{"count":1,"href":"https:\/\/avukatimtv.com\/index.php\/wp-json\/wp\/v2\/posts\/2677\/revisions"}],"predecessor-version":[{"id":2679,"href":"https:\/\/avukatimtv.com\/index.php\/wp-json\/wp\/v2\/posts\/2677\/revisions\/2679"}],"wp:featuredmedia":[{"embeddable":true,"href":"https:\/\/avukatimtv.com\/index.php\/wp-json\/wp\/v2\/media\/2678"}],"wp:attachment":[{"href":"https:\/\/avukatimtv.com\/index.php\/wp-json\/wp\/v2\/media?parent=2677"}],"wp:term":[{"taxonomy":"category","embeddable":true,"href":"https:\/\/avukatimtv.com\/index.php\/wp-json\/wp\/v2\/categories?post=2677"},{"taxonomy":"post_tag","embeddable":true,"href":"https:\/\/avukatimtv.com\/index.php\/wp-json\/wp\/v2\/tags?post=2677"}],"curies":[{"name":"wp","href":"https:\/\/api.w.org\/{rel}","templated":true}]}}