{"id":2687,"date":"2025-05-20T20:08:32","date_gmt":"2025-05-20T17:08:32","guid":{"rendered":"https:\/\/avukatimtv.com\/?p=2687"},"modified":"2025-05-20T20:08:32","modified_gmt":"2025-05-20T17:08:32","slug":"uyusturucu-soran-surucu-oto-yikamada-uyandi","status":"publish","type":"post","link":"https:\/\/avukatimtv.com\/index.php\/2025\/05\/20\/uyusturucu-soran-surucu-oto-yikamada-uyandi\/","title":{"rendered":"Uyu\u015fturucu Soran S\u00fcr\u00fcc\u00fc Oto Y\u0131kamada Uyand\u0131"},"content":{"rendered":"<h2 id=\"spot\" class=\"mt10 haber_ozet\">Ayd\u0131n&#8217;da oto y\u0131kama b\u00f6l\u00fcm\u00fcnde uykuya dalan s\u00fcr\u00fcc\u00fc An\u0131l Y. uyu\u015fturucu ile g\u00f6zalt\u0131na al\u0131nd\u0131.<\/h2>\n<div class=\"hbptDate\">\n<p>YDIN&#8217;\u0131n\u00a0Efeler\u00a0il\u00e7esinde, akaryak\u0131t istasyonunun oto y\u0131kama b\u00f6l\u00fcm\u00fcne park etti\u011fi otomobilde polislerin uzun u\u011fra\u015flar\u0131yla uyand\u0131r\u0131lan s\u00fcr\u00fcc\u00fc An\u0131l Y.&#8217;nin (25) \u00fczerinde uyu\u015fturucu ele ge\u00e7irildi. An\u0131l Y., g\u00f6zalt\u0131na al\u0131nd\u0131.<\/p>\n<p>Olay,\u00a0Denizli\u00a0Bulvar\u0131&#8217;ndaki akaryak\u0131t istasyonunda meydana geldi. Saat 03.00 s\u0131ralar\u0131nda 09 ANA 282 plakal\u0131 otomobiliyle gelen An\u0131l Y., arac\u0131n\u0131 oto y\u0131kama b\u00f6l\u00fcm\u00fcne park etti. \u0130stasyon \u00e7al\u0131\u015fanlar\u0131, uzun s\u00fcre hareket etmeyince \u015f\u00fcphelenip, otomobile yakla\u015ft\u0131. \u0130\u00e7inde birinin uyudu\u011funu g\u00f6ren \u00e7al\u0131\u015fanlar\u0131n durumu 112 Acil \u00c7a\u011fr\u0131 Merkezi&#8217;ne bildirmesi \u00fczerine, b\u00f6lgeye polis ekipleri sevk edildi. Ekipler, s\u00fcr\u00fcc\u00fcy\u00fc uzun u\u011fra\u015flarla uyand\u0131rd\u0131. An\u0131l Y.&#8217;nin \u00fcst aramas\u0131nda bir miktar uyu\u015fturucu ile uyu\u015fturucu i\u00e7me aparat\u0131 ele ge\u00e7irildi. An\u0131l Y. g\u00f6zalt\u0131na al\u0131n\u0131rken, otomobil ise inceleme i\u00e7in otoparka \u00e7ekildi.<\/p>\n<p>Olayla ilgili soru\u015fturma ba\u015flat\u0131ld\u0131.<\/p>\n<\/div>\n<p>&nbsp;<\/p>\n<p>&nbsp;<\/p>\n<p><strong>KAYNAK:SONDAK\u0130KA<\/strong><\/p>\n","protected":false},"excerpt":{"rendered":"<p>Ayd\u0131n&#8217;da oto y\u0131kama b\u00f6l\u00fcm\u00fcnde uykuya dalan s\u00fcr\u00fcc\u00fc An\u0131l Y. uyu\u015fturucu ile g\u00f6zalt\u0131na al\u0131nd\u0131. YDIN&#8217;\u0131n\u00a0Efeler\u00a0il\u00e7esinde, akaryak\u0131t istasyonunun oto y\u0131kama b\u00f6l\u00fcm\u00fcne park etti\u011fi otomobilde polislerin uzun u\u011fra\u015flar\u0131yla uyand\u0131r\u0131lan s\u00fcr\u00fcc\u00fc An\u0131l Y.&#8217;nin (25) \u00fczerinde uyu\u015fturucu ele ge\u00e7irildi. An\u0131l Y., g\u00f6zalt\u0131na al\u0131nd\u0131. Olay,\u00a0Denizli\u00a0Bulvar\u0131&#8217;ndaki akaryak\u0131t istasyonunda meydana geldi. Saat 03.00 s\u0131ralar\u0131nda 09 ANA 282 plakal\u0131 otomobiliyle gelen An\u0131l Y., arac\u0131n\u0131 [&hellip;]<\/p>\n","protected":false},"author":1,"featured_media":2688,"comment_status":"closed","ping_status":"closed","sticky":false,"template":"","format":"standard","meta":{"footnotes":""},"categories":[7,39],"tags":[321,322,175,148,49,45,334,332,331],"class_list":["post-2687","post","type-post","status-publish","format-standard","has-post-thumbnail","hentry","category-gundem","category-haber","tag-aydin","tag-efeler","tag-guvenlik","tag-hukuk","tag-polis","tag-uyusturucu","tag-guncel","tag-politika","tag-yerel-haberler"],"_links":{"self":[{"href":"https:\/\/avukatimtv.com\/index.php\/wp-json\/wp\/v2\/posts\/2687","targetHints":{"allow":["GET"]}}],"collection":[{"href":"https:\/\/avukatimtv.com\/index.php\/wp-json\/wp\/v2\/posts"}],"about":[{"href":"https:\/\/avukatimtv.com\/index.php\/wp-json\/wp\/v2\/types\/post"}],"author":[{"embeddable":true,"href":"https:\/\/avukatimtv.com\/index.php\/wp-json\/wp\/v2\/users\/1"}],"replies":[{"embeddable":true,"href":"https:\/\/avukatimtv.com\/index.php\/wp-json\/wp\/v2\/comments?post=2687"}],"version-history":[{"count":1,"href":"https:\/\/avukatimtv.com\/index.php\/wp-json\/wp\/v2\/posts\/2687\/revisions"}],"predecessor-version":[{"id":2689,"href":"https:\/\/avukatimtv.com\/index.php\/wp-json\/wp\/v2\/posts\/2687\/revisions\/2689"}],"wp:featuredmedia":[{"embeddable":true,"href":"https:\/\/avukatimtv.com\/index.php\/wp-json\/wp\/v2\/media\/2688"}],"wp:attachment":[{"href":"https:\/\/avukatimtv.com\/index.php\/wp-json\/wp\/v2\/media?parent=2687"}],"wp:term":[{"taxonomy":"category","embeddable":true,"href":"https:\/\/avukatimtv.com\/index.php\/wp-json\/wp\/v2\/categories?post=2687"},{"taxonomy":"post_tag","embeddable":true,"href":"https:\/\/avukatimtv.com\/index.php\/wp-json\/wp\/v2\/tags?post=2687"}],"curies":[{"name":"wp","href":"https:\/\/api.w.org\/{rel}","templated":true}]}}