{"id":2696,"date":"2025-05-26T19:18:27","date_gmt":"2025-05-26T16:18:27","guid":{"rendered":"https:\/\/avukatimtv.com\/?p=2696"},"modified":"2025-05-26T19:18:27","modified_gmt":"2025-05-26T16:18:27","slug":"baba-oglunu-25-bicak-darbesiyle-oldurdu-2","status":"publish","type":"post","link":"https:\/\/avukatimtv.com\/index.php\/2025\/05\/26\/baba-oglunu-25-bicak-darbesiyle-oldurdu-2\/","title":{"rendered":"Baba, O\u011flunu 25 B\u0131\u00e7ak Darbesiyle \u00d6ld\u00fcrd\u00fc"},"content":{"rendered":"<div id=\"icerikAlani\" class=\"detay\" data-tuhps=\"18671650\">\n<h2 id=\"spot\" class=\"mt10 haber_ozet\">Antalya&#8217;da baba, evlad\u0131na 25 b\u0131\u00e7ak darbesiyle son vererek tutukland\u0131.<\/h2>\n<\/div>\n<div class=\"news-detail-container\">\n<div class=\"left-block\">\n<div class=\"wrapper detay-v3_3 haber_metni\">\n<p>Antalya&#8217;da konu\u015fmak i\u00e7in \u00e7a\u011f\u0131rd\u0131\u011f\u0131 o\u011flu ile aras\u0131nda \u00e7\u0131kan tart\u0131\u015fmada \u00f6z evlad\u0131n\u0131 25 b\u0131\u00e7ak darbesi ile \u00f6ld\u00fcren baba \u00e7\u0131kar\u0131ld\u0131\u011f\u0131 mahkemece &#8220;Altsoyu kasten \u00f6ld\u00fcrme&#8221; su\u00e7undan tutuklanarak cezaevine g\u00f6nderildi.<\/p>\n<p>Antalya&#8217;n\u0131n\u00a0Muratpa\u015fa\u00a0il\u00e7esi K\u0131z\u0131ltoprak Mahallesi 965 Sokak \u00fczerinde d\u00fcn gece 23.00 s\u0131ralar\u0131nda meydana gelen olayda, kom\u015fular\u0131n\u0131n \u015fikayeti \u00fczerine o\u011flu Bar\u0131\u015f Tolaman (25) ile evlerinin yak\u0131n\u0131ndaki bo\u015f arazide bulu\u015fan baba Ali Tolaman (60) aras\u0131nda tart\u0131\u015fma \u00e7\u0131kt\u0131. K\u0131sa s\u00fcrede b\u00fcy\u00fcyen tart\u0131\u015fma kavgaya d\u00f6n\u00fc\u015f\u00fcrken Ali Tolaman \u00f6z o\u011flu Bar\u0131\u015f Tolaman&#8217;\u0131 25 b\u0131\u00e7ak darbesi ile b\u0131\u00e7aklad\u0131.\u00a0Kavga\u00a0sesleri \u00fczerine olay yerine gelen \u00e7evredeki vatanda\u015flar yerde kanlar i\u00e7erisinde buldu\u011fu 25 ya\u015f\u0131ndaki gen\u00e7 i\u00e7in 112 Acil \u00c7a\u011fr\u0131 Merkezi&#8217;ni arayarak yard\u0131m istedi. \u0130hbarla olay yerine sa\u011fl\u0131k ve polis ekipleri sevk edilirken yap\u0131lan kontrollerde Bar\u0131\u015f Tolaman&#8217;\u0131n hayat\u0131n\u0131 kaybetti\u011fi belirlendi.<\/p>\n<p>Baba\u00a0tutuklanarak cezaevine g\u00f6nderildi<\/p>\n<p>Savc\u0131l\u0131k,\u00a0Cinayet\u00a0B\u00fcro ve Olay Yeri \u0130nceleme ekibinin \u00e7al\u0131\u015fmas\u0131n\u0131n ard\u0131ndan talihsiz gencin cans\u0131z bedeni\u00a0Antalya Adli T\u0131p Kurumu\u00a0morguna kald\u0131r\u0131l\u0131rken, baba Ali Tolaman ise k\u0131sa s\u00fcrede yakalanarak emniyete g\u00f6t\u00fcr\u00fcld\u00fc.\u00a0Antalya Emniyet M\u00fcd\u00fcrl\u00fc\u011f\u00fc\u00a0Asayi\u015f \u015eube M\u00fcd\u00fcrl\u00fc\u011f\u00fc\u00a0Cinayet B\u00fcro Amirli\u011fi&#8217;nde ki i\u015flemlerinin ard\u0131ndan adliyeye sevk edilen Ali Tolaman sa\u011fl\u0131k kontrol\u00fcnden ge\u00e7irilirken gazetecilerin &#8220;O\u011flunu neden \u00f6ld\u00fcrd\u00fcn&#8221; sorusuna &#8220;Pi\u015fman\u0131m, tart\u0131\u015ft\u0131k. Alkol i\u00e7ip i\u00e7ip etrafa sald\u0131r\u0131yordu&#8221; \u015feklinde cevap verdi. Savc\u0131l\u0131k ifadesinin al\u0131nmas\u0131n\u0131n ard\u0131ndan Ali Tolaman \u00e7\u0131kar\u0131ld\u0131\u011f\u0131 mahkemece &#8220;Altsoyu kasten \u00f6ld\u00fcrme&#8221; su\u00e7lamas\u0131yla tutuklanarak cezaevine g\u00f6nderildi. &#8211; ANTALYA<\/p>\n<\/div>\n<\/div>\n<p><strong>KAYNAK:SONDAK\u0130KA<\/strong><\/p>\n<\/div>\n","protected":false},"excerpt":{"rendered":"<p>Antalya&#8217;da baba, evlad\u0131na 25 b\u0131\u00e7ak darbesiyle son vererek tutukland\u0131. Antalya&#8217;da konu\u015fmak i\u00e7in \u00e7a\u011f\u0131rd\u0131\u011f\u0131 o\u011flu ile aras\u0131nda \u00e7\u0131kan tart\u0131\u015fmada \u00f6z evlad\u0131n\u0131 25 b\u0131\u00e7ak darbesi ile \u00f6ld\u00fcren baba \u00e7\u0131kar\u0131ld\u0131\u011f\u0131 mahkemece &#8220;Altsoyu kasten \u00f6ld\u00fcrme&#8221; su\u00e7undan tutuklanarak cezaevine g\u00f6nderildi. Antalya&#8217;n\u0131n\u00a0Muratpa\u015fa\u00a0il\u00e7esi K\u0131z\u0131ltoprak Mahallesi 965 Sokak \u00fczerinde d\u00fcn gece 23.00 s\u0131ralar\u0131nda meydana gelen olayda, kom\u015fular\u0131n\u0131n \u015fikayeti \u00fczerine o\u011flu Bar\u0131\u015f Tolaman (25) [&hellip;]<\/p>\n","protected":false},"author":1,"featured_media":2697,"comment_status":"closed","ping_status":"closed","sticky":false,"template":"","format":"standard","meta":{"footnotes":""},"categories":[7,39],"tags":[104,267,60,148,442,332,350,331],"class_list":["post-2696","post","type-post","status-publish","format-standard","has-post-thumbnail","hentry","category-gundem","category-haber","tag-antalya","tag-baba","tag-cinayet","tag-hukuk","tag-muratpasa","tag-politika","tag-son-dakika","tag-yerel-haberler"],"_links":{"self":[{"href":"https:\/\/avukatimtv.com\/index.php\/wp-json\/wp\/v2\/posts\/2696","targetHints":{"allow":["GET"]}}],"collection":[{"href":"https:\/\/avukatimtv.com\/index.php\/wp-json\/wp\/v2\/posts"}],"about":[{"href":"https:\/\/avukatimtv.com\/index.php\/wp-json\/wp\/v2\/types\/post"}],"author":[{"embeddable":true,"href":"https:\/\/avukatimtv.com\/index.php\/wp-json\/wp\/v2\/users\/1"}],"replies":[{"embeddable":true,"href":"https:\/\/avukatimtv.com\/index.php\/wp-json\/wp\/v2\/comments?post=2696"}],"version-history":[{"count":1,"href":"https:\/\/avukatimtv.com\/index.php\/wp-json\/wp\/v2\/posts\/2696\/revisions"}],"predecessor-version":[{"id":2698,"href":"https:\/\/avukatimtv.com\/index.php\/wp-json\/wp\/v2\/posts\/2696\/revisions\/2698"}],"wp:featuredmedia":[{"embeddable":true,"href":"https:\/\/avukatimtv.com\/index.php\/wp-json\/wp\/v2\/media\/2697"}],"wp:attachment":[{"href":"https:\/\/avukatimtv.com\/index.php\/wp-json\/wp\/v2\/media?parent=2696"}],"wp:term":[{"taxonomy":"category","embeddable":true,"href":"https:\/\/avukatimtv.com\/index.php\/wp-json\/wp\/v2\/categories?post=2696"},{"taxonomy":"post_tag","embeddable":true,"href":"https:\/\/avukatimtv.com\/index.php\/wp-json\/wp\/v2\/tags?post=2696"}],"curies":[{"name":"wp","href":"https:\/\/api.w.org\/{rel}","templated":true}]}}