{"id":2703,"date":"2025-05-26T19:43:11","date_gmt":"2025-05-26T16:43:11","guid":{"rendered":"https:\/\/avukatimtv.com\/?p=2703"},"modified":"2025-05-26T19:43:11","modified_gmt":"2025-05-26T16:43:11","slug":"sevcan-hemsirenin-olduruldugu-olayin-detaylari-her-sey-25-saniyede-olmus","status":"publish","type":"post","link":"https:\/\/avukatimtv.com\/index.php\/2025\/05\/26\/sevcan-hemsirenin-olduruldugu-olayin-detaylari-her-sey-25-saniyede-olmus\/","title":{"rendered":"Sevcan hem\u015firenin \u00f6ld\u00fcr\u00fcld\u00fc\u011f\u00fc olay\u0131n detaylar\u0131! Her \u015fey 25 saniyede olmu\u015f"},"content":{"rendered":"<div id=\"icerikAlani\" class=\"detay\" data-tuhps=\"18670730\">\n<h2 id=\"spot\" class=\"mt10 haber_ozet\">Antalya&#8217;da kendisi gibi hem\u015fire olan e\u015fi Sevcan Demir Sakman&#8217;\u0131 b\u0131\u00e7ak ve sat\u0131rla \u00f6ld\u00fcren Halit Can Sakman&#8217;\u0131n, a\u011f\u0131rla\u015ft\u0131r\u0131lm\u0131\u015f \u00f6m\u00fcr boyu hapsi istendi. \u0130ddianamede; olay\u0131n 25 saniye i\u00e7inde ya\u015fand\u0131\u011f\u0131, san\u0131\u011f\u0131n &#8216;Arkadan sald\u0131rd\u0131&#8217; ifadesinin su\u00e7tan kurtulmaya y\u00f6nelik oldu\u011fu kaydedildi.<\/h2>\n<\/div>\n<div class=\"news-detail-container\">\n<div class=\"left-block\">\n<div class=\"wrapper detay-v3_3 haber_metni\">\n<p>\u00d6zel hastanede hem\u015fire olarak \u00e7al\u0131\u015fan 2 ayl\u0131k evli Halit Can ve Sevcan Demir Sakman \u00e7ifti, 9 Mart g\u00fcn\u00fc \u00f6\u011fle saatlerinde maddi sorunlar nedeniyle tart\u0131\u015ft\u0131. Halit Can Sakman&#8217;\u0131n ak\u015fam eve gelmesiyle tart\u0131\u015fma yeniden alevlendi. Sakman, kendisine b\u0131\u00e7akla sald\u0131rd\u0131\u011f\u0131n\u0131 \u00f6ne s\u00fcrd\u00fc\u011f\u00fc e\u015fi Sevcan&#8217;a sat\u0131rla vurdu. Kom\u015fular\u0131n ihbar\u0131 \u00fczerine olay yerine gelen polis, Sevcan Demir Sakman&#8217;\u0131 karn\u0131nda ve bo\u011faz\u0131nda kesilerle yerde hareketsiz buldu. Gen\u00e7 kad\u0131n\u0131n hayat\u0131n\u0131 kaybetti\u011fi belirlendi. Halit Can Sakman&#8217;\u0131n e\u015fini \u00f6ld\u00fcrd\u00fc\u011f\u00fc ve sat\u0131r\u0131 bo\u011faz\u0131n\u0131n \u00fczerine b\u0131rakt\u0131\u011f\u0131 tespit edildi.<\/p>\n<h3>&#8216;E\u015e\u0130N\u0130 KASTEN \u00d6LD\u00dcRME&#8217; SU\u00c7UNDAN TUTUKLANDI<\/h3>\n<p>Boynunda ve elinde kesikler bulunan Sakman hastaneye kald\u0131r\u0131ld\u0131. Evde yap\u0131lan incelemede biri sap\u0131 k\u0131r\u0131k, 2 b\u0131\u00e7ak bulundu. Adliyeye sevk edilen Sakman, &#8216;E\u015fi kasten \u00f6ld\u00fcrme&#8217; su\u00e7undan tutukland\u0131. Ayr\u0131ca, kendisine bir s\u00fcre \u00f6nce ki\u015filik bozuklu\u011fu te\u015fhisi konuldu\u011fu, psikolojik tedavi g\u00f6rd\u00fc\u011f\u00fc ve ila\u00e7 kulland\u0131\u011f\u0131 \u00f6\u011frenildi. Sevcan Demir Sakman, memleketi\u00a0Hatay&#8217;da topra\u011fa verildi.<\/p>\n<p><img decoding=\"async\" src=\"https:\/\/foto.sondakika.com\/haber\/2025\/05\/26\/antalya-da-hemsire-esini-bicakla-olduren-koca-18670690_3180_m.jpg\" alt=\"Antalya'da Hem\u015fire E\u015fini B\u0131\u00e7akla \u00d6ld\u00fcren Koca Hakk\u0131nda A\u011f\u0131rla\u015ft\u0131r\u0131lm\u0131\u015f Hapis \u0130stendi\" \/><\/p>\n<\/div>\n<h3>\u0130DD\u0130ANAME HAZIRLANDI<\/h3>\n<p>Antalya\u00a0Cumhuriyet Ba\u015fsavc\u0131l\u0131\u011f\u0131\u00a0taraf\u0131ndan y\u00fcr\u00fct\u00fclen soru\u015fturma tamamlanarak iddianame haz\u0131rland\u0131. \u0130ddianamede, e\u015fi Sevcan Demir Sakman&#8217;\u0131 b\u0131\u00e7ak ve sat\u0131rla \u00f6ld\u00fcren tutuklu san\u0131k Halit Can Sakman hakk\u0131nda, &#8216;canavarca hisle e\u015fe kar\u015f\u0131 kasten \u00f6ld\u00fcrme&#8217; su\u00e7undan a\u011f\u0131rla\u015ft\u0131r\u0131lm\u0131\u015f \u00f6m\u00fcr boyu hapis cezas\u0131 istendi. Maktul\u00fcn v\u00fccudundan 11 kesi ve sol kolunda k\u0131r\u0131k tespit edildi\u011fi kaydedilen iddianamedeki ifadesinde Sakman, olay g\u00fcn\u00fc e\u015fiyle maddi s\u0131k\u0131nt\u0131lar nedeniyle tart\u0131\u015ft\u0131klar\u0131n\u0131 belirterek, &#8220;E\u015fimle olay g\u00fcn\u00fc d\u0131\u015far\u0131 \u00e7\u0131k\u0131p eve geldik, o uyumu\u015ftu. Uyand\u0131\u011f\u0131nda alkol ald\u0131\u011f\u0131m\u0131 fark etti. Alkolden \u00f6nce 4 adet antidepresan ila\u00e7 da ald\u0131m. Alkol\u00fc nas\u0131l ald\u0131\u011f\u0131m\u0131 sorunca onun kredi kart\u0131 ile ald\u0131\u011f\u0131m\u0131 s\u00f6yledim. Bir kez daha tart\u0131\u015fmaya ba\u015flad\u0131k. &#8216;Benim param\u0131 da m\u0131 bitireceksin, kendi paran\u0131 zaten bitirdin&#8217; \u015feklinde s\u00f6zler sarf etti. A\u011flamaya ba\u015flad\u0131m. &#8216;Sen nas\u0131l erkeksin a\u011flay\u0131p durma, sende a\u015fa\u011f\u0131l\u0131k kompleksi var. Sen benim eski erkek arkada\u015f\u0131m\u0131 senden daha yak\u0131\u015f\u0131kl\u0131 oldu\u011fu i\u00e7in k\u0131skand\u0131n. Komplekse girmi\u015ftin, sende a\u015fa\u011f\u0131l\u0131k kompleksi var&#8217; \u015feklinde konu\u015funca eski erkek arkada\u015f\u0131na hakaret ettim&#8221; dedi.<\/p>\n<h3>&#8220;YERE D\u00dc\u015e\u00dcNCE BO\u011eAZINI SIKARAK BO\u011eDUM&#8221;<\/h3>\n<p>Konu\u015fmalar s\u0131ras\u0131nda g\u00f6zya\u015flar\u0131na hakim olamad\u0131\u011f\u0131n\u0131 belirten Halit Can Sakman ifadesinde, &#8220;Birden e\u015fim bo\u011faz\u0131ma do\u011fru b\u0131\u00e7ak savurdu. Aya\u011fa kalkt\u0131m. B\u0131\u00e7a\u011f\u0131 yere atarak kap\u0131ya do\u011fru ka\u00e7maya \u00e7al\u0131\u015ft\u0131. Tezgah \u00fczerinden ba\u015fka b\u0131\u00e7ak alarak, 1 kez Sevcan&#8217;\u0131 s\u0131rt\u0131ndan b\u0131\u00e7aklad\u0131m. Sevcan yere d\u00fc\u015f\u00fcnce ellerimle bo\u011faz\u0131n\u0131 s\u0131karak bo\u011fdum. Mutfak tezgah\u0131na d\u00f6nerek kesici ba\u015fka bir alet, b\u0131\u00e7ak m\u0131, sat\u0131r m\u0131 hat\u0131rlam\u0131yorum, alarak bo\u011faz\u0131n\u0131 kestim. Sonras\u0131n\u0131 hat\u0131rlam\u0131yorum. G\u00f6z\u00fcm\u00fc hastanede a\u00e7t\u0131m&#8221; ifadelerini kulland\u0131.<\/p>\n<h3>OLAY G\u00dcN\u00dc 3 K\u0130\u015e\u0130Y\u0130 G\u00d6R\u00dcNT\u00dcL\u00dc ARAMI\u015e<\/h3>\n<p>San\u0131\u011f\u0131n cinayetin ard\u0131ndan g\u00f6r\u00fcnt\u00fcl\u00fc arad\u0131\u011f\u0131 arkada\u015f\u0131 ise H.E. ifadesinde, olay g\u00fcn\u00fc konu\u015ftuklar\u0131n\u0131 ve maktul\u00fc kanlar i\u00e7inde g\u00f6rd\u00fc\u011f\u00fcn\u00fc belirterek, &#8220;Tekrar \u015f\u00fcpheliyi arad\u0131\u011f\u0131mda ula\u015famad\u0131m. Ard\u0131ndan polisleri arad\u0131m. Bir m\u00fcddet sonra san\u0131k tekrar arayarak &#8216;Sevcan uyanm\u0131yor&#8217; dedi. Olay yerine geldi\u011fimde polis ekipleri ve ambulans\u0131 g\u00f6rd\u00fcm&#8221; dedi.<\/p>\n<p>San\u0131\u011f\u0131n \u00e7al\u0131\u015ft\u0131\u011f\u0131 hastanede sorumlusu oldu\u011funu belirten A.D. ise olay g\u00fcn\u00fc kendisini g\u00f6r\u00fcnt\u00fcl\u00fc arad\u0131\u011f\u0131n\u0131 kaydederek, &#8216;Abla acil a\u00e7ar m\u0131s\u0131n&#8217; \u015feklinde mesaj att\u0131\u011f\u0131n\u0131 belirtti. Tekrar g\u00f6r\u00fcnt\u00fcl\u00fc arad\u0131\u011f\u0131nda telefonu a\u00e7t\u0131\u011f\u0131n\u0131 ve &#8220;Abla Sevcan nefes alm\u0131yor&#8221; dedi\u011fini, maktul\u00fcn yerde hareketsiz kanlar i\u00e7inde yatt\u0131\u011f\u0131n\u0131 g\u00f6rd\u00fc\u011f\u00fcn\u00fc s\u00f6yledi.<\/p>\n<p>San\u0131\u011f\u0131n babas\u0131 U\u011fur Sakman da olay g\u00fcn\u00fc g\u00f6r\u00fcnt\u00fcl\u00fc konu\u015ftuklar\u0131n\u0131, arad\u0131\u011f\u0131nda o\u011flunun \u00fczerinde kan lekeleri oldu\u011funu ve garip konu\u015ftu\u011funu kaydetti.<\/p>\n<h3>&#8220;C\u0130NAYET\u0130 25 SAN\u0130YEDE \u0130\u015eLEM\u0130\u015e&#8221;<\/h3>\n<p>\u0130ddianamede; apartman\u0131n g\u00fcvenlik kamera kay\u0131tlar\u0131n\u0131n incelendi\u011fi, kay\u0131tlarda maktul\u00fcn saat 20.49&#8217;da binadan \u00e7\u0131kt\u0131\u011f\u0131, san\u0131\u011f\u0131n saat 21.51&#8217;de maktul\u00fc ikamete geri getirdi\u011fi, 25 saniye sonra daire kap\u0131s\u0131n\u0131n tekrar a\u00e7\u0131ld\u0131\u011f\u0131 ve maktule ait oldu\u011fu d\u00fc\u015f\u00fcn\u00fclen bir aya\u011f\u0131n \u00e7\u0131rp\u0131nd\u0131\u011f\u0131 g\u00f6r\u00fcld\u00fc\u011f\u00fc kaydedildi. \u0130ddianamede, olay\u0131n 25 saniye i\u00e7inde ya\u015fand\u0131\u011f\u0131, san\u0131\u011f\u0131n &#8216;Arkadan sald\u0131rd\u0131&#8217; ifadesinin su\u00e7tan kurtulmaya y\u00f6nelik oldu\u011fu belirtildi.<\/p>\n<p>\u0130ddianamede, maktulde 11 kesi tespit edildi\u011fi, san\u0131\u011f\u0131n e\u015finin bo\u011faz\u0131n\u0131 s\u0131karak \u00f6ld\u00fcrmeye \u00e7al\u0131\u015ft\u0131\u011f\u0131, hareketsiz kalan maktul\u00fcn boynunu kesmesi nedeniyle canavarca hisle hareket etti\u011fi kanaatine var\u0131ld\u0131\u011f\u0131 kaydedildi. San\u0131k Halit Can Sakman&#8217;\u0131n Antalya 6. A\u011f\u0131r Ceza Mahkemesindeki yarg\u0131lamas\u0131na \u00f6n\u00fcm\u00fczdeki g\u00fcnlerde ba\u015flanacak.<\/p>\n<\/div>\n<\/div>\n<p>&nbsp;<\/p>\n<p><strong>KAYNAK:SONDAK\u0130KA<\/strong><\/p>\n<div class=\"news-detail-container\">\n<div class=\"left-block\">\n<p>&nbsp;<\/p>\n<\/div>\n<\/div>\n","protected":false},"excerpt":{"rendered":"<p>Antalya&#8217;da kendisi gibi hem\u015fire olan e\u015fi Sevcan Demir Sakman&#8217;\u0131 b\u0131\u00e7ak ve sat\u0131rla \u00f6ld\u00fcren Halit Can Sakman&#8217;\u0131n, a\u011f\u0131rla\u015ft\u0131r\u0131lm\u0131\u015f \u00f6m\u00fcr boyu hapsi istendi. \u0130ddianamede; olay\u0131n 25 saniye i\u00e7inde ya\u015fand\u0131\u011f\u0131, san\u0131\u011f\u0131n &#8216;Arkadan sald\u0131rd\u0131&#8217; ifadesinin su\u00e7tan kurtulmaya y\u00f6nelik oldu\u011fu kaydedildi. \u00d6zel hastanede hem\u015fire olarak \u00e7al\u0131\u015fan 2 ayl\u0131k evli Halit Can ve Sevcan Demir Sakman \u00e7ifti, 9 Mart g\u00fcn\u00fc \u00f6\u011fle [&hellip;]<\/p>\n","protected":false},"author":1,"featured_media":2704,"comment_status":"closed","ping_status":"closed","sticky":false,"template":"","format":"standard","meta":{"footnotes":""},"categories":[7,39],"tags":[104,60,148,71,334,332],"class_list":["post-2703","post","type-post","status-publish","format-standard","has-post-thumbnail","hentry","category-gundem","category-haber","tag-antalya","tag-cinayet","tag-hukuk","tag-suc","tag-guncel","tag-politika"],"_links":{"self":[{"href":"https:\/\/avukatimtv.com\/index.php\/wp-json\/wp\/v2\/posts\/2703","targetHints":{"allow":["GET"]}}],"collection":[{"href":"https:\/\/avukatimtv.com\/index.php\/wp-json\/wp\/v2\/posts"}],"about":[{"href":"https:\/\/avukatimtv.com\/index.php\/wp-json\/wp\/v2\/types\/post"}],"author":[{"embeddable":true,"href":"https:\/\/avukatimtv.com\/index.php\/wp-json\/wp\/v2\/users\/1"}],"replies":[{"embeddable":true,"href":"https:\/\/avukatimtv.com\/index.php\/wp-json\/wp\/v2\/comments?post=2703"}],"version-history":[{"count":1,"href":"https:\/\/avukatimtv.com\/index.php\/wp-json\/wp\/v2\/posts\/2703\/revisions"}],"predecessor-version":[{"id":2705,"href":"https:\/\/avukatimtv.com\/index.php\/wp-json\/wp\/v2\/posts\/2703\/revisions\/2705"}],"wp:featuredmedia":[{"embeddable":true,"href":"https:\/\/avukatimtv.com\/index.php\/wp-json\/wp\/v2\/media\/2704"}],"wp:attachment":[{"href":"https:\/\/avukatimtv.com\/index.php\/wp-json\/wp\/v2\/media?parent=2703"}],"wp:term":[{"taxonomy":"category","embeddable":true,"href":"https:\/\/avukatimtv.com\/index.php\/wp-json\/wp\/v2\/categories?post=2703"},{"taxonomy":"post_tag","embeddable":true,"href":"https:\/\/avukatimtv.com\/index.php\/wp-json\/wp\/v2\/tags?post=2703"}],"curies":[{"name":"wp","href":"https:\/\/api.w.org\/{rel}","templated":true}]}}