{"id":2707,"date":"2025-05-31T20:27:08","date_gmt":"2025-05-31T17:27:08","guid":{"rendered":"https:\/\/avukatimtv.com\/?p=2707"},"modified":"2025-05-31T20:27:08","modified_gmt":"2025-05-31T17:27:08","slug":"esini-basindan-vurularak-oldurulmus-halde-buldu-2-cocuguyla-birlikte-gozaltina-alindi","status":"publish","type":"post","link":"https:\/\/avukatimtv.com\/index.php\/2025\/05\/31\/esini-basindan-vurularak-oldurulmus-halde-buldu-2-cocuguyla-birlikte-gozaltina-alindi\/","title":{"rendered":"E\u015fini ba\u015f\u0131ndan vurularak \u00f6ld\u00fcr\u00fclm\u00fc\u015f halde buldu, 2 \u00e7ocu\u011fuyla birlikte g\u00f6zalt\u0131na al\u0131nd\u0131"},"content":{"rendered":"<div id=\"icerikAlani\" class=\"detay\" data-tuhps=\"18692779\">\n<h2 id=\"spot\" class=\"mt10 haber_ozet\">Adana&#8217;n\u0131n Ceyhan il\u00e7esinde bir ki\u015fi, uyudu\u011fu odada tabancayla ba\u015f\u0131ndan vurularak \u00f6ld\u00fcr\u00fclm\u00fc\u015f halde bulundu. 50 ya\u015f\u0131ndaki adam\u0131n cans\u0131z bedenini bulan e\u015fi ve 2 o\u011flu g\u00f6zalt\u0131na al\u0131n\u0131rken, olayda kullan\u0131lan tabanca ise odada bulunamad\u0131.<\/h2>\n<\/div>\n<div class=\"news-detail-container\">\n<div class=\"left-block\">\n<div class=\"wrapper detay-v3_3 haber_metni\">\n<p>Adana&#8217;n\u0131n\u00a0Ceyhan\u00a0il\u00e7esine ba\u011fl\u0131 Belediye Evleri Mahallesi&#8217;nde 3 \u00e7ocuk babas\u0131 \u015eehmuz At\u0131z, d\u00fcn sabah kahvalt\u0131ya kalkmay\u0131nca e\u015fi E.A., uyudu\u011fu odaya gitti.<\/p>\n<h3>E\u015e\u0130N\u0130 ODASINDA BA\u015eINDAN VURULARAK \u00d6LD\u00dcR\u00dcLM\u00dc\u015e HALDE BULDU<\/h3>\n<p>Kap\u0131n\u0131n kilitli oldu\u011funu fark eden E.A., iddiaya g\u00f6re kom\u015fusuna giderek yard\u0131m istedi. Kom\u015fusunun kap\u0131y\u0131 k\u0131rmas\u0131yla i\u00e7eriye odaya giren E.A., e\u015finin kanlar i\u00e7inde ba\u015f\u0131ndan tabancayla vurulmu\u015f halde hareketsiz yatt\u0131\u011f\u0131n\u0131 g\u00f6rd\u00fc ve 112 Acil \u00c7a\u011fr\u0131 Merkezi&#8217;ni arayarak yard\u0131m istedi. \u0130hbar \u00fczerine olay yerine sevk edilen sa\u011fl\u0131k ekibi, 50 ya\u015f\u0131ndaki At\u0131z&#8217;\u0131n \u00f6ld\u00fc\u011f\u00fcn\u00fc belirledi.<\/p>\n<p><img decoding=\"async\" src=\"http:\/\/foto.sondakika.com\/haber\/2025\/05\/30\/esini-basindan-vurularak-oldurulmus-halde-buldu-18692750_7879_m.jpg\" alt=\"E\u015fini ba\u015f\u0131ndan vurularak \u00f6ld\u00fcr\u00fclm\u00fc\u015f halde buldu, 2 \u00e7ocu\u011fuyla birlikte g\u00f6zalt\u0131na al\u0131nd\u0131\" \/><\/p>\n<h3>TABANCA \u00d6LD\u00dc\u011e\u00dc ODADA BULUNAMADI<\/h3>\n<p>Polisin olay yerinde yapt\u0131\u011f\u0131 incelemede olayda kullan\u0131lan tabanca At\u0131z&#8217;\u0131n \u00f6ld\u00fc\u011f\u00fc odada bulunamad\u0131. At\u0131z&#8217;\u0131n cans\u0131z bedeni, kald\u0131r\u0131ld\u0131\u011f\u0131 Adana Adli T\u0131p Kurumu&#8217;nda yap\u0131lan otopsinin ard\u0131ndan yak\u0131nlar\u0131na teslim edilerek son yolculu\u011funa u\u011furland\u0131.<\/p>\n<h3>ANNE VE 2 O\u011eLU G\u00d6ZALTINDA<\/h3>\n<p>Soru\u015fturma kapsam\u0131nda polis, \u015eehmuz At\u0131z&#8217;\u0131n e\u015fi E.A. ve o\u011fullar\u0131 T.A. ile zihinsel engelli olan S.A.&#8217;y\u0131 g\u00f6zalt\u0131na ald\u0131. Ailenin k\u0131z\u0131n\u0131n ise olay s\u0131ras\u0131nda evde olmad\u0131\u011f\u0131 \u00f6\u011frenildi. Anne ve iki o\u011flunun emniyetteki sorgusu devam ediyor.<\/p>\n<\/div>\n<p><strong>KAYNAK:SONDAK\u0130KA<\/strong><\/p>\n<\/div>\n<\/div>\n","protected":false},"excerpt":{"rendered":"<p>Adana&#8217;n\u0131n Ceyhan il\u00e7esinde bir ki\u015fi, uyudu\u011fu odada tabancayla ba\u015f\u0131ndan vurularak \u00f6ld\u00fcr\u00fclm\u00fc\u015f halde bulundu. 50 ya\u015f\u0131ndaki adam\u0131n cans\u0131z bedenini bulan e\u015fi ve 2 o\u011flu g\u00f6zalt\u0131na al\u0131n\u0131rken, olayda kullan\u0131lan tabanca ise odada bulunamad\u0131. Adana&#8217;n\u0131n\u00a0Ceyhan\u00a0il\u00e7esine ba\u011fl\u0131 Belediye Evleri Mahallesi&#8217;nde 3 \u00e7ocuk babas\u0131 \u015eehmuz At\u0131z, d\u00fcn sabah kahvalt\u0131ya kalkmay\u0131nca e\u015fi E.A., uyudu\u011fu odaya gitti. E\u015e\u0130N\u0130 ODASINDA BA\u015eINDAN VURULARAK \u00d6LD\u00dcR\u00dcLM\u00dc\u015e [&hellip;]<\/p>\n","protected":false},"author":1,"featured_media":2708,"comment_status":"closed","ping_status":"closed","sticky":false,"template":"","format":"standard","meta":{"footnotes":""},"categories":[7,39],"tags":[128,60,164,71,443,334,332,331],"class_list":["post-2707","post","type-post","status-publish","format-standard","has-post-thumbnail","hentry","category-gundem","category-haber","tag-adana","tag-cinayet","tag-cocuk","tag-suc","tag-ceyhan","tag-guncel","tag-politika","tag-yerel-haberler"],"_links":{"self":[{"href":"https:\/\/avukatimtv.com\/index.php\/wp-json\/wp\/v2\/posts\/2707","targetHints":{"allow":["GET"]}}],"collection":[{"href":"https:\/\/avukatimtv.com\/index.php\/wp-json\/wp\/v2\/posts"}],"about":[{"href":"https:\/\/avukatimtv.com\/index.php\/wp-json\/wp\/v2\/types\/post"}],"author":[{"embeddable":true,"href":"https:\/\/avukatimtv.com\/index.php\/wp-json\/wp\/v2\/users\/1"}],"replies":[{"embeddable":true,"href":"https:\/\/avukatimtv.com\/index.php\/wp-json\/wp\/v2\/comments?post=2707"}],"version-history":[{"count":1,"href":"https:\/\/avukatimtv.com\/index.php\/wp-json\/wp\/v2\/posts\/2707\/revisions"}],"predecessor-version":[{"id":2709,"href":"https:\/\/avukatimtv.com\/index.php\/wp-json\/wp\/v2\/posts\/2707\/revisions\/2709"}],"wp:featuredmedia":[{"embeddable":true,"href":"https:\/\/avukatimtv.com\/index.php\/wp-json\/wp\/v2\/media\/2708"}],"wp:attachment":[{"href":"https:\/\/avukatimtv.com\/index.php\/wp-json\/wp\/v2\/media?parent=2707"}],"wp:term":[{"taxonomy":"category","embeddable":true,"href":"https:\/\/avukatimtv.com\/index.php\/wp-json\/wp\/v2\/categories?post=2707"},{"taxonomy":"post_tag","embeddable":true,"href":"https:\/\/avukatimtv.com\/index.php\/wp-json\/wp\/v2\/tags?post=2707"}],"curies":[{"name":"wp","href":"https:\/\/api.w.org\/{rel}","templated":true}]}}