{"id":2710,"date":"2025-05-31T20:59:03","date_gmt":"2025-05-31T17:59:03","guid":{"rendered":"https:\/\/avukatimtv.com\/?p=2710"},"modified":"2025-05-31T20:59:03","modified_gmt":"2025-05-31T17:59:03","slug":"25-yasindaki-genc-adam-baltayla-olduruldu","status":"publish","type":"post","link":"https:\/\/avukatimtv.com\/index.php\/2025\/05\/31\/25-yasindaki-genc-adam-baltayla-olduruldu\/","title":{"rendered":"25 Ya\u015f\u0131ndaki Gen\u00e7 Adam Baltayla \u00d6ld\u00fcr\u00fcld\u00fc"},"content":{"rendered":"<div id=\"icerikAlani\" class=\"detay\" data-tuhps=\"18694949\">\n<h2 id=\"spot\" class=\"mt10 haber_ozet\">Bursa&#8217;n\u0131n Orhangazi il\u00e7esinde balta ile \u00f6ld\u00fcr\u00fclen 25 ya\u015f\u0131ndaki Mustafa Karaman, son yolculu\u011funa u\u011furland\u0131.<\/h2>\n<\/div>\n<div class=\"news-detail-container\">\n<div class=\"left-block\">\n<div class=\"wrapper detay-v3_3 haber_metni\">\n<p>Bursa&#8217;n\u0131n\u00a0Orhangazi\u00a0il\u00e7esine ba\u011fl\u0131 \u00dcre\u011fil Mahallesi&#8217;ndeki bir ba\u011f evinde balta ile \u00f6ld\u00fcr\u00fclen 25 ya\u015f\u0131ndaki gen\u00e7 adam, Orhangazi&#8217;de son yolculu\u011funa u\u011furland\u0131. Cenazede g\u00f6zya\u015flar\u0131 sel oldu.<\/p>\n<p>Olay ge\u00e7ti\u011fimiz per\u015fembe gecesi saat 24.00 s\u0131ralar\u0131nda Bursa&#8217;n\u0131n Orhangazi \u0130l\u00e7esine ba\u011fl\u0131 \u00dcre\u011fil Mahallesi Umurcal\u0131lar mevkiindeki bir ba\u011f evinde meydana gelmi\u015fti. Al\u0131nan bilgilere g\u00f6re\u00a0Mustafa Karaman&#8217;\u0131n babas\u0131\u00a0Ali Karaman, o\u011flundan 2 g\u00fcn haber alamay\u0131nca \u00dcre\u011fil Mahallesi&#8217;nde kendilerine ait ba\u011f evini kontrol etti. Burada o\u011flunu kanlar i\u00e7inde yerde bulan Ali Karaman, durumu jandarma ekiplerine bildirdi. Olay yerine gelen sa\u011fl\u0131k ekipleri Mustafa Karaman&#8217;\u0131n \u00f6ld\u00fc\u011f\u00fcn\u00fc tespit etti. Gen\u00e7 adam\u0131n balta ile kafas\u0131na vurularak \u00f6ld\u00fcr\u00fcld\u00fc\u011f\u00fc ve baltan\u0131n da olay yerinde oldu\u011funu tespit eden jandarma ekipleri olayla ilgili geni\u015f \u00e7apl\u0131 soru\u015fturma ba\u015flatt\u0131.<\/p>\n<p>O\u011flunun tabutuna son kez sar\u0131larak g\u00f6zya\u015f\u0131 d\u00f6kt\u00fc<\/p>\n<p>25 ya\u015f\u0131ndaki Mustafa Karaman&#8217;\u0131n cenazesi\u00a0Bursa Adli T\u0131p Kurumu&#8217;ndaki otopsi i\u015flemlerinin ard\u0131ndan Orhangazi&#8217;de son kez baba evine getirildi. Burada helallik al\u0131nan Mustafa Karaman \u00f6\u011flen vakti Muhammed\u00fcl Emin Camii&#8217;nde k\u0131l\u0131nan cenaze namaz\u0131n\u0131n ard\u0131ndan Yeni Mezarl\u0131kta topra\u011fa verildi.<\/p>\n<p>O\u011flunu ba\u011f evinde \u00f6l\u00fc olarak bulan baba Ali Karaman, o\u011flunun tabutuna sar\u0131larak g\u00f6zya\u015f\u0131 d\u00f6kt\u00fc. Anne Nuray Karaman ise yak\u0131nlar\u0131n\u0131n deste\u011fi ile g\u00fc\u00e7l\u00fckte ayakta durabildi. Mustafa Karaman&#8217;\u0131n \u00f6ld\u00fcr\u00fclmesi ile ilgili olarak Cumhuriyet Savc\u0131l\u0131\u011f\u0131n \u00e7ok y\u00f6nl\u00fc soru\u015fturmas\u0131 devam ediyor. Olayla ilgili g\u00f6zalt\u0131na al\u0131nan 2 ki\u015finin ise sorgusu devam ediyor.<\/p>\n<\/div>\n<\/div>\n<p><strong>KAYNAK:SONDAK\u0130KA<\/strong><\/p>\n<\/div>\n","protected":false},"excerpt":{"rendered":"<p>Bursa&#8217;n\u0131n Orhangazi il\u00e7esinde balta ile \u00f6ld\u00fcr\u00fclen 25 ya\u015f\u0131ndaki Mustafa Karaman, son yolculu\u011funa u\u011furland\u0131. Bursa&#8217;n\u0131n\u00a0Orhangazi\u00a0il\u00e7esine ba\u011fl\u0131 \u00dcre\u011fil Mahallesi&#8217;ndeki bir ba\u011f evinde balta ile \u00f6ld\u00fcr\u00fclen 25 ya\u015f\u0131ndaki gen\u00e7 adam, Orhangazi&#8217;de son yolculu\u011funa u\u011furland\u0131. Cenazede g\u00f6zya\u015flar\u0131 sel oldu. Olay ge\u00e7ti\u011fimiz per\u015fembe gecesi saat 24.00 s\u0131ralar\u0131nda Bursa&#8217;n\u0131n Orhangazi \u0130l\u00e7esine ba\u011fl\u0131 \u00dcre\u011fil Mahallesi Umurcal\u0131lar mevkiindeki bir ba\u011f evinde meydana gelmi\u015fti. [&hellip;]<\/p>\n","protected":false},"author":1,"featured_media":2711,"comment_status":"closed","ping_status":"closed","sticky":false,"template":"","format":"standard","meta":{"footnotes":""},"categories":[7,39],"tags":[80,60,263,444,445,332,331],"class_list":["post-2710","post","type-post","status-publish","format-standard","has-post-thumbnail","hentry","category-gundem","category-haber","tag-bursa","tag-cinayet","tag-karaman","tag-mustafa-karaman","tag-orhangazi","tag-politika","tag-yerel-haberler"],"_links":{"self":[{"href":"https:\/\/avukatimtv.com\/index.php\/wp-json\/wp\/v2\/posts\/2710","targetHints":{"allow":["GET"]}}],"collection":[{"href":"https:\/\/avukatimtv.com\/index.php\/wp-json\/wp\/v2\/posts"}],"about":[{"href":"https:\/\/avukatimtv.com\/index.php\/wp-json\/wp\/v2\/types\/post"}],"author":[{"embeddable":true,"href":"https:\/\/avukatimtv.com\/index.php\/wp-json\/wp\/v2\/users\/1"}],"replies":[{"embeddable":true,"href":"https:\/\/avukatimtv.com\/index.php\/wp-json\/wp\/v2\/comments?post=2710"}],"version-history":[{"count":1,"href":"https:\/\/avukatimtv.com\/index.php\/wp-json\/wp\/v2\/posts\/2710\/revisions"}],"predecessor-version":[{"id":2712,"href":"https:\/\/avukatimtv.com\/index.php\/wp-json\/wp\/v2\/posts\/2710\/revisions\/2712"}],"wp:featuredmedia":[{"embeddable":true,"href":"https:\/\/avukatimtv.com\/index.php\/wp-json\/wp\/v2\/media\/2711"}],"wp:attachment":[{"href":"https:\/\/avukatimtv.com\/index.php\/wp-json\/wp\/v2\/media?parent=2710"}],"wp:term":[{"taxonomy":"category","embeddable":true,"href":"https:\/\/avukatimtv.com\/index.php\/wp-json\/wp\/v2\/categories?post=2710"},{"taxonomy":"post_tag","embeddable":true,"href":"https:\/\/avukatimtv.com\/index.php\/wp-json\/wp\/v2\/tags?post=2710"}],"curies":[{"name":"wp","href":"https:\/\/api.w.org\/{rel}","templated":true}]}}