{"id":2713,"date":"2025-05-31T21:26:41","date_gmt":"2025-05-31T18:26:41","guid":{"rendered":"https:\/\/avukatimtv.com\/?p=2713"},"modified":"2025-05-31T21:26:41","modified_gmt":"2025-05-31T18:26:41","slug":"torbalidaki-silahli-saldiri-3-tutuklama","status":"publish","type":"post","link":"https:\/\/avukatimtv.com\/index.php\/2025\/05\/31\/torbalidaki-silahli-saldiri-3-tutuklama\/","title":{"rendered":"Torbal\u0131&#8217;daki Silahl\u0131 Sald\u0131r\u0131: 3 Tutuklama"},"content":{"rendered":"<div id=\"icerikAlani\" class=\"detay\" data-tuhps=\"18694058\">\n<h2 id=\"spot\" class=\"mt10 haber_ozet\">\u0130zmir&#8217;in Torbal\u0131 il\u00e7esinde seyir halindeki otomobile yap\u0131lan silahl\u0131 sald\u0131r\u0131da 3 ki\u015fi \u00f6ld\u00fc, 3 yaral\u0131.<\/h2>\n<\/div>\n<div class=\"news-detail-container\">\n<div class=\"left-block\">\n<div class=\"wrapper detay-v3_3 haber_metni\">\n<p>\u0130zmir&#8217;in\u00a0Torbal\u0131\u00a0il\u00e7esinde seyir halindeki otomobile d\u00fczenlenen ve 3 ki\u015finin \u00f6ld\u00fc\u011f\u00fc, 3 ki\u015finin de yaraland\u0131\u011f\u0131 silahl\u0131 sald\u0131r\u0131yla ilgili g\u00f6zalt\u0131na al\u0131nan 5 \u015f\u00fcpheliden 3&#8217;\u00fc tutukland\u0131.<\/p>\n<p>\u0130l\u00a0Jandarma\u00a0Komutanl\u0131\u011f\u0131 ekipleri, \u00f6nceki g\u00fcn ger\u00e7ekle\u015ftirilen operasyonda cinayet zanl\u0131s\u0131 K.K&#8217;ye yard\u0131m ettikleri gerek\u00e7esiyle B.B, A.S.B, D.K. ve H.D&#8217;yi de g\u00f6zalt\u0131na ald\u0131.<\/p>\n<p>\u0130\u015flemlerinin ard\u0131ndan Torbal\u0131 Adliyesi&#8217;ne sevk edilen \u015f\u00fcphelilerden K.K, B.M. ve A.S.B, tutukland\u0131. D.K. ve H.D. ise yurt d\u0131\u015f\u0131 yasa\u011f\u0131 ve adli kontrol \u015fart\u0131yla serbest b\u0131rak\u0131ld\u0131.<\/p>\n<p>Olay<\/p>\n<p>\u0130zmir&#8217;in Torbal\u0131 il\u00e7esinde 29 May\u0131s&#8217;ta cezaevindeki yak\u0131nlar\u0131n\u0131 ziyaretten d\u00f6nen Adnan \u00d6&#8217;n\u00fcn kulland\u0131\u011f\u0131 35 ARZ 403 plakal\u0131 otomobile,\u00a0Ayranc\u0131lar\u00a0Mahallesi&#8217;nde K.K. taraf\u0131ndan t\u00fcfek ve tabancayla ate\u015f a\u00e7\u0131lm\u0131\u015f, s\u00fcr\u00fcc\u00fc ve otomobildeki Abdullah A. olay yerinde hayat\u0131n\u0131 kaybetmi\u015fti.<\/p>\n<p>Sald\u0131r\u0131da yaralanan Fatma A, A.\u00d6, M.A. (4) ile A.E.\u00d6. (1) ambulanslarla \u00e7evredeki \u00f6zel bir hastaneye kald\u0131r\u0131lm\u0131\u015f, Fatma A, t\u00fcm m\u00fcdahalelere ra\u011fmen kurtar\u0131lamam\u0131\u015ft\u0131.<\/p>\n<p>Cinayet\u00a0zanl\u0131s\u0131 K.K, jandarma ekiplerince sakland\u0131\u011f\u0131 adreste g\u00f6zalt\u0131na al\u0131nm\u0131\u015ft\u0131.<\/p>\n<\/div>\n<\/div>\n<\/div>\n<p><strong>KAYNAK:SONDAK\u0130KA<\/strong><\/p>\n","protected":false},"excerpt":{"rendered":"<p>\u0130zmir&#8217;in Torbal\u0131 il\u00e7esinde seyir halindeki otomobile yap\u0131lan silahl\u0131 sald\u0131r\u0131da 3 ki\u015fi \u00f6ld\u00fc, 3 yaral\u0131. \u0130zmir&#8217;in\u00a0Torbal\u0131\u00a0il\u00e7esinde seyir halindeki otomobile d\u00fczenlenen ve 3 ki\u015finin \u00f6ld\u00fc\u011f\u00fc, 3 ki\u015finin de yaraland\u0131\u011f\u0131 silahl\u0131 sald\u0131r\u0131yla ilgili g\u00f6zalt\u0131na al\u0131nan 5 \u015f\u00fcpheliden 3&#8217;\u00fc tutukland\u0131. \u0130l\u00a0Jandarma\u00a0Komutanl\u0131\u011f\u0131 ekipleri, \u00f6nceki g\u00fcn ger\u00e7ekle\u015ftirilen operasyonda cinayet zanl\u0131s\u0131 K.K&#8217;ye yard\u0131m ettikleri gerek\u00e7esiyle B.B, A.S.B, D.K. ve H.D&#8217;yi de g\u00f6zalt\u0131na [&hellip;]<\/p>\n","protected":false},"author":1,"featured_media":2714,"comment_status":"closed","ping_status":"closed","sticky":false,"template":"","format":"standard","meta":{"footnotes":""},"categories":[7,39],"tags":[60,148,224,311,50,71,334,332,446],"class_list":["post-2713","post","type-post","status-publish","format-standard","has-post-thumbnail","hentry","category-gundem","category-haber","tag-cinayet","tag-hukuk","tag-izmir","tag-kaza","tag-saldiri","tag-suc","tag-guncel","tag-politika","tag-torbali"],"_links":{"self":[{"href":"https:\/\/avukatimtv.com\/index.php\/wp-json\/wp\/v2\/posts\/2713","targetHints":{"allow":["GET"]}}],"collection":[{"href":"https:\/\/avukatimtv.com\/index.php\/wp-json\/wp\/v2\/posts"}],"about":[{"href":"https:\/\/avukatimtv.com\/index.php\/wp-json\/wp\/v2\/types\/post"}],"author":[{"embeddable":true,"href":"https:\/\/avukatimtv.com\/index.php\/wp-json\/wp\/v2\/users\/1"}],"replies":[{"embeddable":true,"href":"https:\/\/avukatimtv.com\/index.php\/wp-json\/wp\/v2\/comments?post=2713"}],"version-history":[{"count":1,"href":"https:\/\/avukatimtv.com\/index.php\/wp-json\/wp\/v2\/posts\/2713\/revisions"}],"predecessor-version":[{"id":2715,"href":"https:\/\/avukatimtv.com\/index.php\/wp-json\/wp\/v2\/posts\/2713\/revisions\/2715"}],"wp:featuredmedia":[{"embeddable":true,"href":"https:\/\/avukatimtv.com\/index.php\/wp-json\/wp\/v2\/media\/2714"}],"wp:attachment":[{"href":"https:\/\/avukatimtv.com\/index.php\/wp-json\/wp\/v2\/media?parent=2713"}],"wp:term":[{"taxonomy":"category","embeddable":true,"href":"https:\/\/avukatimtv.com\/index.php\/wp-json\/wp\/v2\/categories?post=2713"},{"taxonomy":"post_tag","embeddable":true,"href":"https:\/\/avukatimtv.com\/index.php\/wp-json\/wp\/v2\/tags?post=2713"}],"curies":[{"name":"wp","href":"https:\/\/api.w.org\/{rel}","templated":true}]}}