{"id":2716,"date":"2025-05-31T21:33:49","date_gmt":"2025-05-31T18:33:49","guid":{"rendered":"https:\/\/avukatimtv.com\/?p=2716"},"modified":"2025-05-31T21:33:49","modified_gmt":"2025-05-31T18:33:49","slug":"adiyamanda-kavga-3-zanli-tutuklandi","status":"publish","type":"post","link":"https:\/\/avukatimtv.com\/index.php\/2025\/05\/31\/adiyamanda-kavga-3-zanli-tutuklandi\/","title":{"rendered":"Ad\u0131yaman&#8217;da Kavga: 3 Zanl\u0131 Tutukland\u0131"},"content":{"rendered":"<div id=\"icerikAlani\" class=\"detay\" data-tuhps=\"18693874\">\n<h2 id=\"spot\" class=\"mt10 haber_ozet\">Ad\u0131yaman&#8217;da iki grup aras\u0131nda \u00e7\u0131kan kavgada 1 ki\u015fi a\u011f\u0131r yaraland\u0131, 3 zanl\u0131 tutukland\u0131.<\/h2>\n<\/div>\n<div class=\"news-detail-container\">\n<div class=\"left-block\">\n<div class=\"wrapper detay-v3_3 haber_metni\">\n<p>Ad\u0131yaman&#8217;da iki grup aras\u0131nda \u00e7\u0131kan ve 1 ki\u015finin a\u011f\u0131r yaraland\u0131\u011f\u0131 kavgaya ili\u015fkin 3 zanl\u0131 tutukland\u0131.<\/p>\n<p>Yavuz Selim Mahallesi Arzum Kent Caddesi&#8217;nde iki grup aras\u0131nda \u00e7\u0131kan s\u00f6zl\u00fc tart\u0131\u015fma, ta\u015f ve sopan\u0131n kullan\u0131ld\u0131\u011f\u0131 kavgaya d\u00f6n\u00fc\u015ft\u00fc.<\/p>\n<p>Ald\u0131\u011f\u0131 darbelerle a\u011f\u0131r yaralanan G.R, ambulansla Ad\u0131yaman E\u011fitim ve Ara\u015ft\u0131rma Hastanesine kald\u0131r\u0131ld\u0131.<\/p>\n<p>Polis\u00a0ekiplerince g\u00f6zalt\u0131na al\u0131nan A.B, V.B. ve M.B, sevk edildikleri adliyede n\u00f6bet\u00e7i hakimlik\u00e7e tutukland\u0131.<\/p>\n<\/div>\n<\/div>\n<p><strong>KAYNAK:SONDAK\u0130KA<\/strong><\/p>\n<\/div>\n","protected":false},"excerpt":{"rendered":"<p>Ad\u0131yaman&#8217;da iki grup aras\u0131nda \u00e7\u0131kan kavgada 1 ki\u015fi a\u011f\u0131r yaraland\u0131, 3 zanl\u0131 tutukland\u0131. Ad\u0131yaman&#8217;da iki grup aras\u0131nda \u00e7\u0131kan ve 1 ki\u015finin a\u011f\u0131r yaraland\u0131\u011f\u0131 kavgaya ili\u015fkin 3 zanl\u0131 tutukland\u0131. Yavuz Selim Mahallesi Arzum Kent Caddesi&#8217;nde iki grup aras\u0131nda \u00e7\u0131kan s\u00f6zl\u00fc tart\u0131\u015fma, ta\u015f ve sopan\u0131n kullan\u0131ld\u0131\u011f\u0131 kavgaya d\u00f6n\u00fc\u015ft\u00fc. Ald\u0131\u011f\u0131 darbelerle a\u011f\u0131r yaralanan G.R, ambulansla Ad\u0131yaman E\u011fitim ve [&hellip;]<\/p>\n","protected":false},"author":1,"featured_media":2717,"comment_status":"closed","ping_status":"closed","sticky":false,"template":"","format":"standard","meta":{"footnotes":""},"categories":[7,39],"tags":[175,148,83,334,332],"class_list":["post-2716","post","type-post","status-publish","format-standard","has-post-thumbnail","hentry","category-gundem","category-haber","tag-guvenlik","tag-hukuk","tag-kavga","tag-guncel","tag-politika"],"_links":{"self":[{"href":"https:\/\/avukatimtv.com\/index.php\/wp-json\/wp\/v2\/posts\/2716","targetHints":{"allow":["GET"]}}],"collection":[{"href":"https:\/\/avukatimtv.com\/index.php\/wp-json\/wp\/v2\/posts"}],"about":[{"href":"https:\/\/avukatimtv.com\/index.php\/wp-json\/wp\/v2\/types\/post"}],"author":[{"embeddable":true,"href":"https:\/\/avukatimtv.com\/index.php\/wp-json\/wp\/v2\/users\/1"}],"replies":[{"embeddable":true,"href":"https:\/\/avukatimtv.com\/index.php\/wp-json\/wp\/v2\/comments?post=2716"}],"version-history":[{"count":1,"href":"https:\/\/avukatimtv.com\/index.php\/wp-json\/wp\/v2\/posts\/2716\/revisions"}],"predecessor-version":[{"id":2718,"href":"https:\/\/avukatimtv.com\/index.php\/wp-json\/wp\/v2\/posts\/2716\/revisions\/2718"}],"wp:featuredmedia":[{"embeddable":true,"href":"https:\/\/avukatimtv.com\/index.php\/wp-json\/wp\/v2\/media\/2717"}],"wp:attachment":[{"href":"https:\/\/avukatimtv.com\/index.php\/wp-json\/wp\/v2\/media?parent=2716"}],"wp:term":[{"taxonomy":"category","embeddable":true,"href":"https:\/\/avukatimtv.com\/index.php\/wp-json\/wp\/v2\/categories?post=2716"},{"taxonomy":"post_tag","embeddable":true,"href":"https:\/\/avukatimtv.com\/index.php\/wp-json\/wp\/v2\/tags?post=2716"}],"curies":[{"name":"wp","href":"https:\/\/api.w.org\/{rel}","templated":true}]}}