{"id":2719,"date":"2025-06-02T18:49:09","date_gmt":"2025-06-02T15:49:09","guid":{"rendered":"https:\/\/avukatimtv.com\/?p=2719"},"modified":"2025-06-02T18:49:09","modified_gmt":"2025-06-02T15:49:09","slug":"matematik-muhendisi-ekmek-bicagiyla-arkadasini-oldurdu","status":"publish","type":"post","link":"https:\/\/avukatimtv.com\/index.php\/2025\/06\/02\/matematik-muhendisi-ekmek-bicagiyla-arkadasini-oldurdu\/","title":{"rendered":"Matematik m\u00fchendisi ekmek b\u0131\u00e7a\u011f\u0131yla arkada\u015f\u0131n\u0131 \u00f6ld\u00fcrd\u00fc"},"content":{"rendered":"<div id=\"icerikAlani\" class=\"detay\" data-tuhps=\"18697597\">\n<h2 id=\"spot\" class=\"mt10 haber_ozet\">Be\u015fikta\u015f&#8217;ta bir matematik m\u00fchendisi, evine gelen barmaid arkada\u015f\u0131n\u0131 ekmek b\u0131\u00e7a\u011f\u0131yla defalarca b\u0131\u00e7aklayarak \u00f6ld\u00fcrd\u00fc. Daha sonra karakola giderek teslim olan m\u00fchendis ifadesinde, &#8220;Olay\u0131 ger\u00e7ekle\u015ftirdi\u011fim an\u0131 hat\u0131rl\u0131yorum, ancak neden yapt\u0131\u011f\u0131m\u0131 hat\u0131rlam\u0131yorum&#8221; dedi.<\/h2>\n<\/div>\n<div class=\"news-detail-container\">\n<div class=\"left-block\">\n<div class=\"wrapper detay-v3_3 haber_metni\">\n<p>\u0130stanbul&#8217;un\u00a0Be\u015fikta\u015f\u00a0il\u00e7esine ba\u011fl\u0131 Abbasa\u011fa Mahallesi Ihlamur Y\u0131ld\u0131z Caddesi&#8217;nde yer alan bir apartmanda 30 May\u0131s Cuma g\u00fcn\u00fc vah\u015fet ya\u015fand\u0131. Edinilen bilgilere g\u00f6re, Zilif \u00d6zt\u00fcrk (39), Demet \u00c7abuk&#8217;un (34) evine gitti.<\/p>\n<p><img decoding=\"async\" src=\"https:\/\/foto.sondakika.com\/haber\/2025\/06\/01\/muhendis-ekmek-bicagiyla-arkadasini-oldurdu-18697571_1994_m.jpg\" alt=\"\u00d6ld\u00fcr\u00fclen Zilif \u00d6zt\u00fcrk\" \/><\/p>\n<h3>ARKADA\u015eINI EKMEK BI\u00c7A\u011eIYLA KATLETT\u0130<\/h3>\n<p>Uyu\u015fturucu madde kulland\u0131klar\u0131 ileri s\u00fcr\u00fclen ikiliden Demet \u00c7abuk, mutfa\u011fa giderek ekmek b\u0131\u00e7a\u011f\u0131n\u0131 ald\u0131 ve \u00d6zt\u00fcrk&#8217;\u00fc kar\u0131n b\u00f6lgesinden 10&#8217;dan fazla kez b\u0131\u00e7aklad\u0131. \u00c7abuk, olay\u0131n ard\u0131ndan cinayet silah\u0131 olan b\u0131\u00e7akla birlikte evden \u00e7\u0131karak ailesinin yan\u0131na\u00a0Kocaeli&#8217;ne gitti.<\/p>\n<p><img decoding=\"async\" src=\"https:\/\/foto.sondakika.com\/haber\/2025\/06\/01\/muhendis-ekmek-bicagiyla-arkadasini-oldurdu-18697571_547_m.jpg\" alt=\"Katil zanl\u0131s\u0131 Demet \u00c7abuk\" \/><\/p>\n<h3>KARAKOLA G\u0130D\u0130P \u0130T\u0130RAF ETT\u0130<\/h3>\n<p>\u015e\u00fcpheli \u00c7abuk, olaydan bir g\u00fcn sonra, 31 May\u0131s\u00a0Cumartesi\u00a0g\u00fcn\u00fc Kocaeli\u00a0\u00c7ay\u0131rba\u015f\u0131&#8217;nda bulunan bir karakola cinayet silah\u0131 olan b\u0131\u00e7akla birlikte giderek teslim oldu. Ev arkada\u015f\u0131n\u0131 \u00f6ld\u00fcrd\u00fc\u011f\u00fcn\u00fc itiraf eden \u00c7abuk&#8217;un ifadesi \u00fczerine harekete ge\u00e7en ekipler, Be\u015fikta\u015f&#8217;taki adrese kap\u0131y\u0131 k\u0131rarak girdi. Adrese intikal eden polisler, Zilif \u00d6zt\u00fcrk&#8217;\u00fcn cans\u0131z bedeniyle kar\u015f\u0131la\u015ft\u0131.<\/p>\n<div class=\"drimg\"><\/div>\n<div><img decoding=\"async\" src=\"https:\/\/foto.sondakika.com\/haber\/2025\/06\/01\/muhendis-ekmek-bicagiyla-arkadasini-oldurdu-18697571_9834_m.jpg\" alt=\"M\u00fchendis, ekmek b\u0131\u00e7a\u011f\u0131yla arkada\u015f\u0131n\u0131 \u00f6ld\u00fcrd\u00fc\" \/><\/div>\n<div>\n<h3>&#8220;NEDEN YAPTI\u011eIMI HATIRLAMIYORUM&#8221;<\/h3>\n<p>\u015e\u00fcpheli Demet \u00c7abuk, ifadesinin ard\u0131ndan \u0130stanbul\u00a0Asayi\u015f \u015eube M\u00fcd\u00fcrl\u00fc\u011f\u00fc\u00a0Cinayet\u00a0B\u00fcro Amirli\u011fi taraf\u0131ndan &#8220;Kasten \u00f6ld\u00fcrme&#8221; su\u00e7undan adliyeye sevk edildi. \u00c7abuk&#8217;un ifadesinde, &#8220;Olay\u0131 ger\u00e7ekle\u015ftirdi\u011fim an\u0131 hat\u0131rl\u0131yorum, ancak neden yapt\u0131\u011f\u0131m\u0131 hat\u0131rlam\u0131yorum. Pi\u015fman\u0131m&#8221; dedi\u011fi \u00f6\u011frenildi.<\/p>\n<p><img decoding=\"async\" src=\"https:\/\/foto.sondakika.com\/haber\/2025\/06\/01\/muhendis-ekmek-bicagiyla-arkadasini-oldurdu-18697571_9880_m.jpg\" alt=\"Zilif \u00d6zt\u00fcrk\" \/><\/p>\n<p>\u00d6te yandan, \u015f\u00fcpheli Demet \u00c7abuk&#8217;un\u00a0\u0130stanbul Teknik \u00dcniversitesi&#8217;nde (\u0130T\u00dc) matematik m\u00fchendisli\u011fi okudu\u011fu ve ayn\u0131 zamanda \u00e7ift anadal yapt\u0131\u011f\u0131, hayat\u0131n\u0131 kaybeden Zilif \u00d6zt\u00fcrk&#8217;\u00fcn ise barmaid olarak \u00e7al\u0131\u015ft\u0131\u011f\u0131 \u00f6\u011frenildi.<\/p>\n<\/div>\n<\/div>\n<p><strong>KAYNAK:SONDAK\u0130KA<\/strong><\/p>\n<\/div>\n<\/div>\n","protected":false},"excerpt":{"rendered":"<p>Be\u015fikta\u015f&#8217;ta bir matematik m\u00fchendisi, evine gelen barmaid arkada\u015f\u0131n\u0131 ekmek b\u0131\u00e7a\u011f\u0131yla defalarca b\u0131\u00e7aklayarak \u00f6ld\u00fcrd\u00fc. Daha sonra karakola giderek teslim olan m\u00fchendis ifadesinde, &#8220;Olay\u0131 ger\u00e7ekle\u015ftirdi\u011fim an\u0131 hat\u0131rl\u0131yorum, ancak neden yapt\u0131\u011f\u0131m\u0131 hat\u0131rlam\u0131yorum&#8221; dedi. \u0130stanbul&#8217;un\u00a0Be\u015fikta\u015f\u00a0il\u00e7esine ba\u011fl\u0131 Abbasa\u011fa Mahallesi Ihlamur Y\u0131ld\u0131z Caddesi&#8217;nde yer alan bir apartmanda 30 May\u0131s Cuma g\u00fcn\u00fc vah\u015fet ya\u015fand\u0131. Edinilen bilgilere g\u00f6re, Zilif \u00d6zt\u00fcrk (39), Demet \u00c7abuk&#8217;un [&hellip;]<\/p>\n","protected":false},"author":1,"featured_media":2720,"comment_status":"closed","ping_status":"closed","sticky":false,"template":"","format":"standard","meta":{"footnotes":""},"categories":[7,39],"tags":[60,148,69,143,71,448,449,447,332],"class_list":["post-2719","post","type-post","status-publish","format-standard","has-post-thumbnail","hentry","category-gundem","category-haber","tag-cinayet","tag-hukuk","tag-istanbul","tag-kocaeli","tag-suc","tag-besiktas","tag-ekmek","tag-istanbul-besiktas","tag-politika"],"_links":{"self":[{"href":"https:\/\/avukatimtv.com\/index.php\/wp-json\/wp\/v2\/posts\/2719","targetHints":{"allow":["GET"]}}],"collection":[{"href":"https:\/\/avukatimtv.com\/index.php\/wp-json\/wp\/v2\/posts"}],"about":[{"href":"https:\/\/avukatimtv.com\/index.php\/wp-json\/wp\/v2\/types\/post"}],"author":[{"embeddable":true,"href":"https:\/\/avukatimtv.com\/index.php\/wp-json\/wp\/v2\/users\/1"}],"replies":[{"embeddable":true,"href":"https:\/\/avukatimtv.com\/index.php\/wp-json\/wp\/v2\/comments?post=2719"}],"version-history":[{"count":1,"href":"https:\/\/avukatimtv.com\/index.php\/wp-json\/wp\/v2\/posts\/2719\/revisions"}],"predecessor-version":[{"id":2721,"href":"https:\/\/avukatimtv.com\/index.php\/wp-json\/wp\/v2\/posts\/2719\/revisions\/2721"}],"wp:featuredmedia":[{"embeddable":true,"href":"https:\/\/avukatimtv.com\/index.php\/wp-json\/wp\/v2\/media\/2720"}],"wp:attachment":[{"href":"https:\/\/avukatimtv.com\/index.php\/wp-json\/wp\/v2\/media?parent=2719"}],"wp:term":[{"taxonomy":"category","embeddable":true,"href":"https:\/\/avukatimtv.com\/index.php\/wp-json\/wp\/v2\/categories?post=2719"},{"taxonomy":"post_tag","embeddable":true,"href":"https:\/\/avukatimtv.com\/index.php\/wp-json\/wp\/v2\/tags?post=2719"}],"curies":[{"name":"wp","href":"https:\/\/api.w.org\/{rel}","templated":true}]}}