{"id":2726,"date":"2025-06-10T17:13:22","date_gmt":"2025-06-10T14:13:22","guid":{"rendered":"https:\/\/avukatimtv.com\/?p=2726"},"modified":"2025-06-10T17:13:22","modified_gmt":"2025-06-10T14:13:22","slug":"evinde-basindan-vurulmus-halde-bulunan-genc-kadin-hayatini-kaybetti","status":"publish","type":"post","link":"https:\/\/avukatimtv.com\/index.php\/2025\/06\/10\/evinde-basindan-vurulmus-halde-bulunan-genc-kadin-hayatini-kaybetti\/","title":{"rendered":"Evinde ba\u015f\u0131ndan vurulmu\u015f halde bulunan gen\u00e7 kad\u0131n hayat\u0131n\u0131 kaybetti"},"content":{"rendered":"<div id=\"icerikAlani\" class=\"detay\" data-tuhps=\"18728921\">\n<h2 id=\"spot\" class=\"mt10 haber_ozet\">Diyarbak\u0131r&#8217;\u0131n Sur il\u00e7esinde 28 ya\u015f\u0131ndaki Elif Kaymaz, dini nikahl\u0131 e\u015fi taraf\u0131ndan evde ba\u015f\u0131ndan silahla vurulmu\u015f halde bulundu. Kaymaz hastanede hayat\u0131n\u0131 kaybederken, dini nikahl\u0131 e\u015fi \u015f\u00fcpheli olarak tutukland\u0131.<\/h2>\n<\/div>\n<div class=\"news-detail-container\">\n<div class=\"left-block\">\n<div class=\"wrapper detay-v3_3 haber_metni\">\n<p>Diyarbak\u0131r&#8217;\u0131n\u00a0Sur\u00a0il\u00e7esinde evde ba\u015f\u0131ndan silahla vurulmu\u015f halde bulunan Elif\u00a0Kaymaz\u00a0(28), hayat\u0131n\u0131 kaybetti. Dini nikahla birlikte ya\u015fad\u0131\u011f\u0131 Hudeyda Baran Alacabey, g\u00f6zalt\u0131na al\u0131n\u0131p tutukland\u0131.<\/p>\n<h3>GEN\u00c7 KADIN EV\u0130NDE VURULMU\u015e HALDE BULUNDU<\/h3>\n<p>Olay, 7 Haziran&#8217;da Sur il\u00e7esi Cevat Pa\u015fa Mahallesi&#8217;nde bulunan bir evde meydana geldi. \u0130ddiaya g\u00f6re Hudeyda Baran Alacabey, ak\u015fam saatlerinde evine d\u00f6nd\u00fc\u011f\u00fc s\u0131rada dini nikahla birlikte ya\u015fad\u0131\u011f\u0131 Elif Kaymaz&#8217;\u0131 ba\u015f\u0131ndan tabancayla vurulmu\u015f halde buldu. Hudeyda Baran Alacabey, d\u0131\u015far\u0131 \u00e7\u0131kard\u0131\u011f\u0131 kad\u0131n\u0131 \u00e7evredekilerin de yard\u0131m\u0131yla hastaneye g\u00f6t\u00fcrd\u00fc. Tedaviye al\u0131nan Elif Kaymaz, olay g\u00fcn\u00fc hayat\u0131n\u0131 kaybetti.<\/p>\n<\/div>\n<p><img decoding=\"async\" src=\"https:\/\/foto.sondakika.com\/haber\/2025\/06\/10\/evinde-basindan-vurulmus-halde-bulunan-genc-kadin-18728885_8824_m.jpg\" alt=\"Evinde ba\u015f\u0131ndan vurulmu\u015f halde bulunan gen\u00e7 kad\u0131n tutukland\u0131\" \/><\/p>\n<\/div>\n<h3>D\u0130N\u0130 N\u0130KAHLI E\u015e\u0130 TUTUKLANDI<\/h3>\n<p>\u0130l Emniyet M\u00fcd\u00fcrl\u00fc\u011f\u00fc\u00a0Asayi\u015f \u015eube M\u00fcd\u00fcrl\u00fc\u011f\u00fc\u00a0Cinayet\u00a0B\u00fcro ekiplerinin olay yerindeki incelemesinde 3 mermi kovan\u0131 bulundu. \u015e\u00fcphe \u00fczerine Hudeyda Baran Alacabey, g\u00f6zalt\u0131na al\u0131nd\u0131. Alacabey, emniyetteki i\u015flemlerin ard\u0131ndan sevk edildi\u011fi adliyede \u00e7\u0131kar\u0131ld\u0131\u011f\u0131 mahkemece tutukland\u0131. Olay ile ilgili soru\u015fturma ba\u015flat\u0131l\u0131rken, Elif Kaymaz&#8217;\u0131n cenazesi otopsinin ard\u0131ndan\u00a0Ba\u011flar\u00a0il\u00e7esindeki\u00a0Yenik\u00f6y\u00a0mezarl\u0131\u011f\u0131nda defnedildi.<\/p>\n<\/div>\n<p><strong>KAYNAK:SONDAK\u0130KA<\/strong><\/p>\n","protected":false},"excerpt":{"rendered":"<p>Diyarbak\u0131r&#8217;\u0131n Sur il\u00e7esinde 28 ya\u015f\u0131ndaki Elif Kaymaz, dini nikahl\u0131 e\u015fi taraf\u0131ndan evde ba\u015f\u0131ndan silahla vurulmu\u015f halde bulundu. Kaymaz hastanede hayat\u0131n\u0131 kaybederken, dini nikahl\u0131 e\u015fi \u015f\u00fcpheli olarak tutukland\u0131. Diyarbak\u0131r&#8217;\u0131n\u00a0Sur\u00a0il\u00e7esinde evde ba\u015f\u0131ndan silahla vurulmu\u015f halde bulunan Elif\u00a0Kaymaz\u00a0(28), hayat\u0131n\u0131 kaybetti. Dini nikahla birlikte ya\u015fad\u0131\u011f\u0131 Hudeyda Baran Alacabey, g\u00f6zalt\u0131na al\u0131n\u0131p tutukland\u0131. GEN\u00c7 KADIN EV\u0130NDE VURULMU\u015e HALDE BULUNDU Olay, 7 [&hellip;]<\/p>\n","protected":false},"author":1,"featured_media":2727,"comment_status":"closed","ping_status":"closed","sticky":false,"template":"","format":"standard","meta":{"footnotes":""},"categories":[7,39],"tags":[60,378,175,71,334,450,332,451],"class_list":["post-2726","post","type-post","status-publish","format-standard","has-post-thumbnail","hentry","category-gundem","category-haber","tag-cinayet","tag-diyarbakir","tag-guvenlik","tag-suc","tag-guncel","tag-kaymaz","tag-politika","tag-sur"],"_links":{"self":[{"href":"https:\/\/avukatimtv.com\/index.php\/wp-json\/wp\/v2\/posts\/2726","targetHints":{"allow":["GET"]}}],"collection":[{"href":"https:\/\/avukatimtv.com\/index.php\/wp-json\/wp\/v2\/posts"}],"about":[{"href":"https:\/\/avukatimtv.com\/index.php\/wp-json\/wp\/v2\/types\/post"}],"author":[{"embeddable":true,"href":"https:\/\/avukatimtv.com\/index.php\/wp-json\/wp\/v2\/users\/1"}],"replies":[{"embeddable":true,"href":"https:\/\/avukatimtv.com\/index.php\/wp-json\/wp\/v2\/comments?post=2726"}],"version-history":[{"count":1,"href":"https:\/\/avukatimtv.com\/index.php\/wp-json\/wp\/v2\/posts\/2726\/revisions"}],"predecessor-version":[{"id":2728,"href":"https:\/\/avukatimtv.com\/index.php\/wp-json\/wp\/v2\/posts\/2726\/revisions\/2728"}],"wp:featuredmedia":[{"embeddable":true,"href":"https:\/\/avukatimtv.com\/index.php\/wp-json\/wp\/v2\/media\/2727"}],"wp:attachment":[{"href":"https:\/\/avukatimtv.com\/index.php\/wp-json\/wp\/v2\/media?parent=2726"}],"wp:term":[{"taxonomy":"category","embeddable":true,"href":"https:\/\/avukatimtv.com\/index.php\/wp-json\/wp\/v2\/categories?post=2726"},{"taxonomy":"post_tag","embeddable":true,"href":"https:\/\/avukatimtv.com\/index.php\/wp-json\/wp\/v2\/tags?post=2726"}],"curies":[{"name":"wp","href":"https:\/\/api.w.org\/{rel}","templated":true}]}}