{"id":2729,"date":"2025-06-10T17:25:59","date_gmt":"2025-06-10T14:25:59","guid":{"rendered":"https:\/\/avukatimtv.com\/?p=2729"},"modified":"2025-06-10T17:25:59","modified_gmt":"2025-06-10T14:25:59","slug":"gaziosmanpasada-gecekondunun-bahcesinde-haliya-sarili-ceset-bulundu","status":"publish","type":"post","link":"https:\/\/avukatimtv.com\/index.php\/2025\/06\/10\/gaziosmanpasada-gecekondunun-bahcesinde-haliya-sarili-ceset-bulundu\/","title":{"rendered":"Gaziosmanpa\u015fa&#8217;da gecekondunun bah\u00e7esinde hal\u0131ya sar\u0131l\u0131 ceset bulundu"},"content":{"rendered":"<div id=\"icerikAlani\" class=\"detay\" data-tuhps=\"18726320\">\n<h2 id=\"spot\" class=\"mt10 haber_ozet\">\u0130stanbul Gaziosmanpa\u015fa&#8217;da 4 g\u00fcnd\u00fcr kay\u0131p olarak aranan 49 ya\u015f\u0131ndaki Murat Demirk\u0131ran&#8217;\u0131n cans\u0131z bedeni, bir gecekondunun bah\u00e7esinde hal\u0131ya sar\u0131l\u0131 halde bulundu. Polis ekipleri olay\u0131n ard\u0131ndan Demirk\u0131ran&#8217;\u0131n 2 arkada\u015f\u0131n\u0131 g\u00f6zalt\u0131na ald\u0131.<\/h2>\n<\/div>\n<div class=\"news-detail-container\">\n<div class=\"left-block\">\n<div class=\"wrapper detay-v3_3 haber_metni\">\n<p>\u0130stanbul Emniyet M\u00fcd\u00fcrl\u00fc\u011f\u00fc\u00a0ekipleri,\u00a0Gaziosmanpa\u015fa\u00a0il\u00e7esine ba\u011fl\u0131 Pazari\u00e7i Mahallesi&#8217;nde bir gecekondunun bah\u00e7esinde hal\u0131ya sar\u0131l\u0131 bir ceset oldu\u011fu y\u00f6n\u00fcndeki ihbar \u00fczerine adrese gitti.<\/p>\n<\/div>\n<div class=\"drimg\"><img decoding=\"async\" src=\"http:\/\/foto.sondakika.com\/haber\/2025\/06\/09\/gaziosmanpasa-da-gecekondunun-bahcesinde-haliya-18726289_5315_m.jpg\" alt=\"Gaziosmanpa\u015fa'da gecekondunun bah\u00e7esinde hal\u0131ya sar\u0131l\u0131 ceset bulundu\" \/><\/div>\n<\/div>\n<div>\n<h3>HALIYA SARILMI\u015e HALDE BULUNDU<\/h3>\n<p>Evin bah\u00e7esinde, hal\u0131ya sar\u0131lm\u0131\u015f haldeki cesetle kar\u015f\u0131la\u015fan ekiplerce yap\u0131lan incelemede, cesedin 4 \u00e7ocuk babas\u0131 49 ya\u015f\u0131ndaki\u00a0Murat Demirk\u0131ran&#8217;a ait oldu\u011fu belirlendi. Olay yerinde ekiplerin \u00e7al\u0131\u015fmalar\u0131n\u0131n ard\u0131ndan Demirk\u0131ran&#8217;\u0131n cesedi, kesin \u00f6l\u00fcm nedeninin belirlenmesi i\u00e7in\u00a0Adli T\u0131p\u00a0Morguna kald\u0131r\u0131ld\u0131.<\/p>\n<p><img decoding=\"async\" src=\"http:\/\/foto.sondakika.com\/haber\/2025\/06\/09\/gaziosmanpasa-da-gecekondunun-bahcesinde-haliya-18726289_509_m.jpg\" alt=\"Gaziosmanpa\u015fa'da gecekondunun bah\u00e7esinde hal\u0131ya sar\u0131l\u0131 ceset bulundu\" \/><\/p>\n<h3>FENALA\u015eINCA HALIYA SARIP BIRAKMI\u015eLAR<\/h3>\n<p>Yap\u0131lan incelemede, 5 Haziran&#8217;da ayn\u0131 sokakta ya\u015fayan arkada\u015f\u0131 U.H&#8217;nin evine giden 49 ya\u015f\u0131ndaki Demirk\u0131ran&#8217;\u0131n, iddiaya g\u00f6re burada uyu\u015fturucu madde kulland\u0131ktan sonra fenala\u015ft\u0131\u011f\u0131, ard\u0131ndan U.H&#8217;nin ve yan\u0131ndaki di\u011fer arkada\u015f\u0131n\u0131n Demirk\u0131ran&#8217;\u0131 hal\u0131ya sararak evin bah\u00e7esine b\u0131rakt\u0131klar\u0131 belirlendi.<\/p>\n<p><img decoding=\"async\" src=\"http:\/\/foto.sondakika.com\/haber\/2025\/06\/09\/gaziosmanpasa-da-gecekondunun-bahcesinde-haliya-18726289_6065_m.jpg\" alt=\"Gaziosmanpa\u015fa'da gecekondunun bah\u00e7esinde hal\u0131ya sar\u0131l\u0131 ceset bulundu\" \/><\/p>\n<h3>A\u0130LES\u0130YLE B\u0130RL\u0130KTE ARAMI\u015e<\/h3>\n<p>Demirk\u0131ran&#8217;\u0131n eve gelmemesi \u00fczerine ailesinin U.H. ile g\u00f6r\u00fc\u015f\u00fcp nerede oldu\u011funu sordu\u011fu, U.H&#8217;nin bilmedi\u011fini s\u00f6ylemesi \u00fczerine birlikte Demirk\u0131ran&#8217;\u0131 aramaya ba\u015flad\u0131klar\u0131 \u00f6\u011frenildi.<\/p>\n<p><img decoding=\"async\" src=\"http:\/\/foto.sondakika.com\/haber\/2025\/06\/09\/gaziosmanpasa-da-gecekondunun-bahcesinde-haliya-18726289_5236_m.jpg\" alt=\"Gaziosmanpa\u015fa'da gecekondunun bah\u00e7esinde hal\u0131ya sar\u0131l\u0131 ceset bulundu\" \/><\/p>\n<h3>\u0130T\u0130RAF ETT\u0130LER<\/h3>\n<p>U.H&#8217;nin bug\u00fcn polisi arayarak, Demirk\u0131ran&#8217;\u0131 hal\u0131ya sar\u0131l\u0131 halde evin bah\u00e7esine b\u0131rakt\u0131klar\u0131n\u0131 itiraf etti\u011fi \u00f6\u011frenildi.\u00a0Polis\u00a0ekiplerince g\u00f6zalt\u0131na al\u0131nan U.H ve di\u011fer ki\u015fi i\u015flemleri i\u00e7in emniyete g\u00f6t\u00fcr\u00fcld\u00fc.<\/p>\n<\/div>\n<\/div>\n<p><strong>KAYNAK:SONDAK\u0130KA<\/strong><\/p>\n","protected":false},"excerpt":{"rendered":"<p>\u0130stanbul Gaziosmanpa\u015fa&#8217;da 4 g\u00fcnd\u00fcr kay\u0131p olarak aranan 49 ya\u015f\u0131ndaki Murat Demirk\u0131ran&#8217;\u0131n cans\u0131z bedeni, bir gecekondunun bah\u00e7esinde hal\u0131ya sar\u0131l\u0131 halde bulundu. Polis ekipleri olay\u0131n ard\u0131ndan Demirk\u0131ran&#8217;\u0131n 2 arkada\u015f\u0131n\u0131 g\u00f6zalt\u0131na ald\u0131. \u0130stanbul Emniyet M\u00fcd\u00fcrl\u00fc\u011f\u00fc\u00a0ekipleri,\u00a0Gaziosmanpa\u015fa\u00a0il\u00e7esine ba\u011fl\u0131 Pazari\u00e7i Mahallesi&#8217;nde bir gecekondunun bah\u00e7esinde hal\u0131ya sar\u0131l\u0131 bir ceset oldu\u011fu y\u00f6n\u00fcndeki ihbar \u00fczerine adrese gitti. HALIYA SARILMI\u015e HALDE BULUNDU Evin bah\u00e7esinde, hal\u0131ya [&hellip;]<\/p>\n","protected":false},"author":1,"featured_media":2730,"comment_status":"closed","ping_status":"closed","sticky":false,"template":"","format":"standard","meta":{"footnotes":""},"categories":[7,39],"tags":[60,69,49,45,453,334,452,332],"class_list":["post-2729","post","type-post","status-publish","format-standard","has-post-thumbnail","hentry","category-gundem","category-haber","tag-cinayet","tag-istanbul","tag-polis","tag-uyusturucu","tag-gaziosmanpasa","tag-guncel","tag-murat-demirkiran","tag-politika"],"_links":{"self":[{"href":"https:\/\/avukatimtv.com\/index.php\/wp-json\/wp\/v2\/posts\/2729","targetHints":{"allow":["GET"]}}],"collection":[{"href":"https:\/\/avukatimtv.com\/index.php\/wp-json\/wp\/v2\/posts"}],"about":[{"href":"https:\/\/avukatimtv.com\/index.php\/wp-json\/wp\/v2\/types\/post"}],"author":[{"embeddable":true,"href":"https:\/\/avukatimtv.com\/index.php\/wp-json\/wp\/v2\/users\/1"}],"replies":[{"embeddable":true,"href":"https:\/\/avukatimtv.com\/index.php\/wp-json\/wp\/v2\/comments?post=2729"}],"version-history":[{"count":1,"href":"https:\/\/avukatimtv.com\/index.php\/wp-json\/wp\/v2\/posts\/2729\/revisions"}],"predecessor-version":[{"id":2731,"href":"https:\/\/avukatimtv.com\/index.php\/wp-json\/wp\/v2\/posts\/2729\/revisions\/2731"}],"wp:featuredmedia":[{"embeddable":true,"href":"https:\/\/avukatimtv.com\/index.php\/wp-json\/wp\/v2\/media\/2730"}],"wp:attachment":[{"href":"https:\/\/avukatimtv.com\/index.php\/wp-json\/wp\/v2\/media?parent=2729"}],"wp:term":[{"taxonomy":"category","embeddable":true,"href":"https:\/\/avukatimtv.com\/index.php\/wp-json\/wp\/v2\/categories?post=2729"},{"taxonomy":"post_tag","embeddable":true,"href":"https:\/\/avukatimtv.com\/index.php\/wp-json\/wp\/v2\/tags?post=2729"}],"curies":[{"name":"wp","href":"https:\/\/api.w.org\/{rel}","templated":true}]}}