{"id":2738,"date":"2025-06-11T18:02:30","date_gmt":"2025-06-11T15:02:30","guid":{"rendered":"https:\/\/avukatimtv.com\/?p=2738"},"modified":"2025-06-11T18:02:30","modified_gmt":"2025-06-11T15:02:30","slug":"eski-esini-olduren-r-d-tutuklandi","status":"publish","type":"post","link":"https:\/\/avukatimtv.com\/index.php\/2025\/06\/11\/eski-esini-olduren-r-d-tutuklandi\/","title":{"rendered":"Eski E\u015fini \u00d6ld\u00fcren R.D. Tutukland\u0131"},"content":{"rendered":"<div id=\"icerikAlani\" class=\"detay\" data-tuhps=\"18733437\">\n<h2 id=\"spot\" class=\"mt10 haber_ozet\">R.D., eski e\u015fi Emir Kocasoy&#8217;u \u00f6ld\u00fcrerek tutukland\u0131 ve cezaevine g\u00f6nderildi.<\/h2>\n<\/div>\n<div class=\"news-detail-container\">\n<div class=\"left-block\">\n<div class=\"wrapper detay-v3_3 haber_metni\">\n<p>Sakarya&#8217;da eski e\u015fi Emir Kocasoy&#8217;u (48) tabancayla 6 kur\u015funla vurarak \u00f6ld\u00fcren R.D. (42), i\u015flemlerinin ard\u0131ndan adliyeye sevk edildi.\u00a0Hakim kar\u015f\u0131s\u0131na \u00e7\u0131kan R.D. &#8216;Bo\u015fand\u0131\u011f\u0131 e\u015fe kar\u015f\u0131 tasarlayarak kasten \u00f6ld\u00fcrme&#8217; su\u00e7uyla tutuklanarak cezaevine g\u00f6nderildi.<\/p>\n<\/div>\n<\/div>\n<\/div>\n<p><strong>KAYNAK:SONDAK\u0130KA<\/strong><\/p>\n<div class=\"news-detail-container\">\n<div class=\"left-block\">\n<div class=\"wrapper detay-v3_3 haber_metni\">\n<p>&nbsp;<\/p>\n<\/div>\n<\/div>\n<\/div>\n","protected":false},"excerpt":{"rendered":"<p>R.D., eski e\u015fi Emir Kocasoy&#8217;u \u00f6ld\u00fcrerek tutukland\u0131 ve cezaevine g\u00f6nderildi. Sakarya&#8217;da eski e\u015fi Emir Kocasoy&#8217;u (48) tabancayla 6 kur\u015funla vurarak \u00f6ld\u00fcren R.D. (42), i\u015flemlerinin ard\u0131ndan adliyeye sevk edildi.\u00a0Hakim kar\u015f\u0131s\u0131na \u00e7\u0131kan R.D. &#8216;Bo\u015fand\u0131\u011f\u0131 e\u015fe kar\u015f\u0131 tasarlayarak kasten \u00f6ld\u00fcrme&#8217; su\u00e7uyla tutuklanarak cezaevine g\u00f6nderildi. KAYNAK:SONDAK\u0130KA &nbsp;<\/p>\n","protected":false},"author":1,"featured_media":2739,"comment_status":"closed","ping_status":"closed","sticky":false,"template":"","format":"standard","meta":{"footnotes":""},"categories":[7,39],"tags":[60,71,334,332,352,331],"class_list":["post-2738","post","type-post","status-publish","format-standard","has-post-thumbnail","hentry","category-gundem","category-haber","tag-cinayet","tag-suc","tag-guncel","tag-politika","tag-sakarya","tag-yerel-haberler"],"_links":{"self":[{"href":"https:\/\/avukatimtv.com\/index.php\/wp-json\/wp\/v2\/posts\/2738","targetHints":{"allow":["GET"]}}],"collection":[{"href":"https:\/\/avukatimtv.com\/index.php\/wp-json\/wp\/v2\/posts"}],"about":[{"href":"https:\/\/avukatimtv.com\/index.php\/wp-json\/wp\/v2\/types\/post"}],"author":[{"embeddable":true,"href":"https:\/\/avukatimtv.com\/index.php\/wp-json\/wp\/v2\/users\/1"}],"replies":[{"embeddable":true,"href":"https:\/\/avukatimtv.com\/index.php\/wp-json\/wp\/v2\/comments?post=2738"}],"version-history":[{"count":1,"href":"https:\/\/avukatimtv.com\/index.php\/wp-json\/wp\/v2\/posts\/2738\/revisions"}],"predecessor-version":[{"id":2740,"href":"https:\/\/avukatimtv.com\/index.php\/wp-json\/wp\/v2\/posts\/2738\/revisions\/2740"}],"wp:featuredmedia":[{"embeddable":true,"href":"https:\/\/avukatimtv.com\/index.php\/wp-json\/wp\/v2\/media\/2739"}],"wp:attachment":[{"href":"https:\/\/avukatimtv.com\/index.php\/wp-json\/wp\/v2\/media?parent=2738"}],"wp:term":[{"taxonomy":"category","embeddable":true,"href":"https:\/\/avukatimtv.com\/index.php\/wp-json\/wp\/v2\/categories?post=2738"},{"taxonomy":"post_tag","embeddable":true,"href":"https:\/\/avukatimtv.com\/index.php\/wp-json\/wp\/v2\/tags?post=2738"}],"curies":[{"name":"wp","href":"https:\/\/api.w.org\/{rel}","templated":true}]}}