{"id":2741,"date":"2025-06-11T18:41:15","date_gmt":"2025-06-11T15:41:15","guid":{"rendered":"https:\/\/avukatimtv.com\/?p=2741"},"modified":"2025-06-11T18:41:15","modified_gmt":"2025-06-11T15:41:15","slug":"kirikkalede-silahli-saldiri-bir-kisi-oldu","status":"publish","type":"post","link":"https:\/\/avukatimtv.com\/index.php\/2025\/06\/11\/kirikkalede-silahli-saldiri-bir-kisi-oldu\/","title":{"rendered":"K\u0131r\u0131kkale&#8217;de Silahl\u0131 Sald\u0131r\u0131: Bir Ki\u015fi \u00d6ld\u00fc"},"content":{"rendered":"<div id=\"icerikAlani\" class=\"detay\" data-tuhps=\"18731686\">\n<h2 id=\"spot\" class=\"mt10 haber_ozet\">Husumetli oldu\u011fu ki\u015finin sald\u0131r\u0131s\u0131na u\u011frayan Muhammed \u00d6zdo\u011fan, hastanede ya\u015fam\u0131n\u0131 yitirdi.<\/h2>\n<\/div>\n<div class=\"news-detail-container\">\n<div class=\"wrapper detay-v3_3 haber_metni\">\n<p>K\u0131r\u0131kkale&#8217;de iki y\u0131l \u00f6nce bacaklar\u0131ndan vurdu\u011fu husumetlisinin silahl\u0131 sald\u0131r\u0131s\u0131na u\u011frayan \u015fah\u0131s, bir s\u00fcredir tedavi g\u00f6rd\u00fc\u011f\u00fc hastanede hayat\u0131n\u0131 kaybetti.<\/p>\n<p>Olay, 8 Haziran&#8217;da Kaletepe Mahallesi\u00a0Ey\u00fcp Sultan Camii\u00a0\u00f6n\u00fcnde meydana geldi. Edinilen bilgiye g\u00f6re, iki y\u0131l \u00f6nce pompal\u0131 t\u00fcfekle yaralad\u0131\u011f\u0131 H.M. ile aras\u0131nda husumet bulunan M.\u00d6., sokak ortas\u0131nda silahl\u0131 sald\u0131r\u0131ya u\u011frad\u0131. H.M., tabancayla Muhammed \u00d6zdo\u011fan&#8217;a defalarca ate\u015f etti. V\u00fccuduna 4 kur\u015fun isabet eden \u00d6zdo\u011fan, a\u011f\u0131r yaral\u0131 olarak hastaneye kald\u0131r\u0131ld\u0131.<\/p>\n<p>Hastanede tedavi g\u00f6ren Muhammed \u00d6zdo\u011fan, doktorlar\u0131n t\u00fcm m\u00fcdahalelerine ra\u011fmen hayat\u0131n\u0131 kaybetti.\u00a0Cinayet\u00a0B\u00fcro Amirli\u011fi ekipleri taraf\u0131ndan k\u0131sa s\u00fcrede yakalanan \u015f\u00fcpheli H.M. ise \u00e7\u0131kar\u0131ld\u0131\u011f\u0131 mahkemece tutukland\u0131.<\/p>\n<\/div>\n<\/div>\n<p><strong>KAYNAK:SONDAK\u0130KA<\/strong><\/p>\n","protected":false},"excerpt":{"rendered":"<p>Husumetli oldu\u011fu ki\u015finin sald\u0131r\u0131s\u0131na u\u011frayan Muhammed \u00d6zdo\u011fan, hastanede ya\u015fam\u0131n\u0131 yitirdi. K\u0131r\u0131kkale&#8217;de iki y\u0131l \u00f6nce bacaklar\u0131ndan vurdu\u011fu husumetlisinin silahl\u0131 sald\u0131r\u0131s\u0131na u\u011frayan \u015fah\u0131s, bir s\u00fcredir tedavi g\u00f6rd\u00fc\u011f\u00fc hastanede hayat\u0131n\u0131 kaybetti. Olay, 8 Haziran&#8217;da Kaletepe Mahallesi\u00a0Ey\u00fcp Sultan Camii\u00a0\u00f6n\u00fcnde meydana geldi. Edinilen bilgiye g\u00f6re, iki y\u0131l \u00f6nce pompal\u0131 t\u00fcfekle yaralad\u0131\u011f\u0131 H.M. ile aras\u0131nda husumet bulunan M.\u00d6., sokak ortas\u0131nda silahl\u0131 [&hellip;]<\/p>\n","protected":false},"author":1,"featured_media":2742,"comment_status":"closed","ping_status":"closed","sticky":false,"template":"","format":"standard","meta":{"footnotes":""},"categories":[7,39],"tags":[60,175,148,71,332],"class_list":["post-2741","post","type-post","status-publish","format-standard","has-post-thumbnail","hentry","category-gundem","category-haber","tag-cinayet","tag-guvenlik","tag-hukuk","tag-suc","tag-politika"],"_links":{"self":[{"href":"https:\/\/avukatimtv.com\/index.php\/wp-json\/wp\/v2\/posts\/2741","targetHints":{"allow":["GET"]}}],"collection":[{"href":"https:\/\/avukatimtv.com\/index.php\/wp-json\/wp\/v2\/posts"}],"about":[{"href":"https:\/\/avukatimtv.com\/index.php\/wp-json\/wp\/v2\/types\/post"}],"author":[{"embeddable":true,"href":"https:\/\/avukatimtv.com\/index.php\/wp-json\/wp\/v2\/users\/1"}],"replies":[{"embeddable":true,"href":"https:\/\/avukatimtv.com\/index.php\/wp-json\/wp\/v2\/comments?post=2741"}],"version-history":[{"count":1,"href":"https:\/\/avukatimtv.com\/index.php\/wp-json\/wp\/v2\/posts\/2741\/revisions"}],"predecessor-version":[{"id":2743,"href":"https:\/\/avukatimtv.com\/index.php\/wp-json\/wp\/v2\/posts\/2741\/revisions\/2743"}],"wp:featuredmedia":[{"embeddable":true,"href":"https:\/\/avukatimtv.com\/index.php\/wp-json\/wp\/v2\/media\/2742"}],"wp:attachment":[{"href":"https:\/\/avukatimtv.com\/index.php\/wp-json\/wp\/v2\/media?parent=2741"}],"wp:term":[{"taxonomy":"category","embeddable":true,"href":"https:\/\/avukatimtv.com\/index.php\/wp-json\/wp\/v2\/categories?post=2741"},{"taxonomy":"post_tag","embeddable":true,"href":"https:\/\/avukatimtv.com\/index.php\/wp-json\/wp\/v2\/tags?post=2741"}],"curies":[{"name":"wp","href":"https:\/\/api.w.org\/{rel}","templated":true}]}}