{"id":2744,"date":"2025-06-11T18:51:25","date_gmt":"2025-06-11T15:51:25","guid":{"rendered":"https:\/\/avukatimtv.com\/?p=2744"},"modified":"2025-06-11T18:51:25","modified_gmt":"2025-06-11T15:51:25","slug":"adanada-annelerini-bicaklayarak-oldurdu","status":"publish","type":"post","link":"https:\/\/avukatimtv.com\/index.php\/2025\/06\/11\/adanada-annelerini-bicaklayarak-oldurdu\/","title":{"rendered":"Adana&#8217;da Annelerini B\u0131\u00e7aklayarak \u00d6ld\u00fcrd\u00fc"},"content":{"rendered":"<div id=\"icerikAlani\" class=\"detay\" data-tuhps=\"18731712\">\n<h2 id=\"spot\" class=\"mt10 haber_ozet\">Adana&#8217;da bir adam, kebap\u00e7\u0131da \u00e7al\u0131\u015fan annesini b\u0131\u00e7aklayarak \u00f6ld\u00fcrd\u00fc, sonra yakaland\u0131.<\/h2>\n<\/div>\n<div class=\"news-detail-container\">\n<div class=\"left-block\">\n<div class=\"wrapper detay-v3_3 haber_metni\">Adana&#8217;da kebap\u00e7\u0131da \u00e7al\u0131\u015fan annesini bo\u011faz\u0131ndan ve v\u00fccudunun \u00e7e\u015fitli yerlerinden b\u0131\u00e7aklayarak \u00f6ld\u00fcren \u015f\u00fcpheli, polis taraf\u0131ndan yakaland\u0131.<br \/>\nOlay, merkez\u00a0Seyhan\u00a0il\u00e7esine ba\u011fl\u0131\u00a0G\u00fclbah\u00e7esi Mahallesi\u00a0Obalar Caddesi&#8217;nde meydana geldi. \u0130ddiaya g\u00f6re, bir kebap\u00e7\u0131da bula\u015f\u0131k\u00e7\u0131 olarak \u00e7al\u0131\u015fan Zukaa Mahmoud (44), her zamanki gibi erken saatte i\u015f yerine geldi. K\u0131sa bir s\u00fcre sonra d\u00fckkana gelen o\u011flu A.D. (24), tezgahtaki b\u0131\u00e7a\u011f\u0131 al\u0131p annesine sald\u0131rd\u0131. Annesini defalarca b\u0131\u00e7aklayan ve bo\u011faz\u0131n\u0131 kesen zanl\u0131, d\u00fckkandan ka\u00e7t\u0131. Sald\u0131r\u0131 seslerini duyan \u00e7evredekilerin ihbar\u0131 \u00fczerine olay yerine \u00e7ok say\u0131da polis ve sa\u011fl\u0131k ekibi sevk edildi. Sa\u011fl\u0131k ekipleri Zukka Mahmoud&#8217;un olay yerinde hayat\u0131n\u0131 kaybetti\u011fini belirledi. Annenin cans\u0131z bedeni otopsi i\u00e7in Adana Adli T\u0131p Kurumu morguna kald\u0131r\u0131ld\u0131.<br \/>\n\u0130l Emniyet M\u00fcd\u00fcrl\u00fc\u011f\u00fc\u00a0Asayi\u015f\u00a0\u015eube\u00a0Cinayet\u00a0B\u00fcro Amirli\u011fi ekipleri, \u015f\u00fcphelinin yakalanmas\u0131 i\u00e7in \u00e7al\u0131\u015fma yapt\u0131. Ekiplerin \u00e7al\u0131\u015fmas\u0131nda motosikletle ka\u00e7t\u0131\u011f\u0131 belirlenen zanl\u0131n\u0131n\u00a0S\u00fcmer Mahallesi&#8217;nde bir adreste oldu\u011fu belirlendi. Adrese bask\u0131n yapan polis A.D.&#8217;yi yakalayarak g\u00f6zalt\u0131na ald\u0131. A.D., ifadesi al\u0131nmas\u0131 i\u00e7in emniyete g\u00f6t\u00fcr\u00fcld\u00fc.<br \/>\nOlayla ilgili soru\u015fturma s\u00fcr\u00fcyor.<\/div>\n<\/div>\n<\/div>\n<div><\/div>\n<div><\/div>\n<div><\/div>\n<div><strong>KAYNAK:SONDAK\u0130KA<\/strong><\/div>\n","protected":false},"excerpt":{"rendered":"<p>Adana&#8217;da bir adam, kebap\u00e7\u0131da \u00e7al\u0131\u015fan annesini b\u0131\u00e7aklayarak \u00f6ld\u00fcrd\u00fc, sonra yakaland\u0131. Adana&#8217;da kebap\u00e7\u0131da \u00e7al\u0131\u015fan annesini bo\u011faz\u0131ndan ve v\u00fccudunun \u00e7e\u015fitli yerlerinden b\u0131\u00e7aklayarak \u00f6ld\u00fcren \u015f\u00fcpheli, polis taraf\u0131ndan yakaland\u0131. Olay, merkez\u00a0Seyhan\u00a0il\u00e7esine ba\u011fl\u0131\u00a0G\u00fclbah\u00e7esi Mahallesi\u00a0Obalar Caddesi&#8217;nde meydana geldi. \u0130ddiaya g\u00f6re, bir kebap\u00e7\u0131da bula\u015f\u0131k\u00e7\u0131 olarak \u00e7al\u0131\u015fan Zukaa Mahmoud (44), her zamanki gibi erken saatte i\u015f yerine geldi. K\u0131sa bir s\u00fcre sonra d\u00fckkana [&hellip;]<\/p>\n","protected":false},"author":1,"featured_media":2745,"comment_status":"closed","ping_status":"closed","sticky":false,"template":"","format":"standard","meta":{"footnotes":""},"categories":[7,39],"tags":[128,60,175,49,454,332,331],"class_list":["post-2744","post","type-post","status-publish","format-standard","has-post-thumbnail","hentry","category-gundem","category-haber","tag-adana","tag-cinayet","tag-guvenlik","tag-polis","tag-gulbahcesi-mahallesi","tag-politika","tag-yerel-haberler"],"_links":{"self":[{"href":"https:\/\/avukatimtv.com\/index.php\/wp-json\/wp\/v2\/posts\/2744","targetHints":{"allow":["GET"]}}],"collection":[{"href":"https:\/\/avukatimtv.com\/index.php\/wp-json\/wp\/v2\/posts"}],"about":[{"href":"https:\/\/avukatimtv.com\/index.php\/wp-json\/wp\/v2\/types\/post"}],"author":[{"embeddable":true,"href":"https:\/\/avukatimtv.com\/index.php\/wp-json\/wp\/v2\/users\/1"}],"replies":[{"embeddable":true,"href":"https:\/\/avukatimtv.com\/index.php\/wp-json\/wp\/v2\/comments?post=2744"}],"version-history":[{"count":1,"href":"https:\/\/avukatimtv.com\/index.php\/wp-json\/wp\/v2\/posts\/2744\/revisions"}],"predecessor-version":[{"id":2746,"href":"https:\/\/avukatimtv.com\/index.php\/wp-json\/wp\/v2\/posts\/2744\/revisions\/2746"}],"wp:featuredmedia":[{"embeddable":true,"href":"https:\/\/avukatimtv.com\/index.php\/wp-json\/wp\/v2\/media\/2745"}],"wp:attachment":[{"href":"https:\/\/avukatimtv.com\/index.php\/wp-json\/wp\/v2\/media?parent=2744"}],"wp:term":[{"taxonomy":"category","embeddable":true,"href":"https:\/\/avukatimtv.com\/index.php\/wp-json\/wp\/v2\/categories?post=2744"},{"taxonomy":"post_tag","embeddable":true,"href":"https:\/\/avukatimtv.com\/index.php\/wp-json\/wp\/v2\/tags?post=2744"}],"curies":[{"name":"wp","href":"https:\/\/api.w.org\/{rel}","templated":true}]}}