{"id":2747,"date":"2025-06-13T17:50:16","date_gmt":"2025-06-13T14:50:16","guid":{"rendered":"https:\/\/avukatimtv.com\/?p=2747"},"modified":"2025-06-13T17:50:16","modified_gmt":"2025-06-13T14:50:16","slug":"narin-guran-cinayetinde-temyiz-basvurusu","status":"publish","type":"post","link":"https:\/\/avukatimtv.com\/index.php\/2025\/06\/13\/narin-guran-cinayetinde-temyiz-basvurusu\/","title":{"rendered":"Narin G\u00fcran Cinayetinde Temyiz Ba\u015fvurusu"},"content":{"rendered":"<div id=\"icerikAlani\" class=\"detay\" data-tuhps=\"18737912\">\n<h2 id=\"spot\" class=\"mt10 haber_ozet\">Anne Y\u00fcksel G\u00fcran, cinayet cezas\u0131n\u0131n bozulmas\u0131 i\u00e7in Yarg\u0131tay&#8217;a ba\u015fvurdu.<\/h2>\n<\/div>\n<div class=\"news-detail-container\">\n<div class=\"left-block\">\n<div class=\"wrapper detay-v3_3 haber_metni\">\n<p>Diyarbak\u0131r&#8217;da 8 ya\u015f\u0131ndaki\u00a0Narin G\u00fcran\u00a0cinayetine ili\u015fkin anne Y\u00fcksel G\u00fcran&#8217;\u0131n avukat\u0131, karar\u0131n bozulmas\u0131 talebiyle\u00a0Yarg\u0131tay&#8217;a ba\u015fvurdu.<\/p>\n<p>Diyarbak\u0131r&#8217;da Narin G\u00fcran cinayetiyle ilgili anne Y\u00fcksel G\u00fcran&#8217;a ilk derece mahkemesince &#8220;i\u015ftirak halinde \u00e7ocu\u011fa kar\u015f\u0131 kasten \u00f6ld\u00fcrme&#8221; su\u00e7undan verilen a\u011f\u0131rla\u015ft\u0131r\u0131lm\u0131\u015f m\u00fcebbet hapis cezas\u0131na ili\u015fkin istinaf ba\u015fvurusunun reddedilmesi \u00fczerine karar\u0131n bozulmas\u0131 talebiyle Yarg\u0131tay&#8217;a ba\u015fvuruldu.<\/p>\n<p>Y\u00fcksel G\u00fcran&#8217;\u0131n avukat\u0131 Y\u0131lmaz Demiro\u011flu taraf\u0131ndan haz\u0131rlanan temyiz dilek\u00e7esinde, Diyarbak\u0131r B\u00f6lge Adliye Mahkemesi 1. Ceza Dairesince, 8. A\u011f\u0131r Ceza Mahkemesinin 28\u00a0Aral\u0131k\u00a02024&#8217;teki karar duru\u015fmas\u0131nda tutuklu san\u0131klar anne Y\u00fcksel, a\u011fabey Enes ve amca Salim G\u00fcran&#8217;a &#8220;i\u015ftirak halinde \u00e7ocu\u011fa kar\u015f\u0131 kasten \u00f6ld\u00fcrme&#8221; su\u00e7undan ayr\u0131 ayr\u0131 a\u011f\u0131rla\u015ft\u0131r\u0131lm\u0131\u015f m\u00fcebbet, Nevzat Bahtiyar&#8217;a ise &#8220;su\u00e7 delillerini yok etme, gizleme veya de\u011fi\u015ftirme&#8221; su\u00e7undan 4 y\u0131l 6 ay hapis cezas\u0131 verilmesine ili\u015fkin istinaf ba\u015fvurular\u0131n\u0131n incelenerek karar\u0131n hukuka uygun bulundu\u011fu hat\u0131rlat\u0131ld\u0131.<\/p>\n<p>Yarg\u0131tay&#8217;a g\u00f6nderilmek \u00fczere, 1. Ceza Dairesine sunulan temyiz dilek\u00e7esinde, &#8220;M\u00fcvekkilim hakk\u0131ndaki mahkumiyet karar\u0131 ve istinaf ba\u015fvurusunun esastan reddine ili\u015fkin h\u00fckm\u00fcn usul ve yasaya ayk\u0131r\u0131 olmas\u0131 nedeniyle bozulmas\u0131na karar verilmesini arz ve talep ediyorum. Karar\u0131n hukuka, usul ve yasaya ayk\u0131r\u0131 olmas\u0131 nedeniyle temyiz incelemesinin duru\u015fmal\u0131 yap\u0131lmas\u0131n\u0131, temyiz ba\u015fvurumuzun kabul\u00fc ile h\u00fckm\u00fcn bozulmas\u0131n\u0131, dosyadaki mevcut delil durumu, olay\u0131n olu\u015f \u015fekli, san\u0131k anne y\u00f6n\u00fcnden kuvvetli su\u00e7 \u015f\u00fcphesini g\u00f6steren delil bulunmad\u0131\u011f\u0131 g\u00f6zetilerek m\u00fcvekkilimin tahliyesine karar verilmesini talep ediyorum&#8221; ifadeleri yer ald\u0131.<\/p>\n<p>Diyarbak\u0131r B\u00f6lge Adliye Mahkemesi 1. Ceza Dairesi, ilk derece mahkemesinin 4 san\u0131k i\u00e7in verdi\u011fi hapis cezalar\u0131n\u0131 oy \u00e7oklu\u011fuyla hukuka uygun bulmu\u015ftu. 1. Ceza Dairesi, istinaf ba\u015fvurular\u0131n\u0131n ayr\u0131 ayr\u0131 reddine, san\u0131klar\u0131n tutukluluk hallerinin devam\u0131na karar vermi\u015fti.<\/p>\n<\/div>\n<\/div>\n<\/div>\n<p><strong>KAYNAK:SONDAK\u0130KA<\/strong><\/p>\n","protected":false},"excerpt":{"rendered":"<p>Anne Y\u00fcksel G\u00fcran, cinayet cezas\u0131n\u0131n bozulmas\u0131 i\u00e7in Yarg\u0131tay&#8217;a ba\u015fvurdu. Diyarbak\u0131r&#8217;da 8 ya\u015f\u0131ndaki\u00a0Narin G\u00fcran\u00a0cinayetine ili\u015fkin anne Y\u00fcksel G\u00fcran&#8217;\u0131n avukat\u0131, karar\u0131n bozulmas\u0131 talebiyle\u00a0Yarg\u0131tay&#8217;a ba\u015fvurdu. Diyarbak\u0131r&#8217;da Narin G\u00fcran cinayetiyle ilgili anne Y\u00fcksel G\u00fcran&#8217;a ilk derece mahkemesince &#8220;i\u015ftirak halinde \u00e7ocu\u011fa kar\u015f\u0131 kasten \u00f6ld\u00fcrme&#8221; su\u00e7undan verilen a\u011f\u0131rla\u015ft\u0131r\u0131lm\u0131\u015f m\u00fcebbet hapis cezas\u0131na ili\u015fkin istinaf ba\u015fvurusunun reddedilmesi \u00fczerine karar\u0131n bozulmas\u0131 talebiyle Yarg\u0131tay&#8217;a ba\u015fvuruldu. [&hellip;]<\/p>\n","protected":false},"author":1,"featured_media":2748,"comment_status":"closed","ping_status":"closed","sticky":false,"template":"","format":"standard","meta":{"footnotes":""},"categories":[7,39],"tags":[60,148,71,194,374,332],"class_list":["post-2747","post","type-post","status-publish","format-standard","has-post-thumbnail","hentry","category-gundem","category-haber","tag-cinayet","tag-hukuk","tag-suc","tag-yargitay","tag-narin-guran","tag-politika"],"_links":{"self":[{"href":"https:\/\/avukatimtv.com\/index.php\/wp-json\/wp\/v2\/posts\/2747","targetHints":{"allow":["GET"]}}],"collection":[{"href":"https:\/\/avukatimtv.com\/index.php\/wp-json\/wp\/v2\/posts"}],"about":[{"href":"https:\/\/avukatimtv.com\/index.php\/wp-json\/wp\/v2\/types\/post"}],"author":[{"embeddable":true,"href":"https:\/\/avukatimtv.com\/index.php\/wp-json\/wp\/v2\/users\/1"}],"replies":[{"embeddable":true,"href":"https:\/\/avukatimtv.com\/index.php\/wp-json\/wp\/v2\/comments?post=2747"}],"version-history":[{"count":1,"href":"https:\/\/avukatimtv.com\/index.php\/wp-json\/wp\/v2\/posts\/2747\/revisions"}],"predecessor-version":[{"id":2749,"href":"https:\/\/avukatimtv.com\/index.php\/wp-json\/wp\/v2\/posts\/2747\/revisions\/2749"}],"wp:featuredmedia":[{"embeddable":true,"href":"https:\/\/avukatimtv.com\/index.php\/wp-json\/wp\/v2\/media\/2748"}],"wp:attachment":[{"href":"https:\/\/avukatimtv.com\/index.php\/wp-json\/wp\/v2\/media?parent=2747"}],"wp:term":[{"taxonomy":"category","embeddable":true,"href":"https:\/\/avukatimtv.com\/index.php\/wp-json\/wp\/v2\/categories?post=2747"},{"taxonomy":"post_tag","embeddable":true,"href":"https:\/\/avukatimtv.com\/index.php\/wp-json\/wp\/v2\/tags?post=2747"}],"curies":[{"name":"wp","href":"https:\/\/api.w.org\/{rel}","templated":true}]}}