{"id":2750,"date":"2025-06-13T18:27:50","date_gmt":"2025-06-13T15:27:50","guid":{"rendered":"https:\/\/avukatimtv.com\/?p=2750"},"modified":"2025-06-13T18:27:50","modified_gmt":"2025-06-13T15:27:50","slug":"burdurda-cinayet-tulay-a-oz-savunma-iddiasinda","status":"publish","type":"post","link":"https:\/\/avukatimtv.com\/index.php\/2025\/06\/13\/burdurda-cinayet-tulay-a-oz-savunma-iddiasinda\/","title":{"rendered":"Burdur&#8217;da cinayet: T\u00fclay A. \u00f6z savunma iddias\u0131nda"},"content":{"rendered":"<div id=\"icerikAlani\" class=\"detay\" data-tuhps=\"18741888\">\n<h2 id=\"spot\" class=\"mt10 haber_ozet\">T\u00fclay A., evine gitti\u011fi kad\u0131n\u0131 b\u0131\u00e7aklayarak \u00f6ld\u00fcrd\u00fc. Olayla ilgili \u00fc\u00e7 ki\u015fi tutukland\u0131.<\/h2>\n<\/div>\n<div class=\"news-detail-container\">\n<div class=\"left-block\">\n<div class=\"wrapper detay-v3_3 haber_metni\">\n<p>Evine gitti\u011fi kad\u0131n\u0131 \u00e7\u0131kan tart\u0131\u015fma s\u0131ras\u0131nda b\u0131\u00e7aklayarak \u00f6ld\u00fcren T\u00fclay A. savc\u0131l\u0131kta verdi\u011fi ifadesinde &#8216;\u00d6zge b\u0131\u00e7akla sald\u0131rd\u0131, kendimi korumak istedim&#8217; derken, \u00f6len \u00d6zge Bedir&#8217;in e\u015fi Adnan B. ise &#8220;Her defas\u0131nda Seray&#8217;a kand\u0131m, evli oldu\u011fum halde ili\u015fkimiz yeniden ba\u015flad\u0131&#8221; diyerek olayla ilgisi olmad\u0131\u011f\u0131n\u0131 savundu.<\/p>\n<p>Burdur&#8217;un merkez\u00a0Ba\u011flar Mahallesi&#8217;nde 10 Haziran g\u00fcn\u00fc saat 21.00 s\u0131ralar\u0131nda meydana gelen olay, bir sitenin birinci kat\u0131nda kanl\u0131 bitti. 22 ya\u015f\u0131ndaki T\u00fclay A., arkada\u015f\u0131 Seray \u00d6. (25) ile birlikte daha \u00f6nce g\u00f6n\u00fcl ili\u015fkisi ya\u015fad\u0131\u011f\u0131 iddia edilen Adnan B.&#8217;nin (35) evine gitti. Site \u00f6n\u00fcnde bekleyen Seray \u00d6.&#8217;n\u00fcn aksine, T\u00fclay A. apartmana \u00e7\u0131karak Adnan&#8217;\u0131n e\u015fi \u00d6zge Bedir (35) ile g\u00f6r\u00fc\u015fmek istedi. Kap\u0131da ba\u015flayan tart\u0131\u015fma k\u0131sa s\u00fcrede kavgaya d\u00f6n\u00fc\u015ft\u00fc. \u0130ddiaya g\u00f6re T\u00fclay A., \u00e7\u0131kan arbedede Bedir&#8217;i bo\u011faz\u0131ndan ve karn\u0131ndan b\u0131\u00e7aklayarak olay yerinden ka\u00e7t\u0131.<\/p>\n<p>Bir s\u00fcre sonra Seray \u00d6. taraf\u0131ndan yap\u0131lan 112 ihbar\u0131yla olay yerine gelen polis, sa\u011fl\u0131k ve itfaiye ekipleri, kap\u0131y\u0131 a\u00e7t\u0131klar\u0131nda \u00d6zge Bedir&#8217;i evin koridorunda kanlar i\u00e7inde buldu. Sa\u011fl\u0131k ekiplerinin yapt\u0131\u011f\u0131 kontrolde Bedir&#8217;in hayat\u0131n\u0131 kaybetti\u011fi belirlendi. Bedir&#8217;in cenazesi otopsi i\u00e7in\u00a0Burdur Devlet Hastanesi\u00a0morguna kald\u0131r\u0131ld\u0131.<\/p>\n<p>&#8220;\u00d6zge b\u0131\u00e7akla sald\u0131rd\u0131, kendimi savundum&#8221;<\/p>\n<p>Olayla ilgili savc\u0131l\u0131\u011fa ifade veren T\u00fclay A., \u00f6ld\u00fcr\u00fclen \u00d6zge B.&#8217;nin, arkada\u015f\u0131 Seray \u00d6.&#8217;n\u00fcn sevgilisi Adnan B.&#8217;nin e\u015fi oldu\u011funu s\u00f6yledi. Olay g\u00fcn\u00fc Seray&#8217;a gelen tebligat \u00fczerine y\u00fcr\u00fcy\u00fc\u015fe \u00e7\u0131kt\u0131klar\u0131n\u0131, bu s\u0131rada Adnan&#8217;la yap\u0131lan telefon g\u00f6r\u00fc\u015fmesinde \u00d6zge&#8217;nin evde yaln\u0131z oldu\u011funun anla\u015f\u0131ld\u0131\u011f\u0131n\u0131 aktard\u0131. Konu\u015fmay\u0131 kendisinin yapmas\u0131na karar verildi\u011fini belirten T\u00fclay A., &#8220;Eve girer girmez \u00d6zge elindeki b\u0131\u00e7akla bana sald\u0131rd\u0131, ellerimi kesti. Kendimi savunmak i\u00e7in kar\u015f\u0131l\u0131k verdim. Bo\u011faz\u0131ndan kan geldi\u011fini g\u00f6rd\u00fcm. B\u0131\u00e7a\u011f\u0131 al\u0131p evden \u00e7\u0131kt\u0131m&#8221; dedi.<\/p>\n<p>&#8220;B\u0131\u00e7ak bana ait de\u011fildi, olay kendili\u011finden geli\u015fti&#8221;<\/p>\n<p>Olay sonras\u0131 \u015fok ge\u00e7irdi\u011fini ifade eden T\u00fclay A., ya\u015fananlar\u0131 Seray&#8217;a y\u00fcr\u00fcy\u00fc\u015f s\u0131ras\u0131nda par\u00e7a par\u00e7a anlatt\u0131\u011f\u0131n\u0131 ve daha sonra 112&#8217;ye haber verdiklerini s\u00f6yledi. &#8220;B\u0131\u00e7ak bana ait de\u011fildi, olay kendili\u011finden geli\u015fti&#8221; diyen T\u00fclay, tutuksuz yarg\u0131lanmak \u00fczere serbest b\u0131rak\u0131lmak istedi\u011fini belirtti.<\/p>\n<p>&#8220;Adnan, \u00d6zge&#8217;nin evde yaln\u0131z oldu\u011funu s\u00f6yledi&#8221;<\/p>\n<p>Cinayet\u00a0soru\u015fturmas\u0131nda g\u00f6zalt\u0131na al\u0131nan Seray \u00d6., savc\u0131l\u0131ktaki ifadesinde Adnan B. ile \u00fc\u00e7 y\u0131ld\u0131r g\u00f6n\u00fcl ili\u015fkisi ya\u015fad\u0131\u011f\u0131n\u0131, Adnan&#8217;\u0131n evli oldu\u011funu ili\u015fkinin ikinci y\u0131l\u0131nda \u00f6\u011frendi\u011fini belirtti. E\u015fi \u00d6zge Bedir&#8217;in ili\u015fkiyi kendisinin aramas\u0131 ve foto\u011fraf g\u00f6ndermesiyle \u00f6\u011frendi\u011fini s\u00f6yledi. Olay g\u00fcn\u00fc evine gelen tebligat sonras\u0131 Adnan ile g\u00f6r\u00fc\u015ft\u00fc\u011f\u00fcn\u00fc belirten Seray \u00d6., Adnan&#8217;\u0131n k\u0131z\u0131n\u0131 alarak evden \u00e7\u0131kt\u0131\u011f\u0131n\u0131 ve \u00d6zge&#8217;nin evde yaln\u0131z oldu\u011funu s\u00f6yledi\u011fini anlatt\u0131. Bu bilgi \u00fczerine arkada\u015f\u0131 T\u00fclay A. ile \u00d6zge&#8217;nin evine gittiklerini belirten Seray \u00d6., &#8220;Ben uzakta bekledim, konu\u015fmay\u0131 T\u00fclay yapacakt\u0131. K\u0131sa s\u00fcre sonra \u015fok i\u00e7inde geri d\u00f6nd\u00fc. Ellerinden kan geliyordu. \u00d6zge ile arbede ya\u015fand\u0131\u011f\u0131n\u0131, bo\u011faz\u0131ndan kan geldi\u011fini ama nefes ald\u0131\u011f\u0131n\u0131 s\u00f6yledi&#8221; dedi.<\/p>\n<p>Seray \u00d6., olay sonras\u0131 112&#8217;yi kendisinin arad\u0131\u011f\u0131n\u0131, \u00d6zge&#8217;nin adresini verdi\u011fini belirtti. T\u00fclay&#8217;\u0131n daha sonra k\u0131yafet de\u011fi\u015ftirdi\u011fini ve yan\u0131nda b\u0131\u00e7ak olup olmad\u0131\u011f\u0131n\u0131 bilmedi\u011fini ifade etti. Seray \u00d6., Adnan&#8217;\u0131n kendisine \u015fiddet uygulad\u0131\u011f\u0131n\u0131, g\u00f6n\u00fcl ili\u015fkisini zorla s\u00fcrd\u00fcrmeye \u00e7al\u0131\u015ft\u0131\u011f\u0131n\u0131 belirterek tutuksuz yarg\u0131lanmay\u0131 talep etti.<\/p>\n<p>&#8220;Seray&#8217;a kand\u0131m, ili\u015fki yeniden ba\u015flad\u0131&#8221;<\/p>\n<p>E\u015fi \u00d6zge Bedir&#8217;in \u00f6ld\u00fcr\u00fclmesine ili\u015fkin soru\u015fturmada ifade veren Adnan B., Seray \u00d6. ile bir y\u0131l s\u00fcren g\u00f6n\u00fcl ili\u015fkisi ya\u015fad\u0131klar\u0131n\u0131, ancak ili\u015fkiyi bitirmek istedi\u011fini s\u00f6yledi. Seray&#8217;\u0131n bu durumu kabul etmeyip e\u015fi \u00d6zge&#8217;ye ili\u015fkilerini anlatt\u0131\u011f\u0131n\u0131, sonras\u0131nda kendisine bask\u0131 yaparak ili\u015fkiyi s\u00fcrd\u00fcrmeye \u00e7al\u0131\u015ft\u0131\u011f\u0131n\u0131 belirtti. Zorla arabaya bindirme su\u00e7lamas\u0131yla 3 ay cezaevinde kald\u0131\u011f\u0131n\u0131, \u00e7\u0131kt\u0131ktan sonra Seray ve T\u00fclay&#8217;\u0131n \u00f6z\u00fcr dileyip tekrar ili\u015fkiye ba\u015flad\u0131klar\u0131n\u0131 anlatan Adnan B., olay g\u00fcn\u00fc t\u00fcm g\u00fcn tarlada oldu\u011funu, k\u0131z\u0131n\u0131 al\u0131p babaannesine b\u0131rakt\u0131ktan sonra tekrar \u00e7al\u0131\u015fmaya d\u00f6nd\u00fc\u011f\u00fcn\u00fc s\u00f6yledi. Seray&#8217;dan gelen mesaj \u00fczerine T\u00fclay&#8217;\u0131n evine gitti\u011fini, ancak kimseyi bulamad\u0131\u011f\u0131n\u0131 aktard\u0131. E\u015finin \u00f6l\u00fcm haberi abisinin telefonuyla \u00f6\u011frendi\u011fini belirten Adnan B., &#8220;Ben onlara \u00d6zge evde yaln\u0131z demedim, ben her defas\u0131nda Seray&#8217;\u0131n s\u00f6zlerine kand\u0131m ve ili\u015fkiye devam ettim&#8221; s\u00f6zleriyle olayla ilgisinin olmad\u0131\u011f\u0131n\u0131 savunarak tutuksuz yarg\u0131lanmay\u0131 talep etti.<\/p>\n<p>3 ki\u015fi tutukland\u0131, 1 ki\u015fi serbest b\u0131rak\u0131ld\u0131<\/p>\n<p>Emniyetteki i\u015flemlerinin ard\u0131ndan T\u00fclay A., Seray \u00d6. ve Adnan B., &#8220;kasten \u00f6ld\u00fcrme&#8221; su\u00e7lamas\u0131yla sevk edildikleri adliyede tutuklanarak cezaevine g\u00f6nderildi. Di\u011fer \u015f\u00fcpheli V.\u00d6. ise savc\u0131l\u0131ktaki ifadesinin ard\u0131ndan serbest b\u0131rak\u0131ld\u0131. Cinayet sonras\u0131 5 ya\u015f\u0131ndaki \u00e7ocu\u011fu ve hen\u00fcz 36 g\u00fcnl\u00fck bebe\u011fiyle geride kalan \u00d6zge Bedir&#8217;in cenazesi, Sultandere Mezarl\u0131\u011f\u0131&#8217;nda topra\u011fa verildi. Olayla ilgili geni\u015f \u00e7apl\u0131 soru\u015fturma s\u00fcr\u00fcyor.<\/p>\n<\/div>\n<\/div>\n<p><strong>KAYNAK:SONDAK\u0130KA<\/strong><\/p>\n<\/div>\n","protected":false},"excerpt":{"rendered":"<p>T\u00fclay A., evine gitti\u011fi kad\u0131n\u0131 b\u0131\u00e7aklayarak \u00f6ld\u00fcrd\u00fc. Olayla ilgili \u00fc\u00e7 ki\u015fi tutukland\u0131. Evine gitti\u011fi kad\u0131n\u0131 \u00e7\u0131kan tart\u0131\u015fma s\u0131ras\u0131nda b\u0131\u00e7aklayarak \u00f6ld\u00fcren T\u00fclay A. savc\u0131l\u0131kta verdi\u011fi ifadesinde &#8216;\u00d6zge b\u0131\u00e7akla sald\u0131rd\u0131, kendimi korumak istedim&#8217; derken, \u00f6len \u00d6zge Bedir&#8217;in e\u015fi Adnan B. ise &#8220;Her defas\u0131nda Seray&#8217;a kand\u0131m, evli oldu\u011fum halde ili\u015fkimiz yeniden ba\u015flad\u0131&#8221; diyerek olayla ilgisi olmad\u0131\u011f\u0131n\u0131 savundu. Burdur&#8217;un [&hellip;]<\/p>\n","protected":false},"author":1,"featured_media":2751,"comment_status":"closed","ping_status":"closed","sticky":false,"template":"","format":"standard","meta":{"footnotes":""},"categories":[7,39],"tags":[60,147,71,411,332,350],"class_list":["post-2750","post","type-post","status-publish","format-standard","has-post-thumbnail","hentry","category-gundem","category-haber","tag-cinayet","tag-mahkeme","tag-suc","tag-burdur","tag-politika","tag-son-dakika"],"_links":{"self":[{"href":"https:\/\/avukatimtv.com\/index.php\/wp-json\/wp\/v2\/posts\/2750","targetHints":{"allow":["GET"]}}],"collection":[{"href":"https:\/\/avukatimtv.com\/index.php\/wp-json\/wp\/v2\/posts"}],"about":[{"href":"https:\/\/avukatimtv.com\/index.php\/wp-json\/wp\/v2\/types\/post"}],"author":[{"embeddable":true,"href":"https:\/\/avukatimtv.com\/index.php\/wp-json\/wp\/v2\/users\/1"}],"replies":[{"embeddable":true,"href":"https:\/\/avukatimtv.com\/index.php\/wp-json\/wp\/v2\/comments?post=2750"}],"version-history":[{"count":1,"href":"https:\/\/avukatimtv.com\/index.php\/wp-json\/wp\/v2\/posts\/2750\/revisions"}],"predecessor-version":[{"id":2752,"href":"https:\/\/avukatimtv.com\/index.php\/wp-json\/wp\/v2\/posts\/2750\/revisions\/2752"}],"wp:featuredmedia":[{"embeddable":true,"href":"https:\/\/avukatimtv.com\/index.php\/wp-json\/wp\/v2\/media\/2751"}],"wp:attachment":[{"href":"https:\/\/avukatimtv.com\/index.php\/wp-json\/wp\/v2\/media?parent=2750"}],"wp:term":[{"taxonomy":"category","embeddable":true,"href":"https:\/\/avukatimtv.com\/index.php\/wp-json\/wp\/v2\/categories?post=2750"},{"taxonomy":"post_tag","embeddable":true,"href":"https:\/\/avukatimtv.com\/index.php\/wp-json\/wp\/v2\/tags?post=2750"}],"curies":[{"name":"wp","href":"https:\/\/api.w.org\/{rel}","templated":true}]}}