{"id":2754,"date":"2025-06-13T19:43:38","date_gmt":"2025-06-13T16:43:38","guid":{"rendered":"https:\/\/avukatimtv.com\/?p=2754"},"modified":"2025-06-13T19:43:38","modified_gmt":"2025-06-13T16:43:38","slug":"16-yasindaki-guldeni-30-bicak-darbesiyle-oldurdu-mahkemede-pismanim-dedi","status":"publish","type":"post","link":"https:\/\/avukatimtv.com\/index.php\/2025\/06\/13\/16-yasindaki-guldeni-30-bicak-darbesiyle-oldurdu-mahkemede-pismanim-dedi\/","title":{"rendered":"16 ya\u015f\u0131ndaki G\u00fclden&#8217;i 30 b\u0131\u00e7ak darbesiyle \u00f6ld\u00fcrd\u00fc, mahkemede &#8216;pi\u015fman\u0131m&#8217; dedi"},"content":{"rendered":"<div id=\"icerikAlani\" class=\"detay\" data-tuhps=\"18741535\">\n<h2 id=\"spot\" class=\"mt10 haber_ozet\">Edirne&#8217;de 16 ya\u015f\u0131ndaki G\u00fclden Coni&#8217;yi bulu\u015ftu\u011fu okulun bah\u00e7esinde 30 b\u0131\u00e7ak darbesiyle \u00f6ld\u00fcr\u00fclen 15 ya\u015f\u0131ndaki zanl\u0131 ilk duru\u015fmada &#8216;pi\u015fman\u0131m&#8217; dedi. Katledilen G\u00fclden Coni&#8217;nin ailesi ac\u0131lar\u0131n\u0131n \u00e7ok b\u00fcy\u00fck oldu\u011funu belirterek, san\u0131\u011f\u0131n en a\u011f\u0131r cezay\u0131 almas\u0131 \u00e7a\u011fr\u0131s\u0131nda bulundu.<\/h2>\n<\/div>\n<div class=\"news-detail-container\">\n<div class=\"left-block\">\n<div class=\"wrapper detay-v3_3 haber_metni\">\n<p>Edirne&#8217;de 5 Nisan&#8217;da bulu\u015ftu\u011fu okulun bah\u00e7esinde eski sevgilisi G\u00fclden Coni&#8217;yi 30 b\u0131\u00e7ak darbesiyle \u00f6ld\u00fcr\u00fclen 15 ya\u015f\u0131ndaki zanl\u0131n\u0131n yarg\u0131lanmas\u0131na ba\u015fland\u0131.<\/p>\n<h3>30 BI\u00c7AK DARBES\u0130YLE \u00d6LD\u00dcRD\u00dc, &#8216;P\u0130\u015eMANIM&#8217; DED\u0130<\/h3>\n<p>Edirne 3. A\u011f\u0131r Ceza Mahkemesi&#8217;nde g\u00f6r\u00fclen davan\u0131n ilk duru\u015fmas\u0131na tutuklu san\u0131k bulundu\u011fu cezaevinden SEGB\u0130S ba\u011flant\u0131s\u0131yla kat\u0131ld\u0131. San\u0131k, savunmas\u0131nda pi\u015fman oldu\u011funu belirterek, olaydan \u00f6nce ve sonra ya\u015fananlar\u0131 anlatt\u0131. Mahkeme heyeti, k\u0131sa bir aran\u0131n ard\u0131ndan duru\u015fmay\u0131 ileri bir tarihe erteleme karar\u0131 ald\u0131.<\/p>\n<h3>A\u0130LE EN A\u011eIR CEZAYI ALMASINI BEKL\u0130YOR<\/h3>\n<p>Duru\u015fman\u0131n ard\u0131ndan a\u00e7\u0131klamalarda bulunan G\u00fclden Coni&#8217;nin annesi Zehra Coni ve Babas\u0131 Sami Coni, ac\u0131lar\u0131n\u0131n \u00e7ok b\u00fcy\u00fck oldu\u011funu belirterek, san\u0131\u011f\u0131n en a\u011f\u0131r cezay\u0131 almas\u0131 \u00e7a\u011fr\u0131s\u0131nda bulundu. Ailenin avukat\u0131 \u00c7a\u011fr\u0131 Mu\u015ftu da, san\u0131\u011f\u0131n ifadelerinin \u00e7eli\u015fkili oldu\u011funu ve tahrik alt\u0131nda yapt\u0131\u011f\u0131n\u0131 y\u00f6n\u00fcnde ifadeler verdi\u011fini a\u00e7\u0131klad\u0131.<\/p>\n<\/div>\n<\/div>\n<p><strong>KAYNAK:SONDAK\u0130KA<\/strong><\/p>\n<\/div>\n","protected":false},"excerpt":{"rendered":"<p>Edirne&#8217;de 16 ya\u015f\u0131ndaki G\u00fclden Coni&#8217;yi bulu\u015ftu\u011fu okulun bah\u00e7esinde 30 b\u0131\u00e7ak darbesiyle \u00f6ld\u00fcr\u00fclen 15 ya\u015f\u0131ndaki zanl\u0131 ilk duru\u015fmada &#8216;pi\u015fman\u0131m&#8217; dedi. Katledilen G\u00fclden Coni&#8217;nin ailesi ac\u0131lar\u0131n\u0131n \u00e7ok b\u00fcy\u00fck oldu\u011funu belirterek, san\u0131\u011f\u0131n en a\u011f\u0131r cezay\u0131 almas\u0131 \u00e7a\u011fr\u0131s\u0131nda bulundu. Edirne&#8217;de 5 Nisan&#8217;da bulu\u015ftu\u011fu okulun bah\u00e7esinde eski sevgilisi G\u00fclden Coni&#8217;yi 30 b\u0131\u00e7ak darbesiyle \u00f6ld\u00fcr\u00fclen 15 ya\u015f\u0131ndaki zanl\u0131n\u0131n yarg\u0131lanmas\u0131na ba\u015fland\u0131. 30 [&hellip;]<\/p>\n","protected":false},"author":1,"featured_media":2755,"comment_status":"closed","ping_status":"closed","sticky":false,"template":"","format":"standard","meta":{"footnotes":""},"categories":[7,39],"tags":[60,148,147,262,455,332],"class_list":["post-2754","post","type-post","status-publish","format-standard","has-post-thumbnail","hentry","category-gundem","category-haber","tag-cinayet","tag-hukuk","tag-mahkeme","tag-siddet","tag-edirne","tag-politika"],"_links":{"self":[{"href":"https:\/\/avukatimtv.com\/index.php\/wp-json\/wp\/v2\/posts\/2754","targetHints":{"allow":["GET"]}}],"collection":[{"href":"https:\/\/avukatimtv.com\/index.php\/wp-json\/wp\/v2\/posts"}],"about":[{"href":"https:\/\/avukatimtv.com\/index.php\/wp-json\/wp\/v2\/types\/post"}],"author":[{"embeddable":true,"href":"https:\/\/avukatimtv.com\/index.php\/wp-json\/wp\/v2\/users\/1"}],"replies":[{"embeddable":true,"href":"https:\/\/avukatimtv.com\/index.php\/wp-json\/wp\/v2\/comments?post=2754"}],"version-history":[{"count":1,"href":"https:\/\/avukatimtv.com\/index.php\/wp-json\/wp\/v2\/posts\/2754\/revisions"}],"predecessor-version":[{"id":2756,"href":"https:\/\/avukatimtv.com\/index.php\/wp-json\/wp\/v2\/posts\/2754\/revisions\/2756"}],"wp:featuredmedia":[{"embeddable":true,"href":"https:\/\/avukatimtv.com\/index.php\/wp-json\/wp\/v2\/media\/2755"}],"wp:attachment":[{"href":"https:\/\/avukatimtv.com\/index.php\/wp-json\/wp\/v2\/media?parent=2754"}],"wp:term":[{"taxonomy":"category","embeddable":true,"href":"https:\/\/avukatimtv.com\/index.php\/wp-json\/wp\/v2\/categories?post=2754"},{"taxonomy":"post_tag","embeddable":true,"href":"https:\/\/avukatimtv.com\/index.php\/wp-json\/wp\/v2\/tags?post=2754"}],"curies":[{"name":"wp","href":"https:\/\/api.w.org\/{rel}","templated":true}]}}