{"id":2758,"date":"2025-06-14T18:21:51","date_gmt":"2025-06-14T15:21:51","guid":{"rendered":"https:\/\/avukatimtv.com\/?p=2758"},"modified":"2025-06-14T18:21:51","modified_gmt":"2025-06-14T15:21:51","slug":"narin-cinayetinde-gerekceli-karar-aile-olayin-aydinlatilmasini-engelledi","status":"publish","type":"post","link":"https:\/\/avukatimtv.com\/index.php\/2025\/06\/14\/narin-cinayetinde-gerekceli-karar-aile-olayin-aydinlatilmasini-engelledi\/","title":{"rendered":"Narin cinayetinde gerek\u00e7eli karar: Aile olay\u0131n ayd\u0131nlat\u0131lmas\u0131n\u0131 engelledi"},"content":{"rendered":"<div id=\"icerikAlani\" class=\"detay\" data-tuhps=\"18745678\">\n<h2 id=\"spot\" class=\"mt10 haber_ozet\">Diyarbak\u0131r&#8217;da \u00f6ld\u00fcr\u00fclen Narin G\u00fcran cinayetine ili\u015fkin 6&#8217;s\u0131 tutuklu, 3&#8217;\u00fc su\u00e7a s\u00fcr\u00fcklenen \u00e7ocuk olmak \u00fczere 15 san\u0131\u011f\u0131n &#8221;su\u00e7luyu kay\u0131rma&#8221; su\u00e7undan yarg\u0131land\u0131\u011f\u0131 davada verilen cezalara y\u00f6nelik gerek\u00e7eli karar tamamland\u0131. Kararda, &#8220;Ailenin organize \u015fekilde hareket ederek Narin&#8217;in bulunmas\u0131n\u0131, olay\u0131n ayd\u0131nlat\u0131lmas\u0131n\u0131 ve faillerin yakalanmas\u0131n\u0131 a\u00e7\u0131k\u00e7a engellemeye \u00e7al\u0131\u015ft\u0131\u011f\u0131 tespit edilmi\u015ftir&#8221; denildi.<\/h2>\n<\/div>\n<div class=\"news-detail-container\">\n<div class=\"left-block\">\n<div class=\"wrapper detay-v3_3 haber_metni\">\n<p>Diyarbak\u0131r&#8217;da \u00f6ld\u00fcr\u00fclen\u00a0Narin G\u00fcran\u00a0cinayetine ili\u015fkin 6&#8217;s\u0131 tutuklu, 3&#8217;\u00fc su\u00e7a s\u00fcr\u00fcklenen \u00e7ocuk olmak \u00fczere 15 san\u0131\u011f\u0131n &#8220;su\u00e7luyu kay\u0131rma&#8221; su\u00e7undan yarg\u0131land\u0131\u011f\u0131 davada, t\u00fcm san\u0131klara 1 y\u0131ldan 3 y\u0131l 5 aya kadar de\u011fi\u015fen s\u00fcrelerde verilen hapis cezas\u0131na y\u00f6nelik gerek\u00e7eli karar tamamland\u0131.<\/p>\n<p>Diyarbak\u0131r&#8217;\u0131n Merkez\u00a0Ba\u011flar\u00a0il\u00e7esine ba\u011fl\u0131 k\u0131rsal Tav\u015fantepe mahallesinde 21 A\u011fustos 2024 g\u00fcn\u00fc kaybolmas\u0131n\u0131n ard\u0131ndan cans\u0131z bedeni 19 g\u00fcn sonra 8\u00a0Eyl\u00fcl&#8217;de E\u011fertutmaz Deresi&#8217;nde cesedi bulunan 8 ya\u015f\u0131ndaki Narin G\u00fcran cinayetine ili\u015fkin\u00a0Diyarbak\u0131r Cumhuriyet Ba\u015fsavc\u0131l\u0131\u011f\u0131&#8217;nca ba\u015flat\u0131lan ikinci davan\u0131n soru\u015fturma sonucu 6&#8217;s\u0131 tutuklu, 3&#8217;\u00fc su\u00e7a s\u00fcr\u00fcklenen \u00e7ocuk olmak \u00fczere 15 ki\u015finin ceza ald\u0131\u011f\u0131 davaya y\u00f6nelik Diyarbak\u0131r 17.\u00a0Asliye Ceza Mahkemesi\u00a0taraf\u0131ndan gerek\u00e7eli karar\u0131n yaz\u0131m\u0131 tamamland\u0131.<\/p>\n<h3>TANIKLIKLARIN \u0130FADELER\u0130NE YER VER\u0130LD\u0130<\/h3>\n<p>San\u0131klar Birsen G\u00fcran, Fuat G\u00fcran, Ma\u015fallah G\u00fcran, Salim G\u00fcran&#8217;\u0131n i\u015f\u00e7isi Mehmet\u00a0Selim\u00a0Atasoy,\u00a0Mehmet \u015eevket\u00a0Kaya, Muhammed Kaya, \u015eeyma Kaya, Hediye G\u00fcran, \u0130brahim Halil G\u00fcran, Bar\u0131\u015f G\u00fcran, Kurtulu\u015f G\u00fcran ve \u00d6mer Faruk G\u00fcran ile su\u00e7a s\u00fcr\u00fcklenen \u00e7ocuklar R.A. (16), M.G. (16) ve \u0130.K. (17) hakk\u0131nda verilen hapis cezalar\u0131na ili\u015fkin gerek\u00e7eli kararda, san\u0131klar ve su\u00e7a s\u00fcr\u00fcklenen \u00e7ocuklar ile tan\u0131klar\u0131n ifadelerine yer verildi.<\/p>\n<h3>&#8220;ENES G\u00dcRAN \u0130\u00c7\u0130N \u00c7EL\u0130\u015eK\u0130L\u0130 \u0130FADE VERD\u0130&#8221;<\/h3>\n<p>Kararda, san\u0131k Hediye G\u00fcran&#8217;\u0131n tutarl\u0131 ifadelerinin bulunmad\u0131\u011f\u0131, Narin G\u00fcran cinayeti davas\u0131nda a\u011f\u0131rla\u015ft\u0131rm\u0131\u015f m\u00fcebbet hapis cezas\u0131 alan Narin&#8217;in a\u011fabeyi Enes G\u00fcran&#8217;\u0131 korumak amac\u0131yla uyudu\u011funa y\u00f6nelik \u00e7eli\u015fkili ifadeleri oldu\u011fu vurguland\u0131. Kararda, &#8220;Maktul Narin&#8217;in \u00f6ld\u00fcr\u00fclmesi eyleminin evde tamamland\u0131\u011f\u0131, bu nedenle Hediye G\u00fcran&#8217;\u0131n olaylar\u0131 gizlemek ve \u00f6ld\u00fcrme eylemini ger\u00e7ekle\u015ftirenlerin ara\u015ft\u0131r\u0131lmalar\u0131n\u0131 ve faillerin yakalanmas\u0131n\u0131 a\u00e7\u0131k\u00e7a engellemeye \u00e7al\u0131\u015fmak amac\u0131yla bu \u015fekilde beyanda bulundu\u011fu, b\u00f6ylece \u00fczerine at\u0131l\u0131 &#8216;su\u00e7luyu kay\u0131rma&#8217; su\u00e7unu i\u015fledi\u011fi sabittir&#8221; denildi.<\/p>\n<p>San\u0131k \u015eeyma Kaya ile ilgili yaz\u0131lan gerek\u00e7eli kararda ise, Kaya&#8217;n\u0131n \u00e7eli\u015fkili ve hayat\u0131n ola\u011fan ak\u0131\u015f\u0131na ayk\u0131r\u0131 beyanlar\u0131yla olay\u0131n ara\u015ft\u0131r\u0131lmas\u0131n\u0131 ve fail ya da faillerin yakalanmas\u0131n\u0131 a\u00e7\u0131k\u00e7a engellemeye \u00e7al\u0131\u015ft\u0131\u011f\u0131 belirlendi\u011fi kaydedildi.<\/p>\n<p>Birsen G\u00fcran ve Ma\u015fallah G\u00fcran ile su\u00e7a s\u00fcr\u00fcklenen \u00e7ocuk M.G&#8217;nin de \u00e7eli\u015fkili savunmalar yapt\u0131\u011f\u0131 ifadelerinin yer verildi\u011fi gerek\u00e7eli kararda, ailenin organize \u015fekilde hareket ederek \u00e7ocuklar\u0131n dahi bu \u015fekilde beyan vermelerini sa\u011flayarak Narin&#8217;in bulunmas\u0131n\u0131 ve olay\u0131n ayd\u0131nlat\u0131lmas\u0131n\u0131 engellemeye \u00e7al\u0131\u015ft\u0131klar\u0131n\u0131n anla\u015f\u0131ld\u0131\u011f\u0131 belirtildi.<\/p>\n<h3>&#8220;MEHMET SEL\u0130M AKSOY ASILSIZ \u0130HBARLARDA BULUNDU&#8221;<\/h3>\n<p>Gerek\u00e7eli kararda, \u015fu ifadelere yer verildi: &#8220;San\u0131k Mehmet Selim Atasoy \u00e7eli\u015fkili ve hayat\u0131n ola\u011fan ak\u0131\u015f\u0131na ayk\u0131r\u0131 beyanlar\u0131yla olay\u0131n ara\u015ft\u0131r\u0131lmas\u0131n\u0131 ve fail ya da faillerin yakalanmas\u0131n\u0131 a\u00e7\u0131k\u00e7a engellemeye \u00e7al\u0131\u015fm\u0131\u015ft\u0131r. Su\u00e7a s\u00fcr\u00fcklenen \u00e7ocuk R.A. ise daha \u00f6nceki beyanlar\u0131nda hi\u00e7 yer vermedi\u011fi hususlar\u0131 belirtmi\u015f olmas\u0131 kar\u015f\u0131s\u0131nda ba\u015f\u0131ndan itibaren bildi\u011fi durumlar\u0131 saklam\u0131\u015ft\u0131r. Her a\u015famada baz\u0131 hususlar\u0131 ekleyerek ya da baz\u0131 hususlar\u0131 saklayarak ya\u015fad\u0131klar\u0131n\u0131 ve g\u00f6rd\u00fcklerini a\u00e7\u0131k\u00e7a farkl\u0131 \u015fekilde yans\u0131tt\u0131\u011f\u0131n\u0131n g\u00f6r\u00fcld\u00fc\u011f\u00fc, \u00e7eli\u015fkili ve ayk\u0131r\u0131 beyanlar\u0131yla olay\u0131n ara\u015ft\u0131r\u0131lmas\u0131n\u0131 ve fail ya da faillerin yakalanmas\u0131n\u0131 a\u00e7\u0131k\u00e7a engellemeye \u00e7al\u0131\u015ft\u0131\u011f\u0131 tespit edilmi\u015ftir.&#8221;<\/p>\n<p>San\u0131k Mehmet \u015eevket Kaya&#8217;n\u0131n su\u00e7tan kurtulmaya y\u00f6nelik ifadelerde bulundu\u011fu ifade edilen kararda, san\u0131\u011f\u0131n yang\u0131n \u00e7\u0131karmaya \u00e7al\u0131\u015farak kolluk birimlerinin dikkatini farkl\u0131 noktaya \u00e7ekti\u011fi, as\u0131ls\u0131z ihbarlarda bulunarak ara\u015ft\u0131rmalar\u0131 farkl\u0131 mecralara y\u00f6nlendirdi\u011fi ve cinayet eylemini ger\u00e7ekle\u015ftiren faillere y\u00f6nelik ara\u015ft\u0131rma yap\u0131lmas\u0131n\u0131, olay\u0131n ara\u015ft\u0131r\u0131lmas\u0131n\u0131, fail ya da faillerin yakalanmas\u0131n\u0131 engellemeye \u00e7al\u0131\u015ft\u0131\u011f\u0131 kaydedildi.<\/p>\n<h3>&#8220;FUAT G\u00dcRAN TELEFON KAYITLARINI S\u0130LD\u0130&#8221;<\/h3>\n<p>San\u0131k Muhammed Kaya&#8217;n\u0131n savunmas\u0131n\u0131n su\u00e7tan kurtulmaya y\u00f6nelik olarak de\u011ferlendirildi\u011fi vurgulanan kararda, \u015funlar belirtildi: &#8220;Jandarma\u00a0personelinin defalarca arama ger\u00e7ekle\u015ftirdi\u011fi bir alanda bulmu\u015f oldu\u011funu iddia etti\u011fi terlik ile ilgili ilk a\u015famada hi\u00e7bir kolluk personeline bildirimde bulunmam\u0131\u015ft\u0131r. Numaras\u0131n\u0131 dahi kontrol etmeden Narin&#8217;e ait oldu\u011fu y\u00f6n\u00fcnde bir alg\u0131 yaratm\u0131\u015f, Suriyeli vatanda\u015flar\u0131n ya\u015fad\u0131\u011f\u0131 \u00e7ad\u0131rlar b\u00f6lgesinde buldu\u011funu s\u00f6yleyerek sanki Suriyeli vatanda\u015flar taraf\u0131ndan ger\u00e7ekle\u015fen bir eylem varm\u0131\u015f gibi g\u00f6stermeye \u00e7al\u0131\u015fm\u0131\u015f ve bu \u015fekilde ger\u00e7ek fail ya da faillerin yakalanmas\u0131na engel olmaya \u00e7al\u0131\u015fm\u0131\u015ft\u0131r.<\/p>\n<p>San\u0131k Bar\u0131\u015f G\u00fcran ise bir k\u0131z \u00e7ocu\u011funun iki erkek taraf\u0131ndan elinden tutularak zorla ka\u00e7\u0131r\u0131lmaya \u00e7al\u0131\u015f\u0131ld\u0131\u011f\u0131 \u015feklinde bildirimde bulunarak panik havas\u0131 yaratm\u0131\u015f, ara\u015ft\u0131rma faaliyetlerini farkl\u0131 y\u00f6ne \u00e7ekmeye \u00e7al\u0131\u015fm\u0131\u015ft\u0131r. San\u0131k Fuat G\u00fcran da jandarma personelini takip ederek arama faaliyetleriyle ilgili bilgi edinmeye \u00e7al\u0131\u015fm\u0131\u015ft\u0131r. Telefon ge\u00e7mi\u015fini silerek ve jandarma personeli dinleyip bilgi edinerek olay\u0131n ara\u015ft\u0131r\u0131lmas\u0131na engel olmaya, Narin&#8217;in \u00c7ar\u0131kl\u0131&#8217;da olabilece\u011fini s\u00f6yleyerek ara\u015ft\u0131rma faaliyetlerini farkl\u0131 y\u00f6ne \u00e7ekmeye \u00e7al\u0131\u015fm\u0131\u015ft\u0131r. San\u0131\u011f\u0131n savunmalar\u0131n\u0131n su\u00e7tan kurtulmaya y\u00f6nelik oldu\u011funu de\u011ferlendirilmi\u015ftir. Ailenin organize \u015fekilde hareket ederek Narin&#8217;in bulunmas\u0131n\u0131, olay\u0131n ayd\u0131nlat\u0131lmas\u0131n\u0131 ve faillerin yakalanmas\u0131n\u0131 a\u00e7\u0131k\u00e7a engellemeye \u00e7al\u0131\u015ft\u0131\u011f\u0131 tespit edilmi\u015ftir.&#8221;<\/p>\n<h3>&#8220;\u0130K\u0130 SANIK YANGIN \u00c7IKARMAYA \u00c7ALI\u015eTI&#8221;<\/h3>\n<p>San\u0131klar Kurtulu\u015f ve \u00d6mer Faruk G\u00fcran&#8217;\u0131n yang\u0131n \u00e7\u0131karmaya \u00e7al\u0131\u015ft\u0131klar\u0131n\u0131n tespit edildi\u011fi belirtilen kararda, san\u0131klar\u0131n savunmalar\u0131n\u0131n su\u00e7tan kurtulmaya y\u00f6nelik oldu\u011funun belirlendi\u011fi ifade edildi.<\/p>\n<p>Kurtulu\u015f ve \u00d6mer Faruk G\u00fcran&#8217;\u0131n ellerindeki \u00e7ubuklarla yang\u0131n \u00e7\u0131kard\u0131klar\u0131, bu esnada san\u0131k \u0130brahim Halil&#8217;in de takip etti\u011fi jandarma personelinin dikkatini farkl\u0131 y\u00f6nlere \u00e7ekerek olay\u0131n ara\u015ft\u0131r\u0131lmas\u0131n\u0131, fail ya da faillerin yakalanmas\u0131n\u0131 engellemeye \u00e7al\u0131\u015ft\u0131\u011f\u0131n\u0131n anla\u015f\u0131ld\u0131\u011f\u0131 kaydedildi.<\/p>\n<p>Su\u00e7a s\u00fcr\u00fcklenen \u00e7ocuk \u0130.K&#8217;nin \u00e7eli\u015fkili savunmalar yapt\u0131\u011f\u0131, cinayeti ger\u00e7ekle\u015ftirenlere y\u00f6nelik ara\u015ft\u0131rma yap\u0131lmas\u0131n\u0131 engelledi\u011fi aktar\u0131lan kararda, su\u00e7a s\u00fcr\u00fcklenen \u00e7ocu\u011fun verdi\u011fi ger\u00e7ek d\u0131\u015f\u0131 beyanla su\u00e7 i\u015fleyen ki\u015filerin ara\u015ft\u0131rmadan kurtulmalar\u0131na imkan sa\u011flad\u0131\u011f\u0131 ifade edildi.<\/p>\n<h3>&#8220;SU\u00c7LUYU KAYIRMA SU\u00c7UNU \u0130\u015eLED\u0130KLER\u0130 ANLA\u015eILMI\u015eTIR&#8221;<\/h3>\n<p>Kararda, \u015fu de\u011ferlendirmede bulunuldu:<\/p>\n<p>&#8220;Dosya kapsam\u0131nda bulunan soru\u015fturma ve kovu\u015fturma a\u015famas\u0131nda al\u0131nan t\u00fcm ifade i\u00e7erikleri, kolluk tutanaklar\u0131, tan\u0131k beyanlar\u0131, HTS kay\u0131tlar\u0131, kamera g\u00f6r\u00fcnt\u00fcleri, Diyarbak\u0131r 8. A\u011f\u0131r Ceza Mahkemesi&#8217;nin dosyas\u0131 ve t\u00fcm ana dosya kapsam\u0131 ile birlikte de\u011ferlendirilmi\u015ftir. San\u0131klar verdikleri ger\u00e7ek d\u0131\u015f\u0131 beyanlarla, tutanak i\u00e7eriklerinde bulundu\u011fu \u015fekilde yang\u0131n \u00e7\u0131kararak, jandarma personelini takip ederek ve dinleyerek, jandarma personelini y\u00f6nlendirici as\u0131ls\u0131z ihbarlarda bulunarak, telefon kay\u0131tlar\u0131n\u0131 silerek su\u00e7 i\u015fleyen ki\u015filerin ara\u015ft\u0131rmadan kurtulmalar\u0131na imkan sa\u011flam\u0131\u015ft\u0131r. San\u0131klar\u0131n ortak saikle hareket ederek \u00fczerlerine at\u0131l\u0131 &#8216;su\u00e7luyu kay\u0131rma&#8217; su\u00e7unu i\u015fledikleri anla\u015f\u0131lm\u0131\u015ft\u0131r. San\u0131klar Birsen, Ma\u015fallah ve Fuat G\u00fcran&#8217;\u0131n \u00fczerine at\u0131l\u0131 &#8216;su\u00e7luyu kay\u0131rma&#8217; su\u00e7unun sabit oldu\u011fu kanaatine var\u0131lm\u0131\u015f olmas\u0131, san\u0131klar\u0131n soru\u015fturma ve kovu\u015fturma a\u015famas\u0131nda tutuklulukta ge\u00e7irdi\u011fi s\u00fcre ve \u00fczerine at\u0131l\u0131 eylemin cezas\u0131n\u0131n niteli\u011fi, h\u00fckmedilen ceza miktar\u0131 g\u00f6z \u00f6n\u00fcne al\u0131nd\u0131\u011f\u0131nda tutuklaman\u0131n bu a\u015famada \u00f6l\u00e7\u00fcl\u00fc oldu\u011fu ve bu kapsamda adli kontrol\u00fcn yetersiz olaca\u011f\u0131 kanaatine var\u0131lm\u0131\u015f olmas\u0131 nedenleriyle san\u0131klar\u0131n h\u00fckmen tutukluluk halinin devam\u0131na karar verilmi\u015ftir.&#8221;<\/p>\n<\/div>\n<div class=\"wrapper detay-v3_3 detayNeOldu\">\n<h3 class=\"neolduh3\">NE OLMU\u015eTU?<\/h3>\n<p>Ba\u011flar il\u00e7esine ba\u011fl\u0131 k\u0131rsal Tav\u015fantepe Mahallesi&#8217;nde 21 A\u011fustos g\u00fcn\u00fc kaybolmas\u0131n\u0131n ard\u0131ndan, 19 g\u00fcn sonra 8 Eyl\u00fcl&#8217;de E\u011fertutmaz Deresi&#8217;nde cesedi bulunan 8 ya\u015f\u0131ndaki Narin G\u00fcran cinayetine ili\u015fkin a\u00e7\u0131lan davada 28\u00a0Aral\u0131k\u00a02024&#8217;te karar a\u00e7\u0131klanm\u0131\u015ft\u0131. &#8220;\u0130\u015ftirak halinde \u00e7ocu\u011fa kar\u015f\u0131 kasten \u00f6ld\u00fcrme&#8221; su\u00e7undan Narin&#8217;in annesi Y\u00fcksel G\u00fcran, amcas\u0131 Salim G\u00fcran ve a\u011fabeyi Enes G\u00fcran&#8217;a &#8220;a\u011f\u0131rla\u015ft\u0131r\u0131lm\u0131\u015f m\u00fcebbet hapis&#8221; cezas\u0131, Narin&#8217;in cans\u0131z bedenini dereye ta\u015f\u0131yan kom\u015fular\u0131 Nevzat Bahtiyar da &#8220;su\u00e7 delillerini yok etme, gizleme veya de\u011fi\u015ftirme&#8221; su\u00e7undan 4 y\u0131l 6 ay hapis cezas\u0131 verilmi\u015fti.<\/p>\n<p>Diyarbak\u0131r B\u00f6lge Adliye Mahkemesi 1.\u00a0Ceza Dairesi, Diyarbak\u0131r 8. A\u011f\u0131r Ceza Mahkemesi&#8217;nin Y\u00fcksel G\u00fcran, Salim G\u00fcran, Enes G\u00fcran ve Nevzat Bahtiyar hakk\u0131nda verilen hapis cezas\u0131 karar\u0131n\u0131 hukuka uygun bulmu\u015ftu.<\/p>\n<\/div>\n<\/div>\n<\/div>\n<p><strong>KAYNAK:SONDAK\u0130KA<\/strong><\/p>\n","protected":false},"excerpt":{"rendered":"<p>Diyarbak\u0131r&#8217;da \u00f6ld\u00fcr\u00fclen Narin G\u00fcran cinayetine ili\u015fkin 6&#8217;s\u0131 tutuklu, 3&#8217;\u00fc su\u00e7a s\u00fcr\u00fcklenen \u00e7ocuk olmak \u00fczere 15 san\u0131\u011f\u0131n &#8221;su\u00e7luyu kay\u0131rma&#8221; su\u00e7undan yarg\u0131land\u0131\u011f\u0131 davada verilen cezalara y\u00f6nelik gerek\u00e7eli karar tamamland\u0131. Kararda, &#8220;Ailenin organize \u015fekilde hareket ederek Narin&#8217;in bulunmas\u0131n\u0131, olay\u0131n ayd\u0131nlat\u0131lmas\u0131n\u0131 ve faillerin yakalanmas\u0131n\u0131 a\u00e7\u0131k\u00e7a engellemeye \u00e7al\u0131\u015ft\u0131\u011f\u0131 tespit edilmi\u015ftir&#8221; denildi. Diyarbak\u0131r&#8217;da \u00f6ld\u00fcr\u00fclen\u00a0Narin G\u00fcran\u00a0cinayetine ili\u015fkin 6&#8217;s\u0131 tutuklu, 3&#8217;\u00fc su\u00e7a s\u00fcr\u00fcklenen [&hellip;]<\/p>\n","protected":false},"author":1,"featured_media":2759,"comment_status":"closed","ping_status":"closed","sticky":false,"template":"","format":"standard","meta":{"footnotes":""},"categories":[7,39],"tags":[60,164,378,175,148,71,334,374,331],"class_list":["post-2758","post","type-post","status-publish","format-standard","has-post-thumbnail","hentry","category-gundem","category-haber","tag-cinayet","tag-cocuk","tag-diyarbakir","tag-guvenlik","tag-hukuk","tag-suc","tag-guncel","tag-narin-guran","tag-yerel-haberler"],"_links":{"self":[{"href":"https:\/\/avukatimtv.com\/index.php\/wp-json\/wp\/v2\/posts\/2758","targetHints":{"allow":["GET"]}}],"collection":[{"href":"https:\/\/avukatimtv.com\/index.php\/wp-json\/wp\/v2\/posts"}],"about":[{"href":"https:\/\/avukatimtv.com\/index.php\/wp-json\/wp\/v2\/types\/post"}],"author":[{"embeddable":true,"href":"https:\/\/avukatimtv.com\/index.php\/wp-json\/wp\/v2\/users\/1"}],"replies":[{"embeddable":true,"href":"https:\/\/avukatimtv.com\/index.php\/wp-json\/wp\/v2\/comments?post=2758"}],"version-history":[{"count":1,"href":"https:\/\/avukatimtv.com\/index.php\/wp-json\/wp\/v2\/posts\/2758\/revisions"}],"predecessor-version":[{"id":2760,"href":"https:\/\/avukatimtv.com\/index.php\/wp-json\/wp\/v2\/posts\/2758\/revisions\/2760"}],"wp:featuredmedia":[{"embeddable":true,"href":"https:\/\/avukatimtv.com\/index.php\/wp-json\/wp\/v2\/media\/2759"}],"wp:attachment":[{"href":"https:\/\/avukatimtv.com\/index.php\/wp-json\/wp\/v2\/media?parent=2758"}],"wp:term":[{"taxonomy":"category","embeddable":true,"href":"https:\/\/avukatimtv.com\/index.php\/wp-json\/wp\/v2\/categories?post=2758"},{"taxonomy":"post_tag","embeddable":true,"href":"https:\/\/avukatimtv.com\/index.php\/wp-json\/wp\/v2\/tags?post=2758"}],"curies":[{"name":"wp","href":"https:\/\/api.w.org\/{rel}","templated":true}]}}