{"id":2762,"date":"2025-06-14T18:38:31","date_gmt":"2025-06-14T15:38:31","guid":{"rendered":"https:\/\/avukatimtv.com\/?p=2762"},"modified":"2025-06-14T18:38:31","modified_gmt":"2025-06-14T15:38:31","slug":"aksarayda-kardes-cinayeti","status":"publish","type":"post","link":"https:\/\/avukatimtv.com\/index.php\/2025\/06\/14\/aksarayda-kardes-cinayeti\/","title":{"rendered":"Aksaray&#8217;da Karde\u015f Cinayeti"},"content":{"rendered":"<div id=\"icerikAlani\" class=\"detay\" data-tuhps=\"18744343\">\n<h2 id=\"spot\" class=\"mt10 haber_ozet\">Tart\u0131\u015fma sonras\u0131 ablas\u0131n\u0131 b\u0131\u00e7aklayarak \u00f6ld\u00fcren kad\u0131n tutukland\u0131, di\u011fer iki ki\u015fi serbest b\u0131rak\u0131ld\u0131.<\/h2>\n<\/div>\n<div class=\"news-detail-container\">\n<div class=\"left-block\">\n<div class=\"wrapper detay-v3_3 haber_metni\">\n<p>Aksaray&#8217;da \u00e7\u0131kan tart\u0131\u015fmada ablas\u0131n\u0131 b\u0131\u00e7aklayarak \u00f6ld\u00fcren, arkada\u015f\u0131n\u0131 da b\u0131\u00e7aklayarak yaralayan kad\u0131n tutuklan\u0131rken, g\u00f6zalt\u0131na al\u0131nan di\u011fer 2 ki\u015fi adli kontrol \u015fart\u0131yla serbest b\u0131rak\u0131ld\u0131.<\/p>\n<p>Olay, d\u00fcn gece saat 02.00 s\u0131ralar\u0131nda B\u00fcy\u00fck B\u00f6lcek Mahallesi B\u00fcy\u00fck B\u00f6lcek Caddesinde bulunan \u00c7al\u0131\u015fkan Apartman\u0131&#8217;n\u0131n giri\u015finde ya\u015fand\u0131. Edinilen bilgiye g\u00f6re, anneleri ayn\u0131 olan \u00fcvey karde\u015fler Figen\u00a0Bozkurt\u00a0(34) ile Ceylan \u0130lban (29) aralar\u0131ndaki husumet y\u00fcz\u00fcnden tart\u0131\u015ft\u0131. Olay daha sonra kavgaya d\u00f6n\u00fc\u015f\u00fcrken, Ceylan \u0130lban yan\u0131ndaki b\u0131\u00e7akla Figen Bozkurt&#8217;u g\u00f6\u011fs\u00fcnden, kavgay\u0131 ay\u0131rmak isteyen M.G.&#8217;yi (39) de kolundan b\u0131\u00e7aklad\u0131. A\u011f\u0131r yaralanan Figen Bozkurt kald\u0131r\u0131ld\u0131\u011f\u0131 hastanede hayat\u0131n\u0131 kaybetti. \u0130l Emniyet M\u00fcd\u00fcrl\u00fc\u011f\u00fc\u00a0Asayi\u015f\u00a0\u015eubesi\u00a0Cinayet\u00a0B\u00fcro Amirli\u011fi ekipleri Aksaray\u00a0Cumhuriyet Ba\u015fsavc\u0131l\u0131\u011f\u0131\u00a0koordinesinde ba\u015flatt\u0131\u011f\u0131 \u00e7al\u0131\u015fmada katil zanl\u0131s\u0131 Ceylan \u0130lban&#8217;\u0131 olaydan sonra evine gitti\u011fi C.\u0130. isimli kad\u0131n ve Y.B. isimli erkekle birlikte sabaha kar\u015f\u0131 evde yakalad\u0131. Emniyette i\u015flemleri tamamlanan Ceylan \u0130lban, Y.B. ve C.\u0130. Aksaray Adliyesine sevk edildi. Katil zanl\u0131s\u0131 Ceylan \u0130lban \u00e7\u0131kar\u0131ld\u0131\u011f\u0131 mahkemece tutuklanarak cezaevine g\u00f6nderilirken, Y.B. ve C.\u0130. adli kontrol \u015fart\u0131yla serbest b\u0131rak\u0131ld\u0131.<\/p>\n<\/div>\n<\/div>\n<p><strong>KAYNAK:SONDAK\u0130KA<\/strong><\/p>\n<\/div>\n","protected":false},"excerpt":{"rendered":"<p>Tart\u0131\u015fma sonras\u0131 ablas\u0131n\u0131 b\u0131\u00e7aklayarak \u00f6ld\u00fcren kad\u0131n tutukland\u0131, di\u011fer iki ki\u015fi serbest b\u0131rak\u0131ld\u0131. Aksaray&#8217;da \u00e7\u0131kan tart\u0131\u015fmada ablas\u0131n\u0131 b\u0131\u00e7aklayarak \u00f6ld\u00fcren, arkada\u015f\u0131n\u0131 da b\u0131\u00e7aklayarak yaralayan kad\u0131n tutuklan\u0131rken, g\u00f6zalt\u0131na al\u0131nan di\u011fer 2 ki\u015fi adli kontrol \u015fart\u0131yla serbest b\u0131rak\u0131ld\u0131. Olay, d\u00fcn gece saat 02.00 s\u0131ralar\u0131nda B\u00fcy\u00fck B\u00f6lcek Mahallesi B\u00fcy\u00fck B\u00f6lcek Caddesinde bulunan \u00c7al\u0131\u015fkan Apartman\u0131&#8217;n\u0131n giri\u015finde ya\u015fand\u0131. Edinilen bilgiye g\u00f6re, anneleri [&hellip;]<\/p>\n","protected":false},"author":1,"featured_media":2763,"comment_status":"closed","ping_status":"closed","sticky":false,"template":"","format":"standard","meta":{"footnotes":""},"categories":[7,39],"tags":[386,60,71,332,331],"class_list":["post-2762","post","type-post","status-publish","format-standard","has-post-thumbnail","hentry","category-gundem","category-haber","tag-aksaray","tag-cinayet","tag-suc","tag-politika","tag-yerel-haberler"],"_links":{"self":[{"href":"https:\/\/avukatimtv.com\/index.php\/wp-json\/wp\/v2\/posts\/2762","targetHints":{"allow":["GET"]}}],"collection":[{"href":"https:\/\/avukatimtv.com\/index.php\/wp-json\/wp\/v2\/posts"}],"about":[{"href":"https:\/\/avukatimtv.com\/index.php\/wp-json\/wp\/v2\/types\/post"}],"author":[{"embeddable":true,"href":"https:\/\/avukatimtv.com\/index.php\/wp-json\/wp\/v2\/users\/1"}],"replies":[{"embeddable":true,"href":"https:\/\/avukatimtv.com\/index.php\/wp-json\/wp\/v2\/comments?post=2762"}],"version-history":[{"count":1,"href":"https:\/\/avukatimtv.com\/index.php\/wp-json\/wp\/v2\/posts\/2762\/revisions"}],"predecessor-version":[{"id":2764,"href":"https:\/\/avukatimtv.com\/index.php\/wp-json\/wp\/v2\/posts\/2762\/revisions\/2764"}],"wp:featuredmedia":[{"embeddable":true,"href":"https:\/\/avukatimtv.com\/index.php\/wp-json\/wp\/v2\/media\/2763"}],"wp:attachment":[{"href":"https:\/\/avukatimtv.com\/index.php\/wp-json\/wp\/v2\/media?parent=2762"}],"wp:term":[{"taxonomy":"category","embeddable":true,"href":"https:\/\/avukatimtv.com\/index.php\/wp-json\/wp\/v2\/categories?post=2762"},{"taxonomy":"post_tag","embeddable":true,"href":"https:\/\/avukatimtv.com\/index.php\/wp-json\/wp\/v2\/tags?post=2762"}],"curies":[{"name":"wp","href":"https:\/\/api.w.org\/{rel}","templated":true}]}}