{"id":2768,"date":"2025-06-16T19:59:21","date_gmt":"2025-06-16T16:59:21","guid":{"rendered":"https:\/\/avukatimtv.com\/?p=2768"},"modified":"2025-06-16T19:59:21","modified_gmt":"2025-06-16T16:59:21","slug":"samsunda-kardes-cinayeti-iki-muebbet-hapis-istendi","status":"publish","type":"post","link":"https:\/\/avukatimtv.com\/index.php\/2025\/06\/16\/samsunda-kardes-cinayeti-iki-muebbet-hapis-istendi\/","title":{"rendered":"Samsun&#8217;da Karde\u015f Cinayeti: \u0130ki M\u00fcebbet Hapis \u0130stendi"},"content":{"rendered":"<div id=\"icerikAlani\" class=\"detay\" data-tuhps=\"18753699\">\n<h2 id=\"spot\" class=\"mt10 haber_ozet\">Samsun&#8217;da muhtarl\u0131k husumeti nedeniyle iki karde\u015fi \u00f6ld\u00fcren \u0130brahim A.&#8217;ya 2 kez m\u00fcebbet hapis istendi.<\/h2>\n<\/div>\n<div class=\"news-detail-container\">\n<div class=\"left-block\">\n<div class=\"wrapper detay-v3_3 haber_metni\">\n<p>Samsun&#8217;da muhtarl\u0131k se\u00e7imi husumetinden dolay\u0131 pompal\u0131 t\u00fcfekle 2 karde\u015fi \u00f6ld\u00fcren \u015fahs\u0131n yarg\u0131lanmas\u0131nda savc\u0131 taraf\u0131ndan verilen m\u00fctaalada 2 kez m\u00fcebbet hapsi istendi.<\/p>\n<p>Olay, Samsun&#8217;un\u00a0\u00c7ar\u015famba\u00a0il\u00e7esi Emirli Mahallesi&#8217;nde ge\u00e7en y\u0131l 14 Temmuz gecesi saat 23.45&#8217;te meydana geldi. Edinilen bilgiye g\u00f6re, \u0130brahim A. pompal\u0131 t\u00fcfekle\u00a0Eren K\u0131l\u0131\u00e7\u00a0(23) ve a\u011fabeyi\u00a0Emre K\u0131l\u0131\u00e7&#8217;a (31) pompal\u0131 t\u00fcfekle ate\u015f a\u00e7t\u0131. Olayda K\u0131l\u0131\u00e7 karde\u015flerin yan\u0131 s\u0131ra Zafer E.T. (20) ve G\u00f6khan \u0130. de yaraland\u0131. Yaralanan 4 ki\u015fi ambulanslarla \u00c7ar\u015famba Devlet Hastanesine kald\u0131r\u0131ld\u0131. A\u011f\u0131r yaralanan K\u0131l\u0131\u00e7 karde\u015fler yap\u0131lan m\u00fcdahalelere ra\u011fmen hayatlar\u0131n\u0131 kaybetti. Yaral\u0131lardan G\u00f6khan \u0130. ilk m\u00fcdahalesinin ard\u0131ndan Samsun E\u011fitim ve Ara\u015ft\u0131rma Hastanesine sevk edildi. Samsun&#8217;daki hastanede tedavi alt\u0131na al\u0131nan G\u00f6khan \u0130. daha sonra taburcu oldu. \u00c7ar\u015famba Devlet Hastanesi&#8217;nde tedavi alt\u0131na al\u0131nan di\u011fer yaral\u0131 Zafer E.T. de tedavisinin tamamlanmas\u0131n\u0131n ard\u0131ndan taburcu edildi. Her iki yaral\u0131 da jandarma taraf\u0131ndan g\u00f6zalt\u0131na al\u0131nd\u0131.\u00a0Jandarma\u00a0olayla ilgili Yusufhan T.&#8217;yi de g\u00f6zalt\u0131na ald\u0131.<\/p>\n<p>Jandarma ekipleri olaydan sonra ka\u00e7an silahl\u0131 sald\u0131rgan \u0130brahim A.&#8217;y\u0131 yakalad\u0131. Jandarmadaki sorgulamas\u0131 tamamlanan \u0130brahim A., G\u00f6khan \u0130., Zafer E.T. ve Yusufhan T. \u00c7ar\u015famba Adliyesine sevk edildi ve \u00e7\u0131kar\u0131ld\u0131klar\u0131 mahkemece tutuklanarak cezaevine g\u00f6nderildi. G\u00f6khan \u0130., Zafer E.T. ve Yusufhan T., daha sonra cezaevinden tahliye oldular. Tutuklu san\u0131k \u0130brahim A. ile tutuksuz olan G\u00f6khan \u0130., Zafer E.T. ve Yusufhan T. hakk\u0131nda \u00c7ar\u015famba A\u011f\u0131r Ceza Mahkemesinde dava a\u00e7\u0131ld\u0131. Davan\u0131n son duru\u015fmas\u0131na\u00a0K\u0131r\u015fehir\u00a0Kapal\u0131 Cezaevinden Sesli ve G\u00f6r\u00fcnt\u00fcl\u00fc Bili\u015fim Sistemi (SEGB\u0130S) ile ifade veren \u0130brahim A., &#8220;Ya\u015fanan olaydan dolay\u0131 \u00e7ok pi\u015fman\u0131m. Ke\u015fke b\u00f6yle olmasayd\u0131. Ancak bu olaya beni \u00e7a\u011f\u0131ran onlard\u0131. Beni burada darbettiler. Kendi kontrol\u00fcm\u00fc kaybettim ve eylemi ger\u00e7ekle\u015ftirmek zorunda kald\u0131m. Ben kendi can\u0131m\u0131 kurtard\u0131m. Me\u015fru m\u00fcdafaa s\u0131n\u0131rlar\u0131 kapsam\u0131nda eylem de\u011ferlendirilmelidir. Ya\u015fanan olaydan dolay\u0131 pi\u015fman\u0131m. Ke\u015fke ben \u00f6lseydim bu olay olmasayd\u0131. \u00c7ok k\u00f6t\u00fc durumday\u0131m, kendimi toparlayamad\u0131m. Kar\u015f\u0131 taraftan tekrardan \u00f6z\u00fcr diliyorum&#8221; dedi.<\/p>\n<p>Savc\u0131 m\u00fctaalas\u0131nda \u0130brahim A.&#8217;n\u0131n 2 karde\u015fi \u00f6ld\u00fcrmek su\u00e7undan 2 kez m\u00fcebbet hapis cezas\u0131na, tutuksuz 3 ki\u015finin de cinayete yard\u0131m etmekten 10&#8217;ar y\u0131l hapis cezas\u0131na \u00e7arpt\u0131r\u0131lmas\u0131n\u0131 talep etti. Duru\u015fma karar verilmek \u00fczere 3 Temmuz tarihine ertelendi. &#8211; SAMSUN<\/p>\n<\/div>\n<\/div>\n<p><strong>KAYNAK:SONDAK\u0130KA<\/strong><\/p>\n<\/div>\n","protected":false},"excerpt":{"rendered":"<p>Samsun&#8217;da muhtarl\u0131k husumeti nedeniyle iki karde\u015fi \u00f6ld\u00fcren \u0130brahim A.&#8217;ya 2 kez m\u00fcebbet hapis istendi. Samsun&#8217;da muhtarl\u0131k se\u00e7imi husumetinden dolay\u0131 pompal\u0131 t\u00fcfekle 2 karde\u015fi \u00f6ld\u00fcren \u015fahs\u0131n yarg\u0131lanmas\u0131nda savc\u0131 taraf\u0131ndan verilen m\u00fctaalada 2 kez m\u00fcebbet hapsi istendi. Olay, Samsun&#8217;un\u00a0\u00c7ar\u015famba\u00a0il\u00e7esi Emirli Mahallesi&#8217;nde ge\u00e7en y\u0131l 14 Temmuz gecesi saat 23.45&#8217;te meydana geldi. Edinilen bilgiye g\u00f6re, \u0130brahim A. pompal\u0131 t\u00fcfekle\u00a0Eren [&hellip;]<\/p>\n","protected":false},"author":1,"featured_media":2769,"comment_status":"closed","ping_status":"closed","sticky":false,"template":"","format":"standard","meta":{"footnotes":""},"categories":[7,39],"tags":[60,175,148,332,366,331],"class_list":["post-2768","post","type-post","status-publish","format-standard","has-post-thumbnail","hentry","category-gundem","category-haber","tag-cinayet","tag-guvenlik","tag-hukuk","tag-politika","tag-samsun","tag-yerel-haberler"],"_links":{"self":[{"href":"https:\/\/avukatimtv.com\/index.php\/wp-json\/wp\/v2\/posts\/2768","targetHints":{"allow":["GET"]}}],"collection":[{"href":"https:\/\/avukatimtv.com\/index.php\/wp-json\/wp\/v2\/posts"}],"about":[{"href":"https:\/\/avukatimtv.com\/index.php\/wp-json\/wp\/v2\/types\/post"}],"author":[{"embeddable":true,"href":"https:\/\/avukatimtv.com\/index.php\/wp-json\/wp\/v2\/users\/1"}],"replies":[{"embeddable":true,"href":"https:\/\/avukatimtv.com\/index.php\/wp-json\/wp\/v2\/comments?post=2768"}],"version-history":[{"count":1,"href":"https:\/\/avukatimtv.com\/index.php\/wp-json\/wp\/v2\/posts\/2768\/revisions"}],"predecessor-version":[{"id":2770,"href":"https:\/\/avukatimtv.com\/index.php\/wp-json\/wp\/v2\/posts\/2768\/revisions\/2770"}],"wp:featuredmedia":[{"embeddable":true,"href":"https:\/\/avukatimtv.com\/index.php\/wp-json\/wp\/v2\/media\/2769"}],"wp:attachment":[{"href":"https:\/\/avukatimtv.com\/index.php\/wp-json\/wp\/v2\/media?parent=2768"}],"wp:term":[{"taxonomy":"category","embeddable":true,"href":"https:\/\/avukatimtv.com\/index.php\/wp-json\/wp\/v2\/categories?post=2768"},{"taxonomy":"post_tag","embeddable":true,"href":"https:\/\/avukatimtv.com\/index.php\/wp-json\/wp\/v2\/tags?post=2768"}],"curies":[{"name":"wp","href":"https:\/\/api.w.org\/{rel}","templated":true}]}}