{"id":2772,"date":"2025-06-20T19:21:45","date_gmt":"2025-06-20T16:21:45","guid":{"rendered":"https:\/\/avukatimtv.com\/?p=2772"},"modified":"2025-06-20T19:21:45","modified_gmt":"2025-06-20T16:21:45","slug":"altin-icin-enseden-vurulan-kadin-hayatini-kaybetti","status":"publish","type":"post","link":"https:\/\/avukatimtv.com\/index.php\/2025\/06\/20\/altin-icin-enseden-vurulan-kadin-hayatini-kaybetti\/","title":{"rendered":"Alt\u0131n i\u00e7in Enseden Vurulan Kad\u0131n Hayat\u0131n\u0131 Kaybetti"},"content":{"rendered":"<div id=\"icerikAlani\" class=\"detay\" data-tuhps=\"18768605\">\n<h2 id=\"spot\" class=\"mt10 haber_ozet\">Adana&#8217;da 52 ya\u015f\u0131ndaki kad\u0131n, alt\u0131nlar\u0131 i\u00e7in vurularak a\u011f\u0131r yaraland\u0131, 151 g\u00fcn s\u00fcren ya\u015fam sava\u015f\u0131n\u0131 kaybetti.<\/h2>\n<\/div>\n<div class=\"news-detail-container\">\n<div class=\"left-block\">\n<div class=\"wrapper detay-v3_3 haber_metni\">\n<p>Adana&#8217;n\u0131n\u00a0Feke\u00a0il\u00e7esinde alt\u0131nlar\u0131 i\u00e7in evinde ensesinde vurulmu\u015f halde bulunan kad\u0131n 151 g\u00fcnl\u00fck ya\u015fam sava\u015f\u0131n\u0131 kaybetti. Katil, vurdu\u011fu kad\u0131n\u0131n alt\u0131nlar\u0131n\u0131\u00a0Gaziantep&#8217;te satarken Adana polisince yakalan\u0131p tutuklanm\u0131\u015ft\u0131.<\/p>\n<p>Olay, ge\u00e7en y\u0131l 22\u00a0Aral\u0131k&#8217;ta il\u00e7eye ba\u011fl\u0131\u00a0Karacao\u011flan\u00a0Mahallesi&#8217;nde saat 15.00&#8217;te meydana gelmi\u015fti. \u0130ddiaya g\u00f6re, evde tek ya\u015fayan M\u00fcyesser K\u0131z\u0131loluk (52) mutfakta ensesinden vurulmu\u015f halde kom\u015fular\u0131 taraf\u0131ndan bulundu. \u0130hbar \u00fczerine b\u00f6lgeye sa\u011fl\u0131k ve polis ekipleri sevk edildi. A\u011f\u0131r yaral\u0131 K\u0131z\u0131loluk \u00f6nce il\u00e7ede devlet hastanesine sonra da \u015fehir hastanesine sevk edildi. Burada yap\u0131lan m\u00fcdahaleler sonras\u0131nda \u00f6zel hastanede tedavisine devam edilen 52 ya\u015f\u0131ndaki kad\u0131n 151 g\u00fcnl\u00fck ya\u015fam sava\u015f\u0131n\u0131 kaybetti.<\/p>\n<p>Katil \u00f6zel g\u00fcvenlik g\u00f6revlisi \u00e7\u0131km\u0131\u015ft\u0131<\/p>\n<p>Olayla ilgili \u00e7al\u0131\u015fma ba\u015flatan \u0130l Emniyet M\u00fcd\u00fcrl\u00fc\u011f\u00fc\u00a0Asayi\u015f\u00a0\u015eube\u00a0Cinayet\u00a0B\u00fcro Amirli\u011fi ve Feke \u0130l\u00e7e Emniyet Amirli\u011fi ekipleri kamera kay\u0131tlar\u0131n\u0131 mercek alt\u0131na ald\u0131. Kay\u0131tlardan cinayet saatlerinde M.K.E. (37) adl\u0131 \u015f\u00fcpheli tespit edildi. \u00d6zel g\u00fcvenlik g\u00f6revlisi olan ve bir s\u00fcre \u00f6nce i\u015ften ayr\u0131ld\u0131\u011f\u0131n\u0131 belirleyen polis, \u015f\u00fcpheliyi teknik ve fiziki takibe ald\u0131. Ekiplerin \u00e7al\u0131\u015fmas\u0131 s\u0131ras\u0131nda \u015f\u00fcphelinin alt\u0131nlar\u0131 bozdurmaya Gaziantep&#8217;e gitti\u011fi belirlendi. Gaziantep&#8217;e 25 kilometre kala kulland\u0131\u011f\u0131 otomobil bozulan \u015f\u00fcpheli \u00e7ekiciyle sanayiler sitesine gitti. Buradan\u00a0\u015eahinbey\u00a0il\u00e7esine ba\u011fl\u0131 Alabey Mahallesi Hac\u0131 Veli Caddesi&#8217;ndeki kuyumcular\u0131n oldu\u011fu b\u00f6lgeye giden \u015f\u00fcpheli M.K.E., bir kuyumcuda K\u0131z\u0131loluk&#8217;tan \u00e7ald\u0131\u011f\u0131 25 ve 30 graml\u0131k bilezikleri bozdurdu. Paran\u0131n bir k\u0131sm\u0131n\u0131 nakit alan Ergen, bir k\u0131sm\u0131n\u0131 da banka hesab\u0131ndan alaca\u011f\u0131 s\u0131rada polislerin \u015fok bask\u0131n\u0131 ile yakaland\u0131. \u015e\u00fcphelinin yakalanma an\u0131 ise i\u015f yerinin g\u00fcvenlik kameras\u0131na anbean yans\u0131d\u0131.<\/p>\n<p>Alt\u0131n Gaziantep&#8217;te pahal\u0131 diye oraya satmaya gitmi\u015fti<\/p>\n<p>Cinayeti itiraf eden ve tabancan\u0131n da yerini g\u00f6steren \u015f\u00fcphelinin ifadesinde, &#8220;Kad\u0131n\u0131 tan\u0131yordum, alt\u0131nlar\u0131 oldu\u011funu biliyordum. Evinin \u00f6n\u00fcnden ge\u00e7iyordum, kap\u0131s\u0131 a\u00e7\u0131k g\u00f6r\u00fcnce i\u00e7eri girdim. Amac\u0131m h\u0131rs\u0131zl\u0131kt\u0131 sadece ama mutfakta kad\u0131n\u0131n sesi gelince arkas\u0131ndan ensesine tabancam ile ate\u015f a\u00e7t\u0131m. Sonra elindeki bilezikleri \u00e7al\u0131p ka\u00e7t\u0131m. Alt\u0131nlar ise Gaziantep&#8217;te daha pahal\u0131 oldu\u011fu i\u00e7in oraya bozdurmaya gittim. Maddi s\u0131k\u0131nt\u0131lar\u0131mdan dolay\u0131 yapt\u0131m&#8221; dedi\u011fi \u00f6\u011frenildi.<\/p>\n<p>21 Ocak&#8217;ta emniyetteki i\u015flemlerinin ard\u0131ndan adliyeye sevk edilen \u015f\u00fcpheli, &#8216;kasten \u00f6ld\u00fcrme&#8217;, &#8216;konut i\u00e7erisinde silahl\u0131 ya\u011fma&#8217; su\u00e7lar\u0131ndan \u00e7\u0131kar\u0131ld\u0131\u011f\u0131 mahkemece tutukland\u0131. &#8211; ADANA<\/p>\n<\/div>\n<\/div>\n<\/div>\n<p><strong>KAYNAK:SONDAK\u0130KA<\/strong><\/p>\n","protected":false},"excerpt":{"rendered":"<p>Adana&#8217;da 52 ya\u015f\u0131ndaki kad\u0131n, alt\u0131nlar\u0131 i\u00e7in vurularak a\u011f\u0131r yaraland\u0131, 151 g\u00fcn s\u00fcren ya\u015fam sava\u015f\u0131n\u0131 kaybetti. Adana&#8217;n\u0131n\u00a0Feke\u00a0il\u00e7esinde alt\u0131nlar\u0131 i\u00e7in evinde ensesinde vurulmu\u015f halde bulunan kad\u0131n 151 g\u00fcnl\u00fck ya\u015fam sava\u015f\u0131n\u0131 kaybetti. Katil, vurdu\u011fu kad\u0131n\u0131n alt\u0131nlar\u0131n\u0131\u00a0Gaziantep&#8217;te satarken Adana polisince yakalan\u0131p tutuklanm\u0131\u015ft\u0131. Olay, ge\u00e7en y\u0131l 22\u00a0Aral\u0131k&#8217;ta il\u00e7eye ba\u011fl\u0131\u00a0Karacao\u011flan\u00a0Mahallesi&#8217;nde saat 15.00&#8217;te meydana gelmi\u015fti. \u0130ddiaya g\u00f6re, evde tek ya\u015fayan M\u00fcyesser K\u0131z\u0131loluk [&hellip;]<\/p>\n","protected":false},"author":1,"featured_media":2773,"comment_status":"closed","ping_status":"closed","sticky":false,"template":"","format":"standard","meta":{"footnotes":""},"categories":[7,39],"tags":[128,60,243,175,204,71,189,456,332],"class_list":["post-2772","post","type-post","status-publish","format-standard","has-post-thumbnail","hentry","category-gundem","category-haber","tag-adana","tag-cinayet","tag-gaziantep","tag-guvenlik","tag-hirsizlik","tag-suc","tag-yargi","tag-feke","tag-politika"],"_links":{"self":[{"href":"https:\/\/avukatimtv.com\/index.php\/wp-json\/wp\/v2\/posts\/2772","targetHints":{"allow":["GET"]}}],"collection":[{"href":"https:\/\/avukatimtv.com\/index.php\/wp-json\/wp\/v2\/posts"}],"about":[{"href":"https:\/\/avukatimtv.com\/index.php\/wp-json\/wp\/v2\/types\/post"}],"author":[{"embeddable":true,"href":"https:\/\/avukatimtv.com\/index.php\/wp-json\/wp\/v2\/users\/1"}],"replies":[{"embeddable":true,"href":"https:\/\/avukatimtv.com\/index.php\/wp-json\/wp\/v2\/comments?post=2772"}],"version-history":[{"count":1,"href":"https:\/\/avukatimtv.com\/index.php\/wp-json\/wp\/v2\/posts\/2772\/revisions"}],"predecessor-version":[{"id":2774,"href":"https:\/\/avukatimtv.com\/index.php\/wp-json\/wp\/v2\/posts\/2772\/revisions\/2774"}],"wp:featuredmedia":[{"embeddable":true,"href":"https:\/\/avukatimtv.com\/index.php\/wp-json\/wp\/v2\/media\/2773"}],"wp:attachment":[{"href":"https:\/\/avukatimtv.com\/index.php\/wp-json\/wp\/v2\/media?parent=2772"}],"wp:term":[{"taxonomy":"category","embeddable":true,"href":"https:\/\/avukatimtv.com\/index.php\/wp-json\/wp\/v2\/categories?post=2772"},{"taxonomy":"post_tag","embeddable":true,"href":"https:\/\/avukatimtv.com\/index.php\/wp-json\/wp\/v2\/tags?post=2772"}],"curies":[{"name":"wp","href":"https:\/\/api.w.org\/{rel}","templated":true}]}}